{"id":31758,"date":"2025-10-31T10:37:21","date_gmt":"2025-10-31T13:37:21","guid":{"rendered":"https:\/\/diariotribuna.com.br\/?p=31758"},"modified":"2025-10-31T10:37:21","modified_gmt":"2025-10-31T13:37:21","slug":"linha-de-credito-da-fecomercio-mg-e-bdmg-impulsiona-micro-e-pequenas-empresas","status":"publish","type":"post","link":"https:\/\/diariotribuna.com.br\/?p=31758","title":{"rendered":"Linha de cr\u00e9dito da Fecom\u00e9rcio MG e BDMG impulsiona micro e pequenas empresas\u00a0"},"content":{"rendered":"<p><strong>Micro e pequenas empresas mineiras ganham nova linha de cr\u00e9dito com taxa a partir de 0,37% + Selic, prazo de at\u00e9 24 meses e 90 dias de car\u00eancia, em processo totalmente digital.<\/strong><\/p>\n<p>J\u00e1 est\u00e1 dispon\u00edvel uma <strong>nova linha de cr\u00e9dito exclusiva para micro e pequenas empresas<\/strong> dos setores de <strong>com\u00e9rcio, bens, servi\u00e7os e turismo de Minas Gerais<\/strong>, uma iniciativa conjunta da <strong>Fecom\u00e9rcio MG<\/strong> e do <strong>Banco de Desenvolvimento de Minas Gerais (BDMG)<\/strong>.<br \/>As condi\u00e7\u00f5es foram pensadas para <strong>facilitar o acesso ao capital de giro<\/strong>, especialmente neste per\u00edodo de fim de ano, quando muitos empreendedores enfrentam <strong>dificuldades para obter cr\u00e9dito em institui\u00e7\u00f5es tradicionais<\/strong>.<\/p>\n<p>De acordo com as novas regras, a <strong>taxa inicial \u00e9 de 0,37% ao m\u00eas + Selic<\/strong>, com <strong>prazo de pagamento de at\u00e9 24 meses<\/strong> e <strong>90 dias de car\u00eancia<\/strong>. A contrata\u00e7\u00e3o \u00e9 <strong>100% digital<\/strong> e est\u00e1 dispon\u00edvel para <strong>empresas de todos os 853 munic\u00edpios mineiros<\/strong>.<\/p>\n<p>O <strong>presidente da Fecom\u00e9rcio MG, Nadim Elias Donato Filho<\/strong>, ressalta que o cr\u00e9dito acess\u00edvel \u00e9 essencial para sustentar o dinamismo econ\u00f4mico do estado:<\/p>\n<p><em>\u201cCom as taxas de juros de mercado impeditivas \u00e0s pequenas empresas, \u00e9 fundamental oferecer esse tipo de acesso ao cr\u00e9dito. O grande motor da economia est\u00e1 justamente nas micro e pequenas empresas.\u201d<\/em><\/p>\n<p>Segundo dados do <strong>\u00cdndice de Confian\u00e7a do Empres\u00e1rio do Com\u00e9rcio (ICEC)<\/strong>, mesmo com a leve <strong>queda na confian\u00e7a dos empres\u00e1rios de Belo Horizonte em outubro<\/strong>, <strong>mais de 60% das empresas<\/strong> ainda demonstraram <strong>inten\u00e7\u00e3o de contratar novos colaboradores<\/strong> no fim do ano.<\/p>\n<p>A nova linha de cr\u00e9dito refor\u00e7a a <strong>estrat\u00e9gia de est\u00edmulo ao com\u00e9rcio e aos servi\u00e7os mineiros<\/strong>, permitindo que os empreendedores se <strong>preparem para o aumento da demanda<\/strong> ou <strong>reestruturem seus neg\u00f3cios<\/strong> \u2014 seja para <strong>refor\u00e7ar o estoque, modernizar o layout, contratar pessoal ou quitar d\u00edvidas<\/strong>.<\/p>\n<p>O processo \u00e9 simples: o empres\u00e1rio deve <strong>acessar o site do BDMG<\/strong>, informar o <strong>CNPJ<\/strong> e, <strong>se estiver cadastrado na Fecom\u00e9rcio MG<\/strong>, a <strong>taxa reduzida ser\u00e1 aplicada automaticamente<\/strong>.<\/p>\n<p>Atualmente, a <strong>Fecom\u00e9rcio MG<\/strong> representa <strong>mais de 750 mil empresas e 54 sindicatos<\/strong> em todo o estado, al\u00e9m de <strong>gerir o Sesc e o Senac em Minas Gerais<\/strong>. A institui\u00e7\u00e3o atua como <strong>porta-voz das demandas do setor produtivo<\/strong> e desenvolve <strong>iniciativas estrat\u00e9gicas<\/strong> para fortalecer o <strong>com\u00e9rcio, os servi\u00e7os e o turismo mineiro<\/strong>.<\/p>\n<p>Empresas interessadas devem <strong>verificar o cadastro de CNPJ<\/strong> no sistema da Fecom\u00e9rcio MG e <strong>realizar a simula\u00e7\u00e3o de cr\u00e9dito no site do BDMG<\/strong> o quanto antes, j\u00e1 que <strong>as condi\u00e7\u00f5es s\u00e3o v\u00e1lidas por tempo limitado<\/strong>. Planejar o uso do capital \u2014 seja em <strong>estoque, marketing, reformas ou contrata\u00e7\u00f5es<\/strong> \u2014 \u00e9 fundamental para aproveitar ao m\u00e1ximo essa oportunidade de crescimento.<\/p>\n\n<p><strong>Fonte:<\/strong> Wagner Fernando Liberato \u2013 Comunica\u00e7\u00e3o Fecom\u00e9rcio MG<\/p>\n<p>\u00a0<\/p>","protected":false},"excerpt":{"rendered":"<p>Micro e pequenas empresas mineiras ganham nova linha de cr\u00e9dito com taxa a partir de 0,37% + Selic, prazo de at\u00e9 24 meses e 90 dias de car\u00eancia, em processo totalmente digital. J\u00e1 est\u00e1 dispon\u00edvel uma nova linha de cr\u00e9dito exclusiva para micro e pequenas empresas dos setores de com\u00e9rcio, bens, servi\u00e7os e turismo de [&hellip;]<\/p>\n","protected":false},"author":0,"featured_media":31759,"comment_status":"open","ping_status":"open","sticky":false,"template":"","format":"standard","meta":{"rop_custom_images_group":[],"rop_custom_messages_group":[],"rop_publish_now":"initial","rop_publish_now_accounts":[],"rop_publish_now_history":[],"rop_publish_now_status":"pending","footnotes":""},"categories":[6745],"tags":[],"class_list":["post-31758","post","type-post","status-publish","format-standard","has-post-thumbnail","hentry","category-coluna-sindijori"],"_links":{"self":[{"href":"https:\/\/diariotribuna.com.br\/index.php?rest_route=\/wp\/v2\/posts\/31758"}],"collection":[{"href":"https:\/\/diariotribuna.com.br\/index.php?rest_route=\/wp\/v2\/posts"}],"about":[{"href":"https:\/\/diariotribuna.com.br\/index.php?rest_route=\/wp\/v2\/types\/post"}],"replies":[{"embeddable":true,"href":"https:\/\/diariotribuna.com.br\/index.php?rest_route=%2Fwp%2Fv2%2Fcomments&post=31758"}],"version-history":[{"count":0,"href":"https:\/\/diariotribuna.com.br\/index.php?rest_route=\/wp\/v2\/posts\/31758\/revisions"}],"wp:featuredmedia":[{"embeddable":true,"href":"https:\/\/diariotribuna.com.br\/index.php?rest_route=\/wp\/v2\/media\/31759"}],"wp:attachment":[{"href":"https:\/\/diariotribuna.com.br\/index.php?rest_route=%2Fwp%2Fv2%2Fmedia&parent=31758"}],"wp:term":[{"taxonomy":"category","embeddable":true,"href":"https:\/\/diariotribuna.com.br\/index.php?rest_route=%2Fwp%2Fv2%2Fcategories&post=31758"},{"taxonomy":"post_tag","embeddable":true,"href":"https:\/\/diariotribuna.com.br\/index.php?rest_route=%2Fwp%2Fv2%2Ftags&post=31758"}],"curies":[{"name":"wp","href":"https:\/\/api.w.org\/{rel}","templated":true}]}}