{"id":31760,"date":"2025-10-29T15:10:09","date_gmt":"2025-10-29T18:10:09","guid":{"rendered":"https:\/\/diariotribuna.com.br\/?p=31760"},"modified":"2025-10-29T15:10:09","modified_gmt":"2025-10-29T18:10:09","slug":"a-uniao-que-move-o-campo","status":"publish","type":"post","link":"https:\/\/diariotribuna.com.br\/?p=31760","title":{"rendered":"A uni\u00e3o que move o campo\u00a0"},"content":{"rendered":"<h3><span>FAEMG SENAR | Divulga\u00e7\u00e3o<\/span><\/h3>\n<p><em>Por Ant\u00f4nio Pitangui de Salvo, produtor rural, engenheiro agr\u00f4nomo e presidente do Sistema Faemg Senar<\/em><\/p>\n<p>Mais do que nunca, o <strong>agro mineiro<\/strong> tem demonstrado sua capacidade de <strong>uni\u00e3o, aprendizado e posicionamento firme<\/strong>. Nossos produtores compreendem o <strong>cen\u00e1rio em que est\u00e3o inseridos<\/strong> e o <strong>papel essencial que desempenham<\/strong> na engrenagem econ\u00f4mica e social do pa\u00eds. Essa consci\u00eancia \u00e9 resultado de um <strong>trabalho cont\u00ednuo de mobiliza\u00e7\u00e3o, capacita\u00e7\u00e3o e di\u00e1logo<\/strong>, que vem aproximando segmentos historicamente distantes e <strong>fortalecendo a representatividade do setor<\/strong>.<\/p>\n<p>Essa nova fase do agro pode ser ilustrada pelo <strong>sucesso da primeira edi\u00e7\u00e3o do Congresso Nacional da Carne<\/strong>. O encontro t\u00e9cnico, realizado em setembro deste ano para discutir o futuro da pecu\u00e1ria brasileira, contou com a participa\u00e7\u00e3o de <strong>cerca de duas mil pessoas<\/strong>, entre produtores, especialistas, lideran\u00e7as pol\u00edticas e representantes das <strong>27 federa\u00e7\u00f5es estaduais de agricultura e pecu\u00e1ria<\/strong>.<\/p>\n<p>Outro marco importante de mobiliza\u00e7\u00e3o foi o <strong>movimento \u201cMinas Grita pelo Leite\u201d<\/strong>, realizado em 2024, que reuniu <strong>aproximadamente 9 mil pecuaristas<\/strong> de todas as regi\u00f5es do estado em um \u00fanico dia para <strong>exigir medidas emergenciais em defesa da produ\u00e7\u00e3o leiteira nacional<\/strong>. O resultado foi uma s\u00e9rie de <strong>a\u00e7\u00f5es concretas e respostas governamentais<\/strong> que dificilmente seriam alcan\u00e7adas sem a <strong>for\u00e7a coletiva dos produtores<\/strong>.<\/p>\n<p>Da mesma forma, a expectativa em torno da <strong>Semana Internacional do Caf\u00e9 (SIC)<\/strong> \u2014 que acontecer\u00e1 nos dias <strong>5, 6 e 7 de novembro<\/strong>, no <strong>Expominas<\/strong>, em Belo Horizonte \u2014 refor\u00e7a o <strong>momento positivo vivido pelo agro mineiro<\/strong>. Somos <strong>l\u00edderes mundiais na produ\u00e7\u00e3o de caf\u00e9<\/strong>, respons\u00e1veis por cerca de <strong>47% da produ\u00e7\u00e3o brasileira<\/strong>. Nesse contexto, a SIC se consolida como um <strong>espa\u00e7o de di\u00e1logo, neg\u00f3cios e conex\u00e3o de toda a cadeia produtiva<\/strong>, contribuindo para <strong>valorizar a cafeicultura mineira<\/strong> e <strong>impulsionar o desenvolvimento dos nossos produtores<\/strong>.<\/p>\n<p>O <strong>Sistema Faemg Senar<\/strong> tem cumprido seu papel nesse processo. Atua com <strong>firmeza na defesa e no posicionamento do setor<\/strong>, <strong>construindo pontes entre produtores e institui\u00e7\u00f5es<\/strong>, e <strong>promovendo conhecimento t\u00e9cnico, gest\u00e3o e desenvolvimento<\/strong>. Se antes havia fragmenta\u00e7\u00e3o, com cadeias produtivas caminhando de forma isolada, hoje vivemos um tempo de <strong>organiza\u00e7\u00e3o, di\u00e1logo e uni\u00e3o<\/strong>. E quando cada segmento entende sua import\u00e2ncia, o setor conquista <strong>representatividade e capacidade real de influenciar pol\u00edticas, decis\u00f5es e mercados<\/strong>.<\/p>\n<p>Os desafios, por\u00e9m, permanecem. A atividade agropecu\u00e1ria ainda enfrenta <strong>press\u00f5es crescentes<\/strong> que exigem <strong>preparo, coes\u00e3o e clareza<\/strong> para garantir o <strong>direito de produzir com responsabilidade<\/strong>. O produtor precisa de <strong>seguran\u00e7a jur\u00eddica e estabilidade<\/strong> para continuar fazendo o que sabe t\u00e3o bem: <strong>produzir alimentos, gerar renda e movimentar a economia do pa\u00eds<\/strong>.<\/p>\n\n<p>Seguiremos firmes no prop\u00f3sito de <strong>unir e fortalecer as cadeias produtivas<\/strong>, <strong>treinando, posicionando e defendendo nossos produtores<\/strong>, para que tenham cada vez mais condi\u00e7\u00f5es de <strong>crescer, inovar e gerar resultados<\/strong> que beneficiem <strong>o campo, a cidade e toda a sociedade brasileira<\/strong>.<\/p>\n<p>\u00a0<\/p>","protected":false},"excerpt":{"rendered":"<p>FAEMG SENAR | Divulga\u00e7\u00e3o Por Ant\u00f4nio Pitangui de Salvo, produtor rural, engenheiro agr\u00f4nomo e presidente do Sistema Faemg Senar Mais do que nunca, o agro mineiro tem demonstrado sua capacidade de uni\u00e3o, aprendizado e posicionamento firme. Nossos produtores compreendem o cen\u00e1rio em que est\u00e3o inseridos e o papel essencial que desempenham na engrenagem econ\u00f4mica e [&hellip;]<\/p>\n","protected":false},"author":0,"featured_media":31761,"comment_status":"open","ping_status":"open","sticky":false,"template":"","format":"standard","meta":{"rop_custom_images_group":[],"rop_custom_messages_group":[],"rop_publish_now":"initial","rop_publish_now_accounts":[],"rop_publish_now_history":[],"rop_publish_now_status":"pending","footnotes":""},"categories":[6745],"tags":[],"class_list":["post-31760","post","type-post","status-publish","format-standard","has-post-thumbnail","hentry","category-coluna-sindijori"],"_links":{"self":[{"href":"https:\/\/diariotribuna.com.br\/index.php?rest_route=\/wp\/v2\/posts\/31760"}],"collection":[{"href":"https:\/\/diariotribuna.com.br\/index.php?rest_route=\/wp\/v2\/posts"}],"about":[{"href":"https:\/\/diariotribuna.com.br\/index.php?rest_route=\/wp\/v2\/types\/post"}],"replies":[{"embeddable":true,"href":"https:\/\/diariotribuna.com.br\/index.php?rest_route=%2Fwp%2Fv2%2Fcomments&post=31760"}],"version-history":[{"count":0,"href":"https:\/\/diariotribuna.com.br\/index.php?rest_route=\/wp\/v2\/posts\/31760\/revisions"}],"wp:featuredmedia":[{"embeddable":true,"href":"https:\/\/diariotribuna.com.br\/index.php?rest_route=\/wp\/v2\/media\/31761"}],"wp:attachment":[{"href":"https:\/\/diariotribuna.com.br\/index.php?rest_route=%2Fwp%2Fv2%2Fmedia&parent=31760"}],"wp:term":[{"taxonomy":"category","embeddable":true,"href":"https:\/\/diariotribuna.com.br\/index.php?rest_route=%2Fwp%2Fv2%2Fcategories&post=31760"},{"taxonomy":"post_tag","embeddable":true,"href":"https:\/\/diariotribuna.com.br\/index.php?rest_route=%2Fwp%2Fv2%2Ftags&post=31760"}],"curies":[{"name":"wp","href":"https:\/\/api.w.org\/{rel}","templated":true}]}}