{"id":31801,"date":"2025-11-05T12:11:52","date_gmt":"2025-11-05T15:11:52","guid":{"rendered":"https:\/\/diariotribuna.com.br\/?p=31801"},"modified":"2025-11-05T12:11:52","modified_gmt":"2025-11-05T15:11:52","slug":"divinopolis-tera-oncologia-pediatrica","status":"publish","type":"post","link":"https:\/\/diariotribuna.com.br\/?p=31801","title":{"rendered":"Divin\u00f3polis ter\u00e1 Oncologia Pedi\u00e1trica\u00a0"},"content":{"rendered":"<p><span>Foto: Divulga\u00e7\u00e3o<\/span><\/p>\n\n<p><strong><span>COLUNA MG<\/span><\/strong><\/p>\n<p><span>Principais destaques dos jornais e portais integrantes da rede Sindijori MG\u00a0<\/span><\/p>\n<p><span><a href=\"http:\/\/www.sindijorimg.com.br\/\">www.sindijorimg.com.br<\/a><\/span><\/p>\n<p><span><\/span><\/p>\n\n<p><strong><span>Divin\u00f3polis ter\u00e1 Oncologia Pedi\u00e1trica<\/span><\/strong><\/p>\n<p><span>A Associa\u00e7\u00e3o de Combate ao C\u00e2ncer do Centro-Oeste de Minas conseguiu a habilita\u00e7\u00e3o da Oncopediatria do Hospital do C\u00e2ncer de Divin\u00f3polis na Unidade de Assist\u00eancia de Alta Complexidade em Oncologia (Unacon). Na pr\u00e1tica, o Hospital do C\u00e2ncer passa a receber recursos federais para o custeio do servi\u00e7o, atualmente, feito pela Acom. A habilita\u00e7\u00e3o garante que crian\u00e7as e adolescentes diagnosticados com c\u00e2ncer possam realizar o tratamento perto de casa. Anteriormente, os pacientes precisavam se deslocar para Belo Horizonte at\u00e9 2021. (Portal Gerais \u2013 Divin\u00f3polis)<\/span><\/p>\n<p><span><a href=\"https:\/\/portalgerais.com\/divinopolis-conquista-habilitacao-da-oncopediatria-e-garante-verba-federal\/\">https:\/\/portalgerais.com\/divinopolis-conquista-habilitacao-da-oncopediatria-e-garante-verba-federal\/<\/a><\/span><\/p>\n<p><span><\/span><\/p>\n\n<p><strong><span>Al\u00e9m Para\u00edba ter\u00e1 carnaval de volta<\/span><\/strong><\/p>\n<p><span>O secret\u00e1rio municipal de Cultura e Lazer, Cassiano Teixeira, se reuniu com os representantes das escolas de samba de Al\u00e9m Para\u00edba para discutir os preparativos do Carnaval 2026, que promete marcar o retorno das agremia\u00e7\u00f5es \u00e0 avenida com grande estrutura e organiza\u00e7\u00e3o. Durante o encontro, Cassiano entregou a cada representante um documento elaborado pela Secretaria, contendo os itens m\u00ednimos obrigat\u00f3rios que dever\u00e3o ser apresentados pelas escolas no desfile de 2026. (Agora Jornais)<\/span><\/p>\n<p><span><a href=\"https:\/\/www.agorajornais.com.br\/noticia\/5840\/carnaval-2026-confirmado-escolas-de-samba-de-alem-paraiba-voltam-a-avenida-apos-seis-anos\">https:\/\/www.agorajornais.com.br\/noticia\/5840\/carnaval-2026-confirmado-escolas-de-samba-de-alem-paraiba-voltam-a-avenida-apos-seis-anos<\/a><\/span><\/p>\n<p><span><\/span><\/p>\n\n<p><strong><span>Norte \u00e9 f\u00e9rtil para o cacau<\/span><\/strong><\/p>\n<p><span>O Norte de Minas, regi\u00e3o de clima seco, altas temperaturas e pouca chuva, tornou-se terra f\u00e9rtil para o cultivo do cacau. Pesquisas desenvolvidas na Universidade Estadual de Minas Gerais (Unimontes), com apoio do Governo de Minas, por meio da Funda\u00e7\u00e3o de Amparo \u00e0 Pesquisa do Estado de Minas Gerais (Fapemig), indicam a consolida\u00e7\u00e3o de um polo produtor que pode se estender para al\u00e9m do semi\u00e1rido, incluindo as regi\u00f5es de cerrado.\u202f\u202fEstima-se 480 hectares ocupados com planta\u00e7\u00f5es de cacau em Minas, a expectativa \u00e9 que em 2026 essa \u00e1rea chegue a tr\u00eas mil hectares plantados. (Novo Jornal de Not\u00edcias).<\/span><\/p>\n<p><span><a href=\"https:\/\/novojornaldenoticias.com\/noticias\/tecnica-projeta-o-norte-de-minas-no-mercado-mundial\/\">https:\/\/novojornaldenoticias.com\/noticias\/tecnica-projeta-o-norte-de-minas-no-mercado-mundial\/<\/a><\/span><\/p>\n<p><span><\/span><\/p>\n\n<p><strong><span>Lafaiete no ranking das mais seguras<\/span><\/strong><\/p>\n<p><span>Conselheiro Lafaiete voltou a se destacar no cen\u00e1rio estadual ao ser reconhecida entre as tr\u00eas cidades mais seguras de Minas Gerais, segundo o Anu\u00e1rio 2025 Cidades Mais Seguras do Brasil. O levantamento, que considera apenas munic\u00edpios com mais de 100 mil habitantes, aponta que Lafaiete registrou 8,7 homic\u00eddios por 100 mil habitantes, consolidando um avan\u00e7o expressivo em rela\u00e7\u00e3o ao ranking anterior. A cidade saltou da 14\u00aa para a 3\u00aa coloca\u00e7\u00e3o entre os munic\u00edpios mineiros mais populosos. (Correio da Cidade)<\/span><\/p>\n<p><span><a href=\"https:\/\/www.jornalcorreiodacidade.com.br\/noticias\/44731-lafaiete-avanca-no-ranking-e-esta-entre-as-cidades-mais-seguras-de-minas-gerais\">https:\/\/www.jornalcorreiodacidade.com.br\/noticias\/44731-lafaiete-avanca-no-ranking-e-esta-entre-as-cidades-mais-seguras-de-minas-gerais<\/a><\/span><\/p>\n<p><span><\/span><\/p>\n\n<p><strong><span>G\u00e1s natural mais barato em Minas<\/span><\/strong><\/p>\n<p><span>Os consumidores mineiros pagam menos pelo g\u00e1s natural, ap\u00f3s nova redu\u00e7\u00e3o anunciada pelo Governo de Minas, por meio da Secretaria de Estado de Desenvolvimento Econ\u00f4mico (Sede-MG) e da Companhia de G\u00e1s de Minas Gerais (Gasmig). No setor industrial, a tarifa ter\u00e1 redu\u00e7\u00e3o de 5,13%. Para cogera\u00e7\u00e3o, a queda ser\u00e1 de 5,44%, enquanto os segmentos de G\u00e1s Natural Comprimido (GNC) e G\u00e1s Natural Liquefeito (GNL) ter\u00e3o diminui\u00e7\u00e3o m\u00e9dia de 6,57%. J\u00e1 o G\u00e1s Natural Veicular (GNV), usado em postos de combust\u00edveis, ficar\u00e1 4,38% mais barato. (Por Dentro de Minas)<\/span><\/p>\n<p><span><a href=\"https:\/\/pordentrodeminas.com.br\/noticias\/gerais\/2025\/11\/gas-natural-fica-mais-barato-em-minas-com-nova-reducao-nas-tarifas-da-gasmig\/?utm_source=whatsapp&amp;utm_medium=Refer%C3%AAncia&amp;utm_term=gerais\">https:\/\/pordentrodeminas.com.br\/noticias\/gerais\/2025\/11\/gas-natural-fica-mais-barato-em-minas-com-nova-reducao-nas-tarifas-da-gasmig\/?utm_source=whatsapp&amp;utm_medium=Refer%C3%AAncia&amp;utm_term=gerais<\/a><\/span><\/p>\n<p><span><\/span><\/p>\n\n<p><strong><span>30 mil pessoas na Flitabira<\/span><\/strong><\/p>\n<p><span>Com n\u00fameros expressivos, presen\u00e7as marcantes, debates inesquec\u00edveis e fluxo surpreendente de autores locais, a quinta edi\u00e7\u00e3o do Flitabira transcorreu com homenagens, tendo como estrela principal a Dona Rosinha, l\u00edder do Quilombo Morro Santo Ant\u00f4nio, que estreou na literatura, aos 66 anos, com o livro \u201cMem\u00f3rias do Meu Quilombo\u201d. O evento aconteceu entre os dias 29 de outubro, e 2 de novembro e passaram pelos diversos espa\u00e7os do Festival cerca de 30\u00a0 mil pessoas, espalhando arte e literatura com atividades gratuitas. (Itabira Not\u00edcias)<\/span><\/p>\n<p><span><a href=\"https:\/\/itabiranoticia.com.br\/flitabira-registra-30-mil-pessoas-e-programacao-impecavel-diversificada-e-consistente\/\">https:\/\/itabiranoticia.com.br\/flitabira-registra-30-mil-pessoas-e-programacao-impecavel-diversificada-e-consistente\/<\/a><\/span><\/p>\n<p><span><\/span><\/p>\n\n<p><strong><span>Itauense vence reality mec\u00e2nico\u00a0<\/span><\/strong><\/p>\n<p><span>Gerciandro Borges, de Jata\u00ed (GO), e Paulo Ricardo, de Ita\u00fa de Minas (MG), conhecido como Laranjinha, conquistaram o t\u00edtulo de melhores mec\u00e2nicos agr\u00edcolas do Brasil na terceira temporada do Master Mechanic, reality show da Massey Ferguson. Eles disputaram provas pr\u00e1ticas que exigiram conhecimento t\u00e9cnico avan\u00e7ado, agilidade e capacidade de diagn\u00f3stico em situa\u00e7\u00f5es reais de campo. Natural de Ita\u00fa de Minas (MG), o mec\u00e2nico Paulo Ricardo Mariano, 35 anos, conhecido entre colegas de trabalho e amigos como Laranjinha, \u00e9 casado e pai de tr\u00eas filhos. (Jornal da Regi\u00e3o)<\/span><\/p>\n<p><span><a href=\"https:\/\/www.jornaldaregiaoonline.com.br\/mecanico-de-itau-de-minas-conquista-primeiro-lugar-em-reality-show-e-embolsa-r25-mil\">https:\/\/www.jornaldaregiaoonline.com.br\/mecanico-de-itau-de-minas-conquista-primeiro-lugar-em-reality-show-e-embolsa-r25-mil<\/a><\/span><\/p>\n<p><span><\/span><\/p>\n\n<p>\u00a0<\/p>","protected":false},"excerpt":{"rendered":"<p>Foto: Divulga\u00e7\u00e3o COLUNA MG Principais destaques dos jornais e portais integrantes da rede Sindijori MG\u00a0 www.sindijorimg.com.br Divin\u00f3polis ter\u00e1 Oncologia Pedi\u00e1trica A Associa\u00e7\u00e3o de Combate ao C\u00e2ncer do Centro-Oeste de Minas conseguiu a habilita\u00e7\u00e3o da Oncopediatria do Hospital do C\u00e2ncer de Divin\u00f3polis na Unidade de Assist\u00eancia de Alta Complexidade em Oncologia (Unacon). Na pr\u00e1tica, o Hospital [&hellip;]<\/p>\n","protected":false},"author":0,"featured_media":31802,"comment_status":"open","ping_status":"open","sticky":false,"template":"","format":"standard","meta":{"rop_custom_images_group":[],"rop_custom_messages_group":[],"rop_publish_now":"initial","rop_publish_now_accounts":[],"rop_publish_now_history":[],"rop_publish_now_status":"pending","footnotes":""},"categories":[6745],"tags":[],"class_list":["post-31801","post","type-post","status-publish","format-standard","has-post-thumbnail","hentry","category-coluna-sindijori"],"_links":{"self":[{"href":"https:\/\/diariotribuna.com.br\/index.php?rest_route=\/wp\/v2\/posts\/31801"}],"collection":[{"href":"https:\/\/diariotribuna.com.br\/index.php?rest_route=\/wp\/v2\/posts"}],"about":[{"href":"https:\/\/diariotribuna.com.br\/index.php?rest_route=\/wp\/v2\/types\/post"}],"replies":[{"embeddable":true,"href":"https:\/\/diariotribuna.com.br\/index.php?rest_route=%2Fwp%2Fv2%2Fcomments&post=31801"}],"version-history":[{"count":0,"href":"https:\/\/diariotribuna.com.br\/index.php?rest_route=\/wp\/v2\/posts\/31801\/revisions"}],"wp:featuredmedia":[{"embeddable":true,"href":"https:\/\/diariotribuna.com.br\/index.php?rest_route=\/wp\/v2\/media\/31802"}],"wp:attachment":[{"href":"https:\/\/diariotribuna.com.br\/index.php?rest_route=%2Fwp%2Fv2%2Fmedia&parent=31801"}],"wp:term":[{"taxonomy":"category","embeddable":true,"href":"https:\/\/diariotribuna.com.br\/index.php?rest_route=%2Fwp%2Fv2%2Fcategories&post=31801"},{"taxonomy":"post_tag","embeddable":true,"href":"https:\/\/diariotribuna.com.br\/index.php?rest_route=%2Fwp%2Fv2%2Ftags&post=31801"}],"curies":[{"name":"wp","href":"https:\/\/api.w.org\/{rel}","templated":true}]}}