{"id":31803,"date":"2025-11-05T12:01:38","date_gmt":"2025-11-05T15:01:38","guid":{"rendered":"https:\/\/diariotribuna.com.br\/?p=31803"},"modified":"2025-11-05T12:01:38","modified_gmt":"2025-11-05T15:01:38","slug":"cemig-e-reconhecida-como-a-melhor-empresa-de-energia-do-brasil","status":"publish","type":"post","link":"https:\/\/diariotribuna.com.br\/?p=31803","title":{"rendered":"Cemig \u00e9 reconhecida como a melhor empresa de energia do Brasil\u00a0"},"content":{"rendered":"<p><strong>Companhia se destaca pela consist\u00eancia dos resultados e pela excel\u00eancia em gest\u00e3o e governan\u00e7a<\/strong><\/p>\n<p>A <strong>Cemig<\/strong> foi eleita a <strong>melhor empresa do setor de energia<\/strong> na <strong>1\u00aa edi\u00e7\u00e3o do ranking TOP30 \u2013 As Melhores Empresas do Brasil<\/strong>. O resultado foi anunciado na noite de <strong>30 de outubro<\/strong>, em S\u00e3o Paulo, durante evento que reuniu executivos de destaque do mercado corporativo nacional. O <strong>presidente da companhia, Reynaldo Passanezi Filho<\/strong>, recebeu o pr\u00eamio em nome da empresa.<\/p>\n<p>Tamb\u00e9m estiveram presentes no evento a <strong>vice-presidente de Finan\u00e7as e Rela\u00e7\u00f5es com Investidores, Andrea Almeida<\/strong>, o <strong>vice-presidente de Gera\u00e7\u00e3o e Transmiss\u00e3o, Marco Soligo<\/strong>, e a <strong>diretora de Comunica\u00e7\u00e3o e Marketing, Cristiana Kumaira<\/strong>.<\/p>\n<p>O ranking foi elaborado pela <strong>Austin Rating<\/strong>, ag\u00eancia de classifica\u00e7\u00e3o de risco com mais de 40 anos de atua\u00e7\u00e3o, que avaliou o desempenho das companhias com base nos tr\u00eas \u00faltimos balan\u00e7os anuais (2022, 2023 e 2024). Entre os indicadores analisados est\u00e3o <strong>receita l\u00edquida, lucro l\u00edquido, patrim\u00f4nio, margem e retorno sobre o investimento<\/strong>, al\u00e9m do <strong>n\u00edvel de endividamento<\/strong>.<\/p>\n<p>Nos \u00faltimos tr\u00eas anos, a Cemig apresentou <strong>crescimento expressivo<\/strong>. O <strong>EBITDA<\/strong> aumentou de <strong>R$ 6,869 bilh\u00f5es para R$ 11,254 bilh\u00f5es<\/strong> \u2014 uma alta de <strong>63,8%<\/strong> \u2014 enquanto o <strong>lucro l\u00edquido<\/strong> evoluiu de <strong>R$ 4,094 bilh\u00f5es para R$ 7,119 bilh\u00f5es<\/strong>, um avan\u00e7o de <strong>73,9%<\/strong>.<\/p>\n<p><em>\u201cO pr\u00eamio coroa todo o processo de transforma\u00e7\u00e3o da Cemig, que completa sete anos em curso em 2025. Nossa meta foi reencontrar o caminho da sustentabilidade econ\u00f4mica e operacional, fortalecendo a governan\u00e7a, priorizando investimentos em ativos estrat\u00e9gicos e colocando a defesa do interesse dos mineiros no centro das decis\u00f5es da companhia\u201d<\/em>, destacou <strong>Reynaldo Passanezi Filho<\/strong>.<\/p>\n<h3><strong>Reconhecimento e solidez<\/strong><\/h3>\n<p>Nos \u00faltimos dois anos, a Cemig alcan\u00e7ou um <strong>marco hist\u00f3rico<\/strong> ao obter <strong>grau de investimento AAA<\/strong> pelas ag\u00eancias <strong>Fitch Ratings<\/strong> e <strong>Moody\u2019s Local Brasil<\/strong> \u2014 o mais alto n\u00edvel de classifica\u00e7\u00e3o da hist\u00f3ria da companhia e o <strong>segundo \u201cTriple A\u201d consecutivo<\/strong>.<\/p>\n<h3><strong>O maior investimento da hist\u00f3ria da Cemig<\/strong><\/h3>\n<p>Entre <strong>2019 e 2029<\/strong>, a empresa destinar\u00e1 <strong>R$ 59 bilh\u00f5es<\/strong> em investimentos em Minas Gerais, o equivalente a <strong>mais de R$ 5 bilh\u00f5es por ano<\/strong>. Desse total, <strong>R$ 36,9 bilh\u00f5es<\/strong> ser\u00e3o aplicados na <strong>distribui\u00e7\u00e3o de energia<\/strong>, principal foco da opera\u00e7\u00e3o, com \u00eanfase na <strong>moderniza\u00e7\u00e3o da rede<\/strong> que atende mais de <strong>9,5 milh\u00f5es de clientes<\/strong>.<\/p>\n<p>At\u00e9 o <strong>primeiro semestre de 2025<\/strong>, j\u00e1 foram investidos <strong>R$ 23,5 bilh\u00f5es<\/strong>, possibilitando a constru\u00e7\u00e3o de <strong>mais de 140 novas subesta\u00e7\u00f5es<\/strong>, ampliando a <strong>confiabilidade do sistema<\/strong> e criando <strong>capacidade para sustentar o crescimento econ\u00f4mico do estado<\/strong>.<\/p>\n<p><em>\u201cEm 2018, a Cemig representava apenas 5% dos investimentos do Plano de Desenvolvimento da Distribui\u00e7\u00e3o do Brasil. Em 2025, esse percentual saltou para 12%, refletindo melhorias diretas aos clientes, como menos interrup\u00e7\u00f5es e maior oferta de carga para atra\u00e7\u00e3o de novas empresas para Minas\u201d<\/em>, ressaltou Passanezi.<\/p>\n<p>At\u00e9 <strong>2027<\/strong>, a companhia pretende <strong>instalar 200 novas subesta\u00e7\u00f5es<\/strong>, ampliando em <strong>50% a oferta de energia<\/strong>. Atualmente, a Cemig conta com <strong>415 unidades<\/strong>, n\u00famero que chegar\u00e1 a <strong>615<\/strong> nos pr\u00f3ximos dois anos.<\/p>\n\n<p><em>\u201cAntes de 2018, a Cemig inaugurava em m\u00e9dia de cinco a seis subesta\u00e7\u00f5es por ano. Somente em 2024, entregamos mais de 30 novas unidades. Esse resultado demonstra o nosso compromisso com os mineiros e o papel essencial da companhia no desenvolvimento de Minas Gerais, gerando emprego e renda\u201d<\/em>, completou o presidente.<\/p>\n<p>\u00a0<\/p>","protected":false},"excerpt":{"rendered":"<p>Companhia se destaca pela consist\u00eancia dos resultados e pela excel\u00eancia em gest\u00e3o e governan\u00e7a A Cemig foi eleita a melhor empresa do setor de energia na 1\u00aa edi\u00e7\u00e3o do ranking TOP30 \u2013 As Melhores Empresas do Brasil. O resultado foi anunciado na noite de 30 de outubro, em S\u00e3o Paulo, durante evento que reuniu executivos [&hellip;]<\/p>\n","protected":false},"author":0,"featured_media":31804,"comment_status":"open","ping_status":"open","sticky":false,"template":"","format":"standard","meta":{"rop_custom_images_group":[],"rop_custom_messages_group":[],"rop_publish_now":"initial","rop_publish_now_accounts":[],"rop_publish_now_history":[],"rop_publish_now_status":"pending","footnotes":""},"categories":[6745],"tags":[],"class_list":["post-31803","post","type-post","status-publish","format-standard","has-post-thumbnail","hentry","category-coluna-sindijori"],"_links":{"self":[{"href":"https:\/\/diariotribuna.com.br\/index.php?rest_route=\/wp\/v2\/posts\/31803"}],"collection":[{"href":"https:\/\/diariotribuna.com.br\/index.php?rest_route=\/wp\/v2\/posts"}],"about":[{"href":"https:\/\/diariotribuna.com.br\/index.php?rest_route=\/wp\/v2\/types\/post"}],"replies":[{"embeddable":true,"href":"https:\/\/diariotribuna.com.br\/index.php?rest_route=%2Fwp%2Fv2%2Fcomments&post=31803"}],"version-history":[{"count":0,"href":"https:\/\/diariotribuna.com.br\/index.php?rest_route=\/wp\/v2\/posts\/31803\/revisions"}],"wp:featuredmedia":[{"embeddable":true,"href":"https:\/\/diariotribuna.com.br\/index.php?rest_route=\/wp\/v2\/media\/31804"}],"wp:attachment":[{"href":"https:\/\/diariotribuna.com.br\/index.php?rest_route=%2Fwp%2Fv2%2Fmedia&parent=31803"}],"wp:term":[{"taxonomy":"category","embeddable":true,"href":"https:\/\/diariotribuna.com.br\/index.php?rest_route=%2Fwp%2Fv2%2Fcategories&post=31803"},{"taxonomy":"post_tag","embeddable":true,"href":"https:\/\/diariotribuna.com.br\/index.php?rest_route=%2Fwp%2Fv2%2Ftags&post=31803"}],"curies":[{"name":"wp","href":"https:\/\/api.w.org\/{rel}","templated":true}]}}