{"id":31813,"date":"2025-11-06T13:42:41","date_gmt":"2025-11-06T16:42:41","guid":{"rendered":"https:\/\/diariotribuna.com.br\/?p=31813"},"modified":"2025-11-06T13:42:41","modified_gmt":"2025-11-06T16:42:41","slug":"divida-deixa-saude-de-ipatinga-em-crise","status":"publish","type":"post","link":"https:\/\/diariotribuna.com.br\/?p=31813","title":{"rendered":"D\u00edvida deixa sa\u00fade de Ipatinga em crise\u00a0"},"content":{"rendered":"<p><!-- [if gte mso 9]&gt;--><\/p>\n<p><!-- [if gte mso 9]&gt;--><\/p>\n<p>  Normal<br \/>\n  0<\/p>\n<p>  21<\/p>\n<p>  false<br \/>\n  false<br \/>\n  false<\/p>\n<p>  PT-BR<br \/>\n  X-NONE<br \/>\n  X-NONE<\/p>\n<p><!-- [if gte mso 9]&gt;--><\/p>\n<p><!-- [if gte mso 10]&gt;--><\/p>\n<p> \/* Style Definitions *\/<br \/>\n table.MsoNormalTable<br \/>\n\t{mso-style-name:&#8221;Tabela normal&#8221;;<br \/>\n\tmso-tstyle-rowband-size:0;<br \/>\n\tmso-tstyle-colband-size:0;<br \/>\n\tmso-style-noshow:yes;<br \/>\n\tmso-style-priority:99;<br \/>\n\tmso-style-parent:&#8221;&#8221;;<br \/>\n\tmso-padding-alt:0cm 5.4pt 0cm 5.4pt;<br \/>\n\tmso-para-margin-top:0cm;<br \/>\n\tmso-para-margin-right:0cm;<br \/>\n\tmso-para-margin-bottom:8.0pt;<br \/>\n\tmso-para-margin-left:0cm;<br \/>\n\tline-height:107%;<br \/>\n\tmso-pagination:widow-orphan;<br \/>\n\tfont-size:11.0pt;<br \/>\n\tfont-family:&#8221;Aptos&#8221;,sans-serif;<br \/>\n\tmso-ascii-font-family:Aptos;<br \/>\n\tmso-ascii-theme-font:minor-latin;<br \/>\n\tmso-hansi-font-family:Aptos;<br \/>\n\tmso-hansi-theme-font:minor-latin;<br \/>\n\tmso-font-kerning:1.0pt;<br \/>\n\tmso-ligatures:standardcontextual;<br \/>\n\tmso-fareast-language:EN-US;}<\/p>\n<p class=\"MsoNoSpacing\"><span>Foto: Elvira Nascimento<\/span><\/p>\n<p class=\"MsoNoSpacing\"><span>\u00a0<\/span><\/p>\n<p class=\"MsoNoSpacing\"><span>\u00a0<\/span><\/p>\n<p class=\"MsoNoSpacing\"><strong><span>COLUNA MG<\/span><\/strong><\/p>\n<p class=\"MsoNoSpacing\"><span>Principais destaques dos jornais e portais integrantes da rede Sindijori MG <\/span><\/p>\n<p class=\"MsoNoSpacing\"><span><a href=\"http:\/\/www.sindijorimg.com.br\/\"><span>www.sindijorimg.com.br<\/span><\/a><\/span><span><\/span><\/p>\n<p class=\"MsoNormal\"><span>\u00a0<\/span><\/p>\n<p class=\"MsoNormal\"><strong><span>D\u00edvida deixa sa\u00fade de Ipatinga em crise<\/span><\/strong><\/p>\n<p class=\"MsoNormal\"><span>A Funda\u00e7\u00e3o S\u00e3o Francisco Xavier, mantenedora do Hospital M\u00e1rcio Cunha (HMC), confirmou em nota oficial a exist\u00eancia de uma d\u00edvida superior a R$ 55 milh\u00f5es por parte da Prefeitura de Ipatinga, referente a repasses de recursos federais e estaduais destinados ao Sistema \u00danico de Sa\u00fade (SUS).Segundo a institui\u00e7\u00e3o, o d\u00e9bito se instalou ainda no primeiro trimestre de 2025 e vem se agravando com o passar dos meses, comprometendo diretamente o funcionamento e a sustentabilidade dos servi\u00e7os oferecidos \u00e0 popula\u00e7\u00e3o. (Jornal Classivale)<\/span><\/p>\n<p class=\"MsoNormal\"><span>https:\/\/jornalclassivale.com.br\/noticia\/4975\/crise-na-saude-de-ipatinga-prefeitura-deve-r-55-milhoes-ao-hospital-marcio-cunha-enquanto-upa-segue-superlotada<\/span><\/p>\n<p class=\"MsoNormal\"><span>\u00a0<\/span><\/p>\n<p class=\"MsoNormal\"><strong><span>Arcos ter\u00e1 unidade da Federal<\/span><\/strong><\/p>\n<p class=\"MsoNormal\"><span>Na pr\u00f3xima segunda-feira, 10 de novembro, \u00e0s 15h, ser\u00e1 inaugurada a Unidade Avan\u00e7ada da Justi\u00e7a Federal (UAA) em Arcos. A solenidade ser\u00e1 na Casa de Cultura. A partir da instala\u00e7\u00e3o, moradores de Arcos e regi\u00e3o n\u00e3o ter\u00e3o que ir a Divin\u00f3polis para tratar de assuntos relacionados \u00e0 Justi\u00e7a Federal. A Unidade tamb\u00e9m abrange as Comarcas de Pains, Formiga, C\u00f3rrego Fundo, Pimenta, Iguatama, Bambu\u00ed, Tapira\u00ed, Medeiros, Lagoa da Prata, Japara\u00edba. Os servi\u00e7os poder\u00e3o ser acessados em Arcos. (Correio do Centro Oeste)<\/span><\/p>\n<p class=\"MsoNormal\"><span>https:\/\/www.jornalcco.com.br\/unidade-avancada-da-justica-federal-em-arcos-alcanca-10-cidades<\/span><\/p>\n<p class=\"MsoNormal\"><span>\u00a0<\/span><\/p>\n<p class=\"MsoNormal\"><strong><span>Manhua\u00e7u recebe Projeto Travessia<\/span><\/strong><\/p>\n<p class=\"MsoNormal\"><span>A Superintend\u00eancia Regional de Sa\u00fade de Manhua\u00e7u recebeu, no dia 30, o Projeto Travessia, iniciativa desenvolvida pela Secretaria Executiva da Comiss\u00e3o Intergestores Bipartite do SUS em Minas Gerais, vinculada \u00e0 Secretaria de Estado de Sa\u00fade de Minas Gerais. O encontro foi realizado durante a 77\u00aa Reuni\u00e3o Conjunta da CIB das microrregi\u00f5es de sa\u00fade de Carangola e Manhua\u00e7u, com a presen\u00e7a de gestores municipais, t\u00e9cnicos das regionais e representantes da equipe da CIB-SUS\/MG. Criado em 2024 pela SES-MG, o Projeto CIB Travessia tem como objetivo aproximar e fortalecer as rela\u00e7\u00f5es entre as inst\u00e2ncias deliberativas da sa\u00fade p\u00fablica estadual e os representantes dos munic\u00edpios. (Di\u00e1rio de Caratinga)<\/span><\/p>\n<p class=\"MsoNormal\"><span>https:\/\/diariodecaratinga.com.br\/regional\/srs-manhuacu-recebe-projeto-travessia-da-secretaria-executiva-da-cib-sus-mg\/<\/span><\/p>\n<p class=\"MsoNormal\"><span>\u00a0<\/span><\/p>\n<p class=\"MsoNormal\"><strong><span>Uberl\u00e2ndia regula escapamentos<\/span><\/strong><\/p>\n<p class=\"MsoNormal\"><span>O barulho excessivo de motos e carros entrou de vez no radar do Legislativo. A C\u00e2mara de Uberl\u00e2ndia aprovou o projeto de lei que veda a comercializa\u00e7\u00e3o e o uso de escapamentos fora dos limites definidos por normas oficiais e j\u00e1 foi aprovado em plen\u00e1rio. Durante a vota\u00e7\u00e3o, um dos autores destacou que a proposta n\u00e3o \u00e9 contra os motociclistas, mas contra a irregularidade. \u201cNingu\u00e9m quer punir quem anda certo. O objetivo \u00e9 proteger o sossego da popula\u00e7\u00e3o e dar respaldo \u00e0s oficinas que trabalham dentro da lei\u201d, afirmou o vereador, autor do substitutivo que endureceu as regras. (O Regionalz\u00e3o \u2013 Uberl\u00e2ndia)<\/span><\/p>\n<p class=\"MsoNormal\"><span>https:\/\/regionalzao.com.br\/colunas\/poder\/camara-de-uberlandia-aprova-lei-que-proibe-a-venda-e-a-instalacao-de-escapamentos-barulhentos\/<\/span><\/p>\n<p class=\"MsoNormal\"><span>\u00a0<\/span><\/p>\n<p class=\"MsoNormal\"><strong><span>JF Sabor 2025 anuncia vencedores<\/span><\/strong><\/p>\n<p class=\"MsoNormal\"><span>O JF Sabor 2025 anunciou seus grandes vencedores em uma cerim\u00f4nia realizada na noite de ter\u00e7a-feira, 4, no Trade Hotel, em Juiz de Fora. O festival gastron\u00f4mico, que teve como tema central os queijos mineiros, premiou nove estabelecimentos entre os 46 participantes. Ao todo, foram apresentadas 51 receitas exclusivas, avaliadas por um j\u00fari t\u00e9cnico composto por 25 especialistas e pela vota\u00e7\u00e3o do p\u00fablico. O pr\u00eamio de Prato Principal foi para o Ateli\u00ea das Massas, com o &#8220;Princeso de Minas&#8221;. (RCWTV \u2013 Juiz de Fora)<\/span><\/p>\n<p class=\"MsoNormal\"><span>https:\/\/www.rcwtv.com.br\/noticia\/jf-sabor-2025-anuncia-os-9-pratos-vencedores-veja-a-lista<\/span><\/p>\n<p class=\"MsoNormal\"><span>\u00a0<\/span><\/p>\n<p class=\"MsoNormal\"><strong><span>Divin\u00f3polis na Copa BurgerCrew<\/span><\/strong><\/p>\n<p class=\"MsoNormal\"><span>A hamburgueria Novo Sabor, de Divin\u00f3polis, est\u00e1 entre as 16 classificadas para a segunda etapa da Copa BurgerCrew 2025, um dos maiores campeonatos nacionais de hamb\u00farguer artesanal. O evento, que re\u00fane estabelecimentos de destaque de todo o Brasil, acontecer\u00e1 em S\u00e3o Paulo, com a grande final marcada para o dia 29 de novembro, na Cervejaria Tarantino. Nesta edi\u00e7\u00e3o, a competi\u00e7\u00e3o atingiu um marco hist\u00f3rico: mais de 200 inscri\u00e7\u00f5es vindas de sete estados brasileiros, consolidando a BurgerCrew como uma das maiores vitrines gastron\u00f4micas do pa\u00eds para o segmento. (Portal G37)<\/span><\/p>\n<p class=\"MsoNormal\"><span>https:\/\/g37.com.br\/divinopolis\/novo-sabor-hamburgueria-representa-divinopolis-na-copa-burgercrew-em-sao-paulo\/<\/span><\/p>\n\n<p>\u00a0<\/p>","protected":false},"excerpt":{"rendered":"<p>Normal 0 21 false false false PT-BR X-NONE X-NONE \/* Style Definitions *\/ table.MsoNormalTable {mso-style-name:&#8221;Tabela normal&#8221;; mso-tstyle-rowband-size:0; mso-tstyle-colband-size:0; mso-style-noshow:yes; mso-style-priority:99; mso-style-parent:&#8221;&#8221;; mso-padding-alt:0cm 5.4pt 0cm 5.4pt; mso-para-margin-top:0cm; mso-para-margin-right:0cm; mso-para-margin-bottom:8.0pt; mso-para-margin-left:0cm; line-height:107%; mso-pagination:widow-orphan; font-size:11.0pt; font-family:&#8221;Aptos&#8221;,sans-serif; mso-ascii-font-family:Aptos; mso-ascii-theme-font:minor-latin; mso-hansi-font-family:Aptos; mso-hansi-theme-font:minor-latin; mso-font-kerning:1.0pt; mso-ligatures:standardcontextual; mso-fareast-language:EN-US;} Foto: Elvira Nascimento \u00a0 \u00a0 COLUNA MG Principais destaques dos jornais e portais integrantes da [&hellip;]<\/p>\n","protected":false},"author":0,"featured_media":31814,"comment_status":"open","ping_status":"open","sticky":false,"template":"","format":"standard","meta":{"rop_custom_images_group":[],"rop_custom_messages_group":[],"rop_publish_now":"initial","rop_publish_now_accounts":[],"rop_publish_now_history":[],"rop_publish_now_status":"pending","footnotes":""},"categories":[6745],"tags":[],"class_list":["post-31813","post","type-post","status-publish","format-standard","has-post-thumbnail","hentry","category-coluna-sindijori"],"_links":{"self":[{"href":"https:\/\/diariotribuna.com.br\/index.php?rest_route=\/wp\/v2\/posts\/31813"}],"collection":[{"href":"https:\/\/diariotribuna.com.br\/index.php?rest_route=\/wp\/v2\/posts"}],"about":[{"href":"https:\/\/diariotribuna.com.br\/index.php?rest_route=\/wp\/v2\/types\/post"}],"replies":[{"embeddable":true,"href":"https:\/\/diariotribuna.com.br\/index.php?rest_route=%2Fwp%2Fv2%2Fcomments&post=31813"}],"version-history":[{"count":0,"href":"https:\/\/diariotribuna.com.br\/index.php?rest_route=\/wp\/v2\/posts\/31813\/revisions"}],"wp:featuredmedia":[{"embeddable":true,"href":"https:\/\/diariotribuna.com.br\/index.php?rest_route=\/wp\/v2\/media\/31814"}],"wp:attachment":[{"href":"https:\/\/diariotribuna.com.br\/index.php?rest_route=%2Fwp%2Fv2%2Fmedia&parent=31813"}],"wp:term":[{"taxonomy":"category","embeddable":true,"href":"https:\/\/diariotribuna.com.br\/index.php?rest_route=%2Fwp%2Fv2%2Fcategories&post=31813"},{"taxonomy":"post_tag","embeddable":true,"href":"https:\/\/diariotribuna.com.br\/index.php?rest_route=%2Fwp%2Fv2%2Ftags&post=31813"}],"curies":[{"name":"wp","href":"https:\/\/api.w.org\/{rel}","templated":true}]}}