{"id":31815,"date":"2025-11-06T16:43:40","date_gmt":"2025-11-06T19:43:40","guid":{"rendered":"https:\/\/diariotribuna.com.br\/?p=31815"},"modified":"2025-11-06T16:43:40","modified_gmt":"2025-11-06T19:43:40","slug":"festival-sesi-de-robotica-premia-equipes-e-celebra-a-criatividade-dos-jovens-inovadores","status":"publish","type":"post","link":"https:\/\/diariotribuna.com.br\/?p=31815","title":{"rendered":"Festival SESI de Rob\u00f3tica premia equipes e celebra a criatividade dos jovens inovadores\u00a0"},"content":{"rendered":"<p>Fotos: Divulga\u00e7\u00e3o FIEMG_Play P<\/p>\n<p><strong>Etapa Regional Minas Gerais re\u00fane mais de 800 participantes e garante vaga para o torneio nacional em S\u00e3o Paulo<\/strong><\/p>\n<p>O <strong>Festival SESI de Rob\u00f3tica \u2013 Regional Minas Gerais 2025\/2026<\/strong> chegou ao fim neste s\u00e1bado, 1\u00ba de novembro, no BH Shopping, em Belo Horizonte, ap\u00f3s dois dias intensos de competi\u00e7\u00f5es, descobertas e muita troca de conhecimento. Com <strong>entrada gratuita<\/strong> e um p\u00fablico estimado em <strong>5 mil pessoas<\/strong>, o evento reuniu estudantes, educadores e fam\u00edlias em uma grande celebra\u00e7\u00e3o que uniu <strong>ci\u00eancia, tecnologia e imagina\u00e7\u00e3o<\/strong>.<\/p>\n<p>O destaque ficou por conta das equipes campe\u00e3s das modalidades <strong>FLL, FTC e STEM Racing<\/strong>, que garantiram vaga para representar Minas Gerais na etapa nacional, a ser realizada de <strong>4 a 8 de mar\u00e7o de 2026<\/strong>, em S\u00e3o Paulo. J\u00e1 a modalidade <strong>FRC<\/strong> ocorreu em formato amistoso, com a participa\u00e7\u00e3o de delega\u00e7\u00f5es de S\u00e3o Paulo, Goi\u00e1s e Rio de Janeiro \u2014 em apresenta\u00e7\u00f5es marcadas pelo alto n\u00edvel t\u00e9cnico e pelo esp\u00edrito de coopera\u00e7\u00e3o entre os participantes.<\/p>\n<p>Durante a cerim\u00f4nia de encerramento, o clima foi de celebra\u00e7\u00e3o e emo\u00e7\u00e3o. Jovens de diferentes escolas vibraram a cada an\u00fancio e mostraram que a rob\u00f3tica vai muito al\u00e9m da competi\u00e7\u00e3o \u2014 \u00e9 tamb\u00e9m <strong>um caminho de aprendizado, criatividade e trabalho em equipe<\/strong>.<\/p>\n<p><em>\u201c\u00c9 uma sensa\u00e7\u00e3o muito boa e gratificante. Essa foi a minha \u00faltima temporada e fico feliz por encerrar esse ciclo com tanto aprendizado. Foram tr\u00eas anos incr\u00edveis participando do torneio e foi, sem d\u00favidas, uma das melhores escolhas da minha vida. \u00c9 uma experi\u00eancia \u00fanica, que vou levar comigo para sempre.\u201d<\/em><br \/>\u2014 <strong>Beatriz Souza, 14 anos, integrante da equipe Lego Bross, da Escola SESI S\u00e3o Gon\u00e7alo do Sapuca\u00ed<\/strong><\/p>\n<h3>Vencedores da etapa regional<\/h3>\n<p><strong>STEM Racing<\/strong><br \/>1\u00ba Lugar \u2013 Escuderia Turbon | Escola SESI Ita\u00fana<br \/>2\u00ba Lugar \u2013 Escuderia Black Cygnus | Escola SESI S\u00e3o Jo\u00e3o Nepomuceno<br \/>3\u00ba Lugar \u2013 Escuderia Carnelian | Escola SESI Governador Valadares<\/p>\n<p><strong>FTC<\/strong><br \/>1\u00ba Lugar \u2013 Starbots | Escola SESI Betim<br \/>2\u00ba Lugar \u2013 Amigos Droids | Equipe Rob\u00f3tica Dhel<\/p>\n<p><strong>FLL<\/strong><br \/>1\u00ba Lugar \u2013 Lego Bros | Escola SESI S\u00e3o Gon\u00e7alo do Sapuca\u00ed<br \/>2\u00ba Lugar \u2013 Uai S\u00f4 | Escola SESI Ita\u00fana<br \/>3\u00ba Lugar \u2013 Delta | Escola SESI S\u00e3o Jo\u00e3o Nepomuceno<\/p>\n<p><strong>Torneio Geral \u2013 FLL Champions Award<\/strong><br \/>1\u00ba Lugar \u2013 Teotech<br \/>2\u00ba Lugar \u2013 Athena<br \/>3\u00ba Lugar \u2013 Gigalego<\/p>\n<p>O evento marcou a abertura da temporada <strong>FIRST AGE \u2013 Inspired by Archaeology<\/strong>, que desafiou os competidores a mergulhar no passado em busca de ideias para construir o futuro. Ao longo dos dois dias, as equipes apresentaram <strong>solu\u00e7\u00f5es criativas, rob\u00f4s engenhosos e projetos inspirados em descobertas arqueol\u00f3gicas<\/strong>, conectando ci\u00eancia e imagina\u00e7\u00e3o.<\/p>\n<p>Para <strong>Mariana Rodrigues Alves de Souza<\/strong>, coordenadora de Inova\u00e7\u00e3o e Tecnologia Educacional do SESI-MG, o torneio \u00e9 muito mais do que uma competi\u00e7\u00e3o:<\/p>\n<p><em>\u201cA rob\u00f3tica educacional amplia horizontes, desenvolve o racioc\u00ednio l\u00f3gico, a criatividade e o trabalho em equipe, ao mesmo tempo em que aproxima crian\u00e7as e jovens do universo STEAM de forma pr\u00e1tica e envolvente. Promove inclus\u00e3o, ao garantir que meninas e meninos de diferentes contextos tenham acesso \u00e0s mesmas oportunidades de aprendizado e desenvolvimento. O Torneio de Rob\u00f3tica \u00e9 a culmin\u00e2ncia desse processo \u2014 um momento em que todo o conhecimento adquirido se transforma em projetos inovadores, coopera\u00e7\u00e3o e celebra\u00e7\u00e3o. Este ano, reunimos mais de 600 competidores de escolas SESI, p\u00fablicas e ONGs, refor\u00e7ando que a rob\u00f3tica \u00e9 realmente para todos. Mais do que uma disputa, o torneio simboliza o poder da educa\u00e7\u00e3o em inspirar, incluir e transformar vidas.\u201d<\/em><\/p>\n<p>O <strong>superintendente regional do SESI-MG, Christiano Leal<\/strong>, destacou que o torneio vai muito al\u00e9m da tecnologia em si:<\/p>\n<p><em>\u201cO torneio de rob\u00f3tica n\u00e3o trata a rob\u00f3tica pela rob\u00f3tica. Ele sempre tem um tema associado \u00e0 educa\u00e7\u00e3o. O objetivo \u00e9 trazer novas tecnologias que dialoguem com o processo educacional.\u201d<\/em><\/p>\n<p>Segundo Leal, o SESI-MG \u2014 <strong>a maior rede privada de educa\u00e7\u00e3o b\u00e1sica de Minas Gerais<\/strong> \u2014 tem investido fortemente na rob\u00f3tica educacional como ferramenta para o desenvolvimento de compet\u00eancias essenciais para o futuro:<\/p>\n<p><em>\u201cTrabalhamos a rob\u00f3tica justamente para desenvolver skills nos nossos alunos, preparando-os para o mercado de trabalho. Queremos que sejam capazes de pensar de forma l\u00f3gica, lidar com mudan\u00e7as de cen\u00e1rio, planejar, trabalhar em equipe e resolver problemas de maneira criativa \u2014 habilidades constantemente exercitadas nas competi\u00e7\u00f5es.\u201d<\/em><\/p>\n<p>Neste ano, o tema do torneio \u2014 <strong>a arqueologia<\/strong> \u2014 ampliou as possibilidades de aprendizado interdisciplinar.<\/p>\n<p><em>\u201cCom alunos de 10 a 16 anos, conseguimos trabalhar conte\u00fados ligados \u00e0 geografia, \u00e0 hist\u00f3ria e a outras \u00e1reas educacionais, conectando o conhecimento escolar \u00e0s compet\u00eancias que ser\u00e3o exigidas no mercado de trabalho.\u201d<\/em>, completou Leal.<\/p>\n<p>Com <strong>mais de 800 participantes<\/strong>, entre competidores, t\u00e9cnicos e ju\u00edzes, o Festival consolidou-se como <strong>o maior encontro de rob\u00f3tica educacional de Minas Gerais<\/strong>. Foram <strong>89 equipes<\/strong> distribu\u00eddas nas quatro modalidades: FLL (70 times), FTC (6 times), FRC (5 times) e STEM Racing (8 times), representando <strong>escolas SESI, p\u00fablicas, privadas e independentes<\/strong>.<\/p>\n<p><a href=\"https:\/\/www.flickr.com\/photos\/sistemafiemg\/albums\/\"><strong>Confira as fotos do Festival SESI de Rob\u00f3tica no Flickr do Sistema FIEMG.<\/strong><\/a><\/p>\n\n<p><em>Denise Lucas<\/em><br \/><strong>Imprensa FIEMG<\/strong><\/p>\n\n<p>\u00a0<\/p>","protected":false},"excerpt":{"rendered":"<p>Fotos: Divulga\u00e7\u00e3o FIEMG_Play P Etapa Regional Minas Gerais re\u00fane mais de 800 participantes e garante vaga para o torneio nacional em S\u00e3o Paulo O Festival SESI de Rob\u00f3tica \u2013 Regional Minas Gerais 2025\/2026 chegou ao fim neste s\u00e1bado, 1\u00ba de novembro, no BH Shopping, em Belo Horizonte, ap\u00f3s dois dias intensos de competi\u00e7\u00f5es, descobertas e [&hellip;]<\/p>\n","protected":false},"author":0,"featured_media":31816,"comment_status":"open","ping_status":"open","sticky":false,"template":"","format":"standard","meta":{"rop_custom_images_group":[],"rop_custom_messages_group":[],"rop_publish_now":"initial","rop_publish_now_accounts":[],"rop_publish_now_history":[],"rop_publish_now_status":"pending","footnotes":""},"categories":[6745],"tags":[],"class_list":["post-31815","post","type-post","status-publish","format-standard","has-post-thumbnail","hentry","category-coluna-sindijori"],"_links":{"self":[{"href":"https:\/\/diariotribuna.com.br\/index.php?rest_route=\/wp\/v2\/posts\/31815"}],"collection":[{"href":"https:\/\/diariotribuna.com.br\/index.php?rest_route=\/wp\/v2\/posts"}],"about":[{"href":"https:\/\/diariotribuna.com.br\/index.php?rest_route=\/wp\/v2\/types\/post"}],"replies":[{"embeddable":true,"href":"https:\/\/diariotribuna.com.br\/index.php?rest_route=%2Fwp%2Fv2%2Fcomments&post=31815"}],"version-history":[{"count":0,"href":"https:\/\/diariotribuna.com.br\/index.php?rest_route=\/wp\/v2\/posts\/31815\/revisions"}],"wp:featuredmedia":[{"embeddable":true,"href":"https:\/\/diariotribuna.com.br\/index.php?rest_route=\/wp\/v2\/media\/31816"}],"wp:attachment":[{"href":"https:\/\/diariotribuna.com.br\/index.php?rest_route=%2Fwp%2Fv2%2Fmedia&parent=31815"}],"wp:term":[{"taxonomy":"category","embeddable":true,"href":"https:\/\/diariotribuna.com.br\/index.php?rest_route=%2Fwp%2Fv2%2Fcategories&post=31815"},{"taxonomy":"post_tag","embeddable":true,"href":"https:\/\/diariotribuna.com.br\/index.php?rest_route=%2Fwp%2Fv2%2Ftags&post=31815"}],"curies":[{"name":"wp","href":"https:\/\/api.w.org\/{rel}","templated":true}]}}