{"id":31819,"date":"2025-11-06T18:51:55","date_gmt":"2025-11-06T21:51:55","guid":{"rendered":"https:\/\/diariotribuna.com.br\/?p=31819"},"modified":"2025-11-07T07:53:29","modified_gmt":"2025-11-07T10:53:29","slug":"tecnologia-da-cemig-emite-quase-9-mil-alertas-de-tempestades-em-2025","status":"publish","type":"post","link":"https:\/\/diariotribuna.com.br\/?p=31819","title":{"rendered":"Tecnologia da Cemig emite quase 9 mil alertas de tempestades em 2025"},"content":{"rendered":"<div class=\"wp-block-image\">\n<figure class=\"alignleft size-full\"><img loading=\"lazy\" decoding=\"async\" width=\"399\" height=\"332\" src=\"https:\/\/diariotribuna.com.br\/wp-content\/uploads\/2025\/11\/Tecnologia-da-Cemig.jpg\" alt=\"\" class=\"wp-image-31820\" srcset=\"https:\/\/diariotribuna.com.br\/wp-content\/uploads\/2025\/11\/Tecnologia-da-Cemig.jpg 399w, https:\/\/diariotribuna.com.br\/wp-content\/uploads\/2025\/11\/Tecnologia-da-Cemig-300x250.jpg 300w\" sizes=\"(max-width: 399px) 100vw, 399px\" \/><\/figure><\/div>\n\n\n<p><mark style=\"background-color:rgba(0, 0, 0, 0)\" class=\"has-inline-color has-cyan-bluish-gray-color\">N\u00famero \u00e9 17,4% maior do que o registrado no mesmo per\u00edodo do ano passado, quando foram feitas 7.662 notifica\u00e7\u00f5es em Minas Gerais<\/mark>.<br>Entre janeiro e setembro deste ano, o setor de Meteorologia da Cemig emitiu 8.993 alertas de tempestades, com o objetivo de orientar as<br>equipes de opera\u00e7\u00e3o e manuten\u00e7\u00e3o da companhia em a\u00e7\u00f5es preventivas e de resposta a poss\u00edveis ocorr\u00eancias na rede el\u00e9trica durante eventos clim\u00e1ticos severos.<br><\/p>\n\n\n\n<p>O volume representa um aumento de 17,4% em rela\u00e7\u00e3o ao mesmo per\u00edodo do ano passado, quando foram registradas 7.662 notifica\u00e7\u00f5es em todo o estado. Na Regi\u00e3o Leste, foram registrados 968 alertas at\u00e9 setembro deste ano, dos quais 51 foram classificados como de alta intensidade, 305 como moderados e 612 como fracos.<br>Em 2024, foram emitidos 15.263 alertas meteorol\u00f3gicos nas 774 cidades da \u00e1rea de concess\u00e3o da Cemig, refor\u00e7ando a import\u00e2ncia do monitoramento meteorol\u00f3gico para garantir a seguran\u00e7a e a continuidade do fornecimento de energia em Minas Gerais.<br>Segundo o meteorologista da Cemig, Arthur Chaves, o trabalho \u00e9 cont\u00ednuo e envolve todas as \u00e1reas da<br>companhia. \u201cOs meteorologistas mant\u00eam atualizadas as informa\u00e7\u00f5es para as \u00e1reas de Distribui\u00e7\u00e3o, Gera\u00e7\u00e3o e Transmiss\u00e3o. No in\u00edcio de cada semana, s\u00e3o realizadas reuni\u00f5es com todos os setores da empresa, quando \u00e9 apresentada a previs\u00e3o do tempo para os dias seguintes. A partir da\u00ed, a equipe foca no monitoramento dos sistemas atuantes, utilizando dados do Sistema de Detec\u00e7\u00e3o de Descargas<br>Atmosf\u00e9ricas, imagens de sat\u00e9lite, esta\u00e7\u00f5es meteorol\u00f3gicas de superf\u00edcie e o radar meteorol\u00f3gico\u201d, explica.<br>A Cemig conta com um Radar Meteorol\u00f3gico instalado no munic\u00edpio de Mateus Leme, na Regi\u00e3o<br>Metropolitana de Belo Horizonte. O equipamento monitora a atmosfera e permite a identifica\u00e7\u00e3o e acompanhamento das nuvens, bem como a intensidade de chuvas e tempestades em um raio de at\u00e9 250 quil\u00f4metros, com alcance qualitativo de at\u00e9 400 quil\u00f4metros, beneficiando cerca de 40 milh\u00f5es de pessoas em uma \u00e1rea de aproximadamente 500 mil quil\u00f4metros quadrados.<\/p>\n\n\n<div class=\"wp-block-image\">\n<figure class=\"alignright size-full\"><img loading=\"lazy\" decoding=\"async\" width=\"399\" height=\"501\" src=\"https:\/\/diariotribuna.com.br\/wp-content\/uploads\/2025\/11\/image.png\" alt=\"\" class=\"wp-image-31821\" srcset=\"https:\/\/diariotribuna.com.br\/wp-content\/uploads\/2025\/11\/image.png 399w, https:\/\/diariotribuna.com.br\/wp-content\/uploads\/2025\/11\/image-239x300.png 239w, https:\/\/diariotribuna.com.br\/wp-content\/uploads\/2025\/11\/image-334x420.png 334w\" sizes=\"(max-width: 399px) 100vw, 399px\" \/><\/figure><\/div>\n\n\n<p>Detec\u00e7\u00e3o de raios e inova\u00e7\u00e3o &#8211; A companhia<br>investiu R$ 7 milh\u00f5es na moderniza\u00e7\u00e3o do sistema<br>de detec\u00e7\u00e3o de raios em sua \u00e1rea de concess\u00e3o. Essa tecnologia \u00e9 essencial para o trabalho do Centro de<br>Meteorologia e para o planejamento operacional da<br>rede el\u00e9trica. \u201cO sistema \u00e9 composto por uma rede<br>de sensores que identifica descargas atmosf\u00e9ricas.<br>Ap\u00f3s a detec\u00e7\u00e3o da ocorr\u00eancia de raios, eles s\u00e3o processados para determinar a localiza\u00e7\u00e3o e as caracter\u00edsticas do fen\u00f4meno. Essas informa\u00e7\u00f5es s\u00e3o exibidas em tempo real e armazenadas para an\u00e1lises hist\u00f3ricas\u201d, destaca Ivan Carneiro, gerente de Planejamento Energ\u00e9tico da Cemig.<br>Quando uma descarga atmosf\u00e9rica atinge diretamente uma das fases da linha de transmiss\u00e3o ou de Distribui\u00e7\u00e3o, ocorre a ruptura do isolamento e a forma\u00e7\u00e3o de um arco el\u00e9trico \u2014 fen\u00f4meno que tamb\u00e9m pode acontecer quando o raio incide sobre o cabo de guarda ou a estrutura da torre, ocasionando desligamentos autom\u00e1ticos de prote\u00e7\u00e3o.<br>Pioneirismo em meteorologia no setor el\u00e9trico Pioneira no uso de tecnologia de monitoramento clim\u00e1tico no setor el\u00e9trico brasileiro, a Cemig atua com informa\u00e7\u00f5es meteorol\u00f3gicas h\u00e1 mais de tr\u00eas d\u00e9cadas, impulsionada pela caracter\u00edstica de sua rede predominantemente a\u00e9rea e pela alta incid\u00eancia de tempestades no territ\u00f3rio mineiro. \u201cO setor de Meteorologia da Cemig fornece \u00e0 empresa monitoramento e previs\u00e3o de tempo h\u00e1 mais de trinta anos e cont\u00e9m uma sala de situa\u00e7\u00e3o para monitoramento clim\u00e1tico cont\u00ednuo, o que refor\u00e7a o compromisso da companhia com a seguran\u00e7a do sistema e com o estabelecimento r\u00e1pido do fornecimento de energia aos clientes\u201d, completa, Ivan Carneiro.<\/p>\n\n\n\n<p> (Fotos: Cemig Divulga\u00e7\u00e3o).<\/p>\n","protected":false},"excerpt":{"rendered":"<p>N\u00famero \u00e9 17,4% maior do que o registrado no mesmo per\u00edodo do ano passado, quando foram feitas 7.662 notifica\u00e7\u00f5es em Minas Gerais.Entre janeiro e setembro deste ano, o setor de Meteorologia da Cemig emitiu 8.993 alertas de tempestades, com o objetivo de orientar asequipes de opera\u00e7\u00e3o e manuten\u00e7\u00e3o da companhia em a\u00e7\u00f5es preventivas e de [&hellip;]<\/p>\n","protected":false},"author":3,"featured_media":31820,"comment_status":"open","ping_status":"open","sticky":false,"template":"","format":"standard","meta":{"rop_custom_images_group":[],"rop_custom_messages_group":[],"rop_publish_now":"initial","rop_publish_now_accounts":[],"rop_publish_now_history":[],"rop_publish_now_status":"pending","footnotes":""},"categories":[25,19],"tags":[],"class_list":["post-31819","post","type-post","status-publish","format-standard","has-post-thumbnail","hentry","category-destaque","category-gerais"],"_links":{"self":[{"href":"https:\/\/diariotribuna.com.br\/index.php?rest_route=\/wp\/v2\/posts\/31819"}],"collection":[{"href":"https:\/\/diariotribuna.com.br\/index.php?rest_route=\/wp\/v2\/posts"}],"about":[{"href":"https:\/\/diariotribuna.com.br\/index.php?rest_route=\/wp\/v2\/types\/post"}],"author":[{"embeddable":true,"href":"https:\/\/diariotribuna.com.br\/index.php?rest_route=\/wp\/v2\/users\/3"}],"replies":[{"embeddable":true,"href":"https:\/\/diariotribuna.com.br\/index.php?rest_route=%2Fwp%2Fv2%2Fcomments&post=31819"}],"version-history":[{"count":1,"href":"https:\/\/diariotribuna.com.br\/index.php?rest_route=\/wp\/v2\/posts\/31819\/revisions"}],"predecessor-version":[{"id":31822,"href":"https:\/\/diariotribuna.com.br\/index.php?rest_route=\/wp\/v2\/posts\/31819\/revisions\/31822"}],"wp:featuredmedia":[{"embeddable":true,"href":"https:\/\/diariotribuna.com.br\/index.php?rest_route=\/wp\/v2\/media\/31820"}],"wp:attachment":[{"href":"https:\/\/diariotribuna.com.br\/index.php?rest_route=%2Fwp%2Fv2%2Fmedia&parent=31819"}],"wp:term":[{"taxonomy":"category","embeddable":true,"href":"https:\/\/diariotribuna.com.br\/index.php?rest_route=%2Fwp%2Fv2%2Fcategories&post=31819"},{"taxonomy":"post_tag","embeddable":true,"href":"https:\/\/diariotribuna.com.br\/index.php?rest_route=%2Fwp%2Fv2%2Ftags&post=31819"}],"curies":[{"name":"wp","href":"https:\/\/api.w.org\/{rel}","templated":true}]}}