{"id":31927,"date":"2025-11-18T11:12:46","date_gmt":"2025-11-18T14:12:46","guid":{"rendered":"https:\/\/diariotribuna.com.br\/?p=31927"},"modified":"2025-11-18T11:12:46","modified_gmt":"2025-11-18T14:12:46","slug":"peixamento-fortalece-pesca-artesanal-no-norte","status":"publish","type":"post","link":"https:\/\/diariotribuna.com.br\/?p=31927","title":{"rendered":"Peixamento fortalece pesca artesanal no Norte\u00a0"},"content":{"rendered":"<p><em><span>Foto: Divulga\u00e7\u00e3o Codevasf<\/span><\/em><\/p>\n<p><strong><span>COLUNA MG<\/span><\/strong><br \/><span>Principais destaques dos jornais e portais integrantes da rede Sindijori MG\u00a0<\/span><br \/><span><a href=\"http:\/\/www.sindijorimg.com.br\/\">www.sindijorimg.com.br<\/a><\/span><\/p>\n<p><strong><span>Peixamento fortalece pesca artesanal\u00a0<\/span><\/strong><br \/><span>Em dez meses, a Companhia de Desenvolvimento dos Vales do S\u00e3o Francisco e do Parna\u00edba (Codevasf) repovoou rios, c\u00f3rregos e lagos de Minas Gerais com mais de meio milh\u00e3o de peixes nativos. A iniciativa integra o programa de revitaliza\u00e7\u00e3o dos mananciais h\u00eddricos. As a\u00e7\u00f5es envolveram a libera\u00e7\u00e3o de esp\u00e9cies nativas da bacia do Rio S\u00e3o Francisco, como curimat\u00e3-pacu, curimat\u00e3-pioa, piau-verdadeiro, matrinx\u00e3 e pacam\u00e3. (Gazeta Norte Mineira)<\/span><br \/><span><a href=\"https:\/\/gazetanm.com.br\/peixamento-fortalece-pesca-artesanal-e-sustento-de-familias-no-sao-francisco\/\">https:\/\/gazetanm.com.br\/peixamento-fortalece-pesca-artesanal-e-sustento-de-familias-no-sao-francisco\/<\/a><\/span><\/p>\n<p><strong><span>Ilumina\u00e7\u00e3o de Natal sofre depreda\u00e7\u00f5es<\/span><\/strong><br \/><span>A instala\u00e7\u00e3o da ilumina\u00e7\u00e3o de Natal do Parque Ipanema, principal cart\u00e3o-postal de Ipatinga, est\u00e1 em andamento, mas j\u00e1 vem sendo alvo de atos de vandalismo. Fios colocados nas \u00e1rvores est\u00e3o sendo cortados, prejudicando o trabalho das equipes e comprometendo a prepara\u00e7\u00e3o para o per\u00edodo natalino. A Prefeitura refor\u00e7a que a participa\u00e7\u00e3o da popula\u00e7\u00e3o \u00e9 fundamental. A administra\u00e7\u00e3o pede a cidad\u00e3o que, ao presenciar qualquer a\u00e7\u00e3o de depreda\u00e7\u00e3o, acione imediatamente a Pol\u00edcia Municipal pelo telefone 153. (Portal Silmara Freitas)<\/span><br \/><span><a href=\"https:\/\/www.silmaradefreitas.com.br\/iluminacao-de-natal-do-parque-ipanema-sofre-com-depredacoes\/\">https:\/\/www.silmaradefreitas.com.br\/iluminacao-de-natal-do-parque-ipanema-sofre-com-depredacoes\/<\/a><\/span><\/p>\n<p><strong><span>Caratinga no cons\u00f3rcio de ilumina\u00e7\u00e3o<\/span><\/strong><br \/><span>A Prefeitura de Caratinga oficializou a contrata\u00e7\u00e3o da empresa Zeus El\u00e9trica Ltda, de Montes Claros, para executar o projeto do Natal Iluminado, com valor de R$ 2.180.053,74 e vig\u00eancia at\u00e9 7 de janeiro de 2026. Caratinga aderiu a uma licita\u00e7\u00e3o conduzida pelo Cons\u00f3rcio Intermunicipal Cidersu, que fica no Sul de Minas e re\u00fane munic\u00edpios para uma licita\u00e7\u00e3o compartilhada.\u00a0 O edital do Cidersu \u2014 ao qual Caratinga se vinculou \u2014 define que a empresa vencedora deve fornecer n\u00e3o apenas ilumina\u00e7\u00e3o e adere\u00e7os natalinos, mas tamb\u00e9m montar estruturas tridimensionais, pain\u00e9is luminosos e pe\u00e7as de grande porte, al\u00e9m de realizar manuten\u00e7\u00e3o di\u00e1ria e desmontagem. (Di\u00e1rio de Caratinga)<\/span><br \/><span><a href=\"https:\/\/diariodecaratinga.com.br\/cidade\/caratinga-adere-a-licitacao-de-consorcio-do-sul-de-minas-para-natal-iluminado\/\">https:\/\/diariodecaratinga.com.br\/cidade\/caratinga-adere-a-licitacao-de-consorcio-do-sul-de-minas-para-natal-iluminado\/<\/a><\/span><\/p>\n<p><strong><span>Cooxup\u00e9 inicia ranking de caf\u00e9s\u00a0<\/span><\/strong><br \/><span>A Cooperativa Regional de Cafeicultores em Guaxup\u00e9 iniciou o ranqueamento dos 50 melhores caf\u00e9s especiais colhidos pelos produtores cooperados durante a safra 2025, na \u00e1rea de atua\u00e7\u00e3o da Cooxup\u00e9, que compreende mais de 360 cidades do Sul de Minas, Cerrado mineiro, Matas de Minas e m\u00e9dia mogiana do estado de S\u00e3o Paulo. Os melhores lotes ser\u00e3o revelados pelo Programa Especial\u00edssimo, em cerim\u00f4nia de premia\u00e7\u00e3o que ocorrer\u00e1 no dia 21 de novembro, em Guaxup\u00e9. (Revista M\u00eddia Brasil)<\/span><br \/><span><a href=\"https:\/\/www.revistamidiabrasil.com.br\/post\/cooxup%C3%A9-inicia-ranking-de-caf%C3%A9s-especiais-colhidos-na-safra-2025\">https:\/\/www.revistamidiabrasil.com.br\/post\/cooxup%C3%A9-inicia-ranking-de-caf%C3%A9s-especiais-colhidos-na-safra-2025<\/a><\/span><\/p>\n<p><strong><span>Plantio do cacau projeta Norte de Minas<\/span><\/strong><br \/><span>O Norte de Minas, tradicionalmente conhecido pelo clima seco, altas temperaturas e baixa pluviosidade, est\u00e1 se consolidando como um promissor polo produtor de cacau. Esse avan\u00e7o \u00e9 impulsionado por pesquisas inovadoras da Universidade Estadual de Minas Gerais (Unimontes), que contam com o apoio do Governo de Minas, por meio da Funda\u00e7\u00e3o de Amparo \u00e0 Pesquisa do Estado de Minas Gerais (Fapemig). O grande diferencial \u00e9 a utiliza\u00e7\u00e3o da t\u00e9cnica de plantio \u00e0 pleno sol, adaptada e consorciada com as tradicionais lavouras de banana que j\u00e1 possuem sistema de irriga\u00e7\u00e3o. (Serra Geral \u2013 Jana\u00faba)<\/span><br \/><span><a href=\"https:\/\/www.serrageralnews.com\/metodo-de-plantio-do-cacau-projeta-norte-de-minas-no-mercado-mundial\">https:\/\/www.serrageralnews.com\/metodo-de-plantio-do-cacau-projeta-norte-de-minas-no-mercado-mundial<\/a><\/span><\/p>\n<p><strong><span>Procon faz fiscaliza\u00e7\u00e3o no Leste<\/span><\/strong><br \/><span>O Procon do Minist\u00e9rio P\u00fablico de Minas Gerais (Procon-MPMG) realizou 43 fiscaliza\u00e7\u00f5es em supermercados e mercearias dos munic\u00edpios de Carangola, Faria Lemos e Fervedouro. As a\u00e7\u00f5es ocorreram entre os dias 3 e 7 de novembro. Durante as inspe\u00e7\u00f5es, os agentes fiscais constataram diversas irregularidades, entre elas: produtos sem identifica\u00e7\u00e3o ou sem as informa\u00e7\u00f5es obrigat\u00f3rias, alimentos vencidos ou sem data de validade, itens mal acondicionados, como produtos que deveriam estar congelados, mas estavam apenas resfriados, al\u00e9m de diverg\u00eancias de pre\u00e7os entre o valor exposto e o registrado no caixa. (Di\u00e1rio de Manhua\u00e7u)<\/span><br \/><span><a href=\"https:\/\/diariodemanhuacu.com.br\/2025\/cidade\/procon-mpmg-fiscaliza-43-estabelecimentos-na-zona-da-mata-e-apreende-250-kg-de-alimentos-improprios-para-consumo\/\">https:\/\/diariodemanhuacu.com.br\/2025\/cidade\/procon-mpmg-fiscaliza-43-estabelecimentos-na-zona-da-mata-e-apreende-250-kg-de-alimentos-improprios-para-consumo\/<\/a><\/span><\/p>\n<p><span><\/span><\/p>\n<p>\u00a0<\/p>","protected":false},"excerpt":{"rendered":"<p>Foto: Divulga\u00e7\u00e3o Codevasf COLUNA MGPrincipais destaques dos jornais e portais integrantes da rede Sindijori MG\u00a0www.sindijorimg.com.br Peixamento fortalece pesca artesanal\u00a0Em dez meses, a Companhia de Desenvolvimento dos Vales do S\u00e3o Francisco e do Parna\u00edba (Codevasf) repovoou rios, c\u00f3rregos e lagos de Minas Gerais com mais de meio milh\u00e3o de peixes nativos. A iniciativa integra o programa [&hellip;]<\/p>\n","protected":false},"author":0,"featured_media":31928,"comment_status":"open","ping_status":"open","sticky":false,"template":"","format":"standard","meta":{"rop_custom_images_group":[],"rop_custom_messages_group":[],"rop_publish_now":"initial","rop_publish_now_accounts":[],"rop_publish_now_history":[],"rop_publish_now_status":"pending","footnotes":""},"categories":[6745],"tags":[],"class_list":["post-31927","post","type-post","status-publish","format-standard","has-post-thumbnail","hentry","category-coluna-sindijori"],"_links":{"self":[{"href":"https:\/\/diariotribuna.com.br\/index.php?rest_route=\/wp\/v2\/posts\/31927"}],"collection":[{"href":"https:\/\/diariotribuna.com.br\/index.php?rest_route=\/wp\/v2\/posts"}],"about":[{"href":"https:\/\/diariotribuna.com.br\/index.php?rest_route=\/wp\/v2\/types\/post"}],"replies":[{"embeddable":true,"href":"https:\/\/diariotribuna.com.br\/index.php?rest_route=%2Fwp%2Fv2%2Fcomments&post=31927"}],"version-history":[{"count":0,"href":"https:\/\/diariotribuna.com.br\/index.php?rest_route=\/wp\/v2\/posts\/31927\/revisions"}],"wp:featuredmedia":[{"embeddable":true,"href":"https:\/\/diariotribuna.com.br\/index.php?rest_route=\/wp\/v2\/media\/31928"}],"wp:attachment":[{"href":"https:\/\/diariotribuna.com.br\/index.php?rest_route=%2Fwp%2Fv2%2Fmedia&parent=31927"}],"wp:term":[{"taxonomy":"category","embeddable":true,"href":"https:\/\/diariotribuna.com.br\/index.php?rest_route=%2Fwp%2Fv2%2Fcategories&post=31927"},{"taxonomy":"post_tag","embeddable":true,"href":"https:\/\/diariotribuna.com.br\/index.php?rest_route=%2Fwp%2Fv2%2Ftags&post=31927"}],"curies":[{"name":"wp","href":"https:\/\/api.w.org\/{rel}","templated":true}]}}