{"id":31936,"date":"2025-11-19T11:59:11","date_gmt":"2025-11-19T14:59:11","guid":{"rendered":"https:\/\/diariotribuna.com.br\/?p=31936"},"modified":"2025-11-19T11:59:11","modified_gmt":"2025-11-19T14:59:11","slug":"rodovias-com-radares-de-velocidade-media","status":"publish","type":"post","link":"https:\/\/diariotribuna.com.br\/?p=31936","title":{"rendered":"Rodovias com radares de velocidade m\u00e9dia\u00a0"},"content":{"rendered":"<p><span>Foto: Divulga\u00e7\u00e3o<\/span><\/p>\n<p><strong><span>COLUNA MG<\/span><\/strong><br \/><span>Principais destaques dos jornais e portais integrantes da rede Sindijori MG\u00a0<\/span><br \/><span><a href=\"http:\/\/www.sindijorimg.com.br\/\">www.sindijorimg.com.br<\/a><\/span><\/p>\n<p><strong><span>Rodovias com radares de velocidade m\u00e9dia<\/span><\/strong><br \/><span>Os radares de velocidade m\u00e9dia \u2014 tecnologia que calcula a velocidade do ve\u00edculo ao longo de um trecho, e n\u00e3o apenas em um ponto fixo \u2014 come\u00e7aram a ser testados em rodovias que cortam Minas Gerais. Os primeiros equipamentos foram instalados na BR-050, no Tri\u00e2ngulo Mineiro, e j\u00e1 est\u00e3o em per\u00edodo educativo. A expectativa da concession\u00e1ria Ecovias Minas-Goi\u00e1s \u00e9 de que o sistema comece a multar apenas no ano que vem. A tecnologia tamb\u00e9m est\u00e1 sendo implementada pela EPR Via Mineira na BR-040 e outras rodovias concessionadas podem receber o sistema. (Por Dentro de Minas)<\/span><br \/><span><a href=\"https:\/\/pordentrodeminas.com.br\/mais\/2025\/11\/rodovias-de-minas-gerais-recebem-testes-de-radares-de-velocidade-media\/\">https:\/\/pordentrodeminas.com.br\/mais\/2025\/11\/rodovias-de-minas-gerais-recebem-testes-de-radares-de-velocidade-media\/<\/a><\/span><\/p>\n<p><strong><span>\u00a0<\/span><\/strong><\/p>\n<p><strong><span>Extra\u00e7\u00e3o de cristais tem opera\u00e7\u00e3o<\/span><\/strong><br \/><span>A Pol\u00edcia Federal deflagrou uma opera\u00e7\u00e3o que mira um esquema estruturado de extra\u00e7\u00e3o ilegal de cristais de quartzo, com ramifica\u00e7\u00f5es em v\u00e1rios munic\u00edpios do Estado e ponto de atua\u00e7\u00e3o tamb\u00e9m na zona rural de Arcos. A a\u00e7\u00e3o, intitulada Opera\u00e7\u00e3o Picareta, busca desarticular um grupo formado por garimpeiros, empres\u00e1rios e propriet\u00e1rios rurais que, segundo as investiga\u00e7\u00f5es, atuavam no com\u00e9rcio clandestino de minerais pertencentes \u00e0 Uni\u00e3o. Ao todo, foram cumpridos 14 mandados de busca e apreens\u00e3o em Arcos, Corinto, Curvelo, Diamantina, Nova Serrana, S\u00e3o Louren\u00e7o e Te\u00f3filo Otoni. (Correio do Centro Oeste)<\/span><br \/><span><a href=\"https:\/\/www.jornalcco.com.br\/pf-investiga-extracao-ilegal-de-quartzo-e-trabalhadores-em-condicao-analoga-a-escravidao-na-zona-rural-de-arcos\">https:\/\/www.jornalcco.com.br\/pf-investiga-extracao-ilegal-de-quartzo-e-trabalhadores-em-condicao-analoga-a-escravidao-na-zona-rural-de-arcos<\/a><\/span><\/p>\n<p><strong><span>Hospital faz cirurgia in\u00e9dita no Leste<\/span><\/strong><br \/><span>No dia 8 de novembro, a equipe de Cirurgia Vascular do Hospital M\u00e1rcio Cunha realizou um procedimento in\u00e9dito no Leste de Minas, marcando um avan\u00e7o importante na oferta de tratamentos de alta complexidade na regi\u00e3o, com a utiliza\u00e7\u00e3o da t\u00e9cnica endo\u00e2ncora, que permite uma sutura endovascular. A cirurgia foi realizada no paciente Evando de Barros Mendes, de 61 anos, portador de um aneurisma de aorta abdominal &#8211; uma condi\u00e7\u00e3o grave que exige precis\u00e3o e tecnologia de ponta. O procedimento foi necess\u00e1rio devido \u00e0 presen\u00e7a de um &#8220;colo hostil&#8221;, uma angula\u00e7\u00e3o na aorta que dificulta a coloca\u00e7\u00e3o da pr\u00f3tese.\u00a0 (Jornal dos Vales)<\/span><br \/><span><a href=\"https:\/\/www.jornaldosvales.com.br\/noticia\/59394\/hospital-marcio-cunha-realiza-cirurgia-inedita-no-leste-de-minas\">https:\/\/www.jornaldosvales.com.br\/noticia\/59394\/hospital-marcio-cunha-realiza-cirurgia-inedita-no-leste-de-minas<\/a><\/span><\/p>\n<p><strong><span>Prefeito critica encontro de cons\u00f3rcios<\/span><\/strong><br \/><span>O prefeito de Divin\u00f3polis e presidente do Cons\u00f3rcio Intermunicipal de Sa\u00fade do Vale do Itapecerica (Cisvi), Gleidson Azevedo, atacou, nesta ter\u00e7a-feira, 18, o Encontro de Cons\u00f3rcios realizado na cidade. Ele afirmou estar \u201ccansado\u201d desse tipo de evento \u201cn\u00e3o agrega\u201d, embora tenha elogiado o encontro no in\u00edcio do m\u00eas. Durante o discurso, Gleidson \u2013 irm\u00e3o do senador Cleitinho \u2013 aumentou o tom e ressaltou que o encontro re\u00fane muitos representantes e cria desperd\u00edcio de recursos. Conforme ele, a presen\u00e7a de prefeitos, assessores, presidentes e secret\u00e1rios gera alto custo e n\u00e3o traz retorno imediato para a popula\u00e7\u00e3o. (Portal Gerais)<\/span><br \/><span><a href=\"https:\/\/portalgerais.com\/prefeito-detona-evento-de-consorcios-r-1-milhao-parado-aqui-estou-cansado\/\">https:\/\/portalgerais.com\/prefeito-detona-evento-de-consorcios-r-1-milhao-parado-aqui-estou-cansado\/<\/a><\/span><\/p>\n<p><strong><span>Crian\u00e7as escrevem hist\u00f3ria de Arax\u00e1<\/span><\/strong><br \/><span>O FestNatal Arax\u00e1 2025 vai celebrar os 160 anos do munic\u00edpio com um projeto liter\u00e1rio in\u00e9dito: um livro infantil escrito por crian\u00e7as da cidade sobre a hist\u00f3ria e as riquezas locais. A iniciativa, conduzida pelos escritores Cesar Campos e Rafael Nolli, reuniu mais de 40 estudantes de escolas p\u00fablicas, particulares e rurais em uma oficina realizada no \u00faltimo s\u00e1bado, 8. Na atividade, as crian\u00e7as foram convidadas a criar uma hist\u00f3ria coletiva inspirada em Arax\u00e1. (Jornal Intera\u00e7\u00e3o)<\/span><br \/><span><a href=\"https:\/\/www.jornalinteracao.com.br\/festnatal-2025-livro-escrito-por-criancas-comemora-os-160-anos-de-araxa\">https:\/\/www.jornalinteracao.com.br\/festnatal-2025-livro-escrito-por-criancas-comemora-os-160-anos-de-araxa<\/a><\/span><\/p>\n<p><strong><span>Estudantes de Patroc\u00ednio premiados<\/span><\/strong><br \/><span>Estudantes da rede municipal de ensino de Patroc\u00ednio foram reconhecidos na etapa estadual do Pr\u00eamio MPT na Escola 2025, realizada nesta sexta-feira, 14, na sede do Minist\u00e9rio P\u00fablico do Trabalho, em Belo Horizonte. A premia\u00e7\u00e3o reuniu representantes de 18 munic\u00edpios mineiros e destacou produ\u00e7\u00f5es art\u00edsticas voltadas aos temas combate ao trabalho infantil e aprendizagem profissional. Patroc\u00ednio foi contemplada em duas categorias, com resultados expressivos que refor\u00e7am o trabalho desenvolvido nas escolas e o envolvimento dos estudantes nas a\u00e7\u00f5es do eixo Educa\u00e7\u00e3o do Projeto Resgate \u00e0 Inf\u00e2ncia. (Jornal de Patroc\u00ednio)<\/span><br \/><span><a href=\"https:\/\/www.jornaldepatrocinio.com\/estudantes-de-patrocinio-sao-premiados-na-etapa-mineira-do-premio-mpt-na-escola-2025\">https:\/\/www.jornaldepatrocinio.com\/estudantes-de-patrocinio-sao-premiados-na-etapa-mineira-do-premio-mpt-na-escola-2025<\/a><\/span><\/p>\n<p><span><\/span><\/p>\n<p>\u00a0<\/p>","protected":false},"excerpt":{"rendered":"<p>Foto: Divulga\u00e7\u00e3o COLUNA MGPrincipais destaques dos jornais e portais integrantes da rede Sindijori MG\u00a0www.sindijorimg.com.br Rodovias com radares de velocidade m\u00e9diaOs radares de velocidade m\u00e9dia \u2014 tecnologia que calcula a velocidade do ve\u00edculo ao longo de um trecho, e n\u00e3o apenas em um ponto fixo \u2014 come\u00e7aram a ser testados em rodovias que cortam Minas Gerais. [&hellip;]<\/p>\n","protected":false},"author":0,"featured_media":31937,"comment_status":"open","ping_status":"open","sticky":false,"template":"","format":"standard","meta":{"rop_custom_images_group":[],"rop_custom_messages_group":[],"rop_publish_now":"initial","rop_publish_now_accounts":[],"rop_publish_now_history":[],"rop_publish_now_status":"pending","footnotes":""},"categories":[6745],"tags":[],"class_list":["post-31936","post","type-post","status-publish","format-standard","has-post-thumbnail","hentry","category-coluna-sindijori"],"_links":{"self":[{"href":"https:\/\/diariotribuna.com.br\/index.php?rest_route=\/wp\/v2\/posts\/31936"}],"collection":[{"href":"https:\/\/diariotribuna.com.br\/index.php?rest_route=\/wp\/v2\/posts"}],"about":[{"href":"https:\/\/diariotribuna.com.br\/index.php?rest_route=\/wp\/v2\/types\/post"}],"replies":[{"embeddable":true,"href":"https:\/\/diariotribuna.com.br\/index.php?rest_route=%2Fwp%2Fv2%2Fcomments&post=31936"}],"version-history":[{"count":0,"href":"https:\/\/diariotribuna.com.br\/index.php?rest_route=\/wp\/v2\/posts\/31936\/revisions"}],"wp:featuredmedia":[{"embeddable":true,"href":"https:\/\/diariotribuna.com.br\/index.php?rest_route=\/wp\/v2\/media\/31937"}],"wp:attachment":[{"href":"https:\/\/diariotribuna.com.br\/index.php?rest_route=%2Fwp%2Fv2%2Fmedia&parent=31936"}],"wp:term":[{"taxonomy":"category","embeddable":true,"href":"https:\/\/diariotribuna.com.br\/index.php?rest_route=%2Fwp%2Fv2%2Fcategories&post=31936"},{"taxonomy":"post_tag","embeddable":true,"href":"https:\/\/diariotribuna.com.br\/index.php?rest_route=%2Fwp%2Fv2%2Ftags&post=31936"}],"curies":[{"name":"wp","href":"https:\/\/api.w.org\/{rel}","templated":true}]}}