{"id":31939,"date":"2025-11-20T08:42:32","date_gmt":"2025-11-20T11:42:32","guid":{"rendered":"https:\/\/diariotribuna.com.br\/?p=31939"},"modified":"2025-11-20T08:42:32","modified_gmt":"2025-11-20T11:42:32","slug":"igor-eto-deixa-o-partido-novo-para-assumir-comando-do-avante-em-minas","status":"publish","type":"post","link":"https:\/\/diariotribuna.com.br\/?p=31939","title":{"rendered":"Igor Eto deixa o Partido Novo para assumir comando do Avante em Minas\u00a0"},"content":{"rendered":"<h2><span>O ex-secret\u00e1rio de Estado de Governo de Romeu Zema, <\/span><strong>Igor Eto<\/strong><span>, deixar\u00e1 o Partido Novo \u2014 legenda \u00e0 qual \u00e9 filiado desde 2016 \u2014 para assumir a presid\u00eancia do <\/span><strong>Avante em Minas Gerais<\/strong><span>. A posse est\u00e1 marcada para <\/span><strong>1\u00ba de dezembro<\/strong><span>.<\/span><\/h2>\n<p>A mudan\u00e7a atende a dois objetivos principais: Eto ficar\u00e1 respons\u00e1vel pela organiza\u00e7\u00e3o das chapas de <strong>deputados federais e estaduais<\/strong> para as elei\u00e7\u00f5es de 2026 e trabalhar\u00e1 para aproximar o Avante do grupo pol\u00edtico do vice-governador <strong>Mateus Sim\u00f5es (PSD)<\/strong>, pr\u00e9-candidato ao governo de Minas. A sa\u00edda de Eto representa a <strong>segunda baixa relevante<\/strong> do Novo em sequ\u00eancia, ap\u00f3s a migra\u00e7\u00e3o do pr\u00f3prio Sim\u00f5es para o PSD.<\/p>\n<p>Sim\u00f5es j\u00e1 conta com apoio de um bloco partid\u00e1rio composto por <strong>Novo, Podemos, PP, Uni\u00e3o Brasil, DC e Solidariedade<\/strong>. A entrada do Avante ampliaria essa base de alian\u00e7as.<\/p>\n<p>Para assumir o comando do partido, Igor Eto dever\u00e1 deixar o cargo que ocupa no <strong>BDMG<\/strong>, e, segundo apura\u00e7\u00e3o, j\u00e1 comunicou o banco sobre sua decis\u00e3o.<\/p>\n<p>Nos bastidores, a movimenta\u00e7\u00e3o \u00e9 interpretada como um <strong>reposicionamento estrat\u00e9gico<\/strong> do Avante no cen\u00e1rio pol\u00edtico mineiro e como um refor\u00e7o ao campo de apoio de Sim\u00f5es, que deve assumir o governo estadual em abril, quando Zema se desincompatibilizar\u00e1 para disputar a Presid\u00eancia da Rep\u00fablica.<\/p>\n<p>O deslocamento do Avante para uma posi\u00e7\u00e3o mais \u00e0 direita, no entanto, tende a gerar <strong>tens\u00f5es internas<\/strong> e pode acelerar a sa\u00edda do deputado federal <strong>Andr\u00e9 Janones<\/strong>, que negocia filia\u00e7\u00e3o ao <strong>PDT<\/strong> ou \u00e0 <strong>Rede Sustentabilidade<\/strong>. A deputada <strong>Greyce Elias<\/strong> tamb\u00e9m articula sua sa\u00edda e deve migrar para o <strong>PL<\/strong>.<\/p>\n<p>Atualmente, o Avante possui <strong>cinco deputados federais<\/strong>: al\u00e9m de <strong>Tib\u00e9<\/strong>, <strong>Janones<\/strong> e <strong>Greyce<\/strong>, integram a bancada <strong>Bruno Farias<\/strong> e <strong>Delegada Ione Barbosa<\/strong>. A miss\u00e3o de Eto \u00e0 frente da sigla ser\u00e1 <strong>preservar o tamanho da bancada em Bras\u00edlia<\/strong> \u2014 objetivo que se alinha \u00e0s suas pr\u00f3prias perspectivas eleitorais, j\u00e1 que ele pretende disputar uma vaga na C\u00e2mara e \u00e9 considerado um nome competitivo, a depender da forma\u00e7\u00e3o da chapa.<\/p>\n<p>Na <strong>Assembleia Legislativa de Minas Gerais<\/strong>, o partido busca ampliar de <strong>tr\u00eas para cinco<\/strong> o n\u00famero de deputados estaduais eleitos em 2026. Hoje, representam a legenda os parlamentares <strong>Carol Caram<\/strong>, <strong>Bim da Ambul\u00e2ncia<\/strong> e <strong>Arlen Santiago<\/strong>.<\/p>\n<p>\u00a0<\/p>","protected":false},"excerpt":{"rendered":"<p>O ex-secret\u00e1rio de Estado de Governo de Romeu Zema, Igor Eto, deixar\u00e1 o Partido Novo \u2014 legenda \u00e0 qual \u00e9 filiado desde 2016 \u2014 para assumir a presid\u00eancia do Avante em Minas Gerais. A posse est\u00e1 marcada para 1\u00ba de dezembro. A mudan\u00e7a atende a dois objetivos principais: Eto ficar\u00e1 respons\u00e1vel pela organiza\u00e7\u00e3o das chapas [&hellip;]<\/p>\n","protected":false},"author":0,"featured_media":31940,"comment_status":"open","ping_status":"open","sticky":false,"template":"","format":"standard","meta":{"rop_custom_images_group":[],"rop_custom_messages_group":[],"rop_publish_now":"initial","rop_publish_now_accounts":[],"rop_publish_now_history":[],"rop_publish_now_status":"pending","footnotes":""},"categories":[6745],"tags":[],"class_list":["post-31939","post","type-post","status-publish","format-standard","has-post-thumbnail","hentry","category-coluna-sindijori"],"_links":{"self":[{"href":"https:\/\/diariotribuna.com.br\/index.php?rest_route=\/wp\/v2\/posts\/31939"}],"collection":[{"href":"https:\/\/diariotribuna.com.br\/index.php?rest_route=\/wp\/v2\/posts"}],"about":[{"href":"https:\/\/diariotribuna.com.br\/index.php?rest_route=\/wp\/v2\/types\/post"}],"replies":[{"embeddable":true,"href":"https:\/\/diariotribuna.com.br\/index.php?rest_route=%2Fwp%2Fv2%2Fcomments&post=31939"}],"version-history":[{"count":0,"href":"https:\/\/diariotribuna.com.br\/index.php?rest_route=\/wp\/v2\/posts\/31939\/revisions"}],"wp:featuredmedia":[{"embeddable":true,"href":"https:\/\/diariotribuna.com.br\/index.php?rest_route=\/wp\/v2\/media\/31940"}],"wp:attachment":[{"href":"https:\/\/diariotribuna.com.br\/index.php?rest_route=%2Fwp%2Fv2%2Fmedia&parent=31939"}],"wp:term":[{"taxonomy":"category","embeddable":true,"href":"https:\/\/diariotribuna.com.br\/index.php?rest_route=%2Fwp%2Fv2%2Fcategories&post=31939"},{"taxonomy":"post_tag","embeddable":true,"href":"https:\/\/diariotribuna.com.br\/index.php?rest_route=%2Fwp%2Fv2%2Ftags&post=31939"}],"curies":[{"name":"wp","href":"https:\/\/api.w.org\/{rel}","templated":true}]}}