{"id":31941,"date":"2025-11-21T08:10:33","date_gmt":"2025-11-21T11:10:33","guid":{"rendered":"https:\/\/diariotribuna.com.br\/?p=31941"},"modified":"2025-11-21T08:10:33","modified_gmt":"2025-11-21T11:10:33","slug":"pesquisa-fecomercio-mg-comercio-mineiro-otimista-para-o-natal","status":"publish","type":"post","link":"https:\/\/diariotribuna.com.br\/?p=31941","title":{"rendered":"Pesquisa Fecom\u00e9rcio MG: Com\u00e9rcio mineiro otimista para o Natal\u00a0"},"content":{"rendered":"<p class=\"MsoNormal\"><span>FECOM\u00c9RCIO | Divulga\u00e7\u00e3o<\/span><\/p>\n<p><span><\/span><span><\/span><span><\/span><span><\/span><span><\/span><span><\/span><span><\/span><span><\/span><span><\/span><span><\/span><span><\/span><span><\/span><span><\/span><span><\/span><\/p>\n<p>A pesquisa <strong>Expectativa de Vendas Natal 2025<\/strong>, realizada pelo N\u00facleo de Intelig\u00eancia &amp; Pesquisa da Fecom\u00e9rcio MG entre os dias 3 e 10 de novembro, revela um cen\u00e1rio favor\u00e1vel para o com\u00e9rcio mineiro neste fim de ano. Mais da metade dos empres\u00e1rios entrevistados (<strong>52%<\/strong>) espera vendas superiores \u00e0s registradas no \u00faltimo Natal, enquanto <strong>19,2%<\/strong> acreditam que o desempenho ser\u00e1 semelhante ao de 2024.<\/p>\n<p>Em rela\u00e7\u00e3o ao faturamento do Natal passado, <strong>56,3%<\/strong> dos comerciantes declararam satisfa\u00e7\u00e3o, enquanto <strong>40%<\/strong> se mostraram insatisfeitos. A data permanece como a mais importante para o setor, impactando o desempenho de <strong>89%<\/strong> das empresas ouvidas.<\/p>\n<p>As expectativas tamb\u00e9m s\u00e3o positivas para o \u00faltimo trimestre de 2025: <strong>50,6%<\/strong> dos entrevistados projetam desempenho melhor que o do mesmo per\u00edodo do ano anterior, e <strong>25,9%<\/strong> esperam manter os resultados de 2024, ano em que <strong>78,7%<\/strong> registraram fechamento satisfat\u00f3rio.<\/p>\n<p>Entre os motivos que explicam o otimismo para o Natal de 2025 est\u00e3o, nesta ordem:<br \/>\u2022 confian\u00e7a e expectativa para a data,<br \/>\u2022 valor afetivo do per\u00edodo,<br \/>\u2022 aquecimento das vendas,<br \/>\u2022 pagamento do d\u00e9cimo terceiro sal\u00e1rio.<\/p>\n<p>As vendas a prazo devem prevalecer, representando <strong>37,9%<\/strong> das inten\u00e7\u00f5es dos empres\u00e1rios. Quanto ao t\u00edquete m\u00e9dio, n\u00e3o houve destaque para uma faixa espec\u00edfica de valor.<\/p>\n<p>Por outro lado, <strong>17,7%<\/strong> dos entrevistados estimam um desempenho inferior ao do ano anterior. Entre as justificativas apresentadas est\u00e3o: queda no movimento do com\u00e9rcio, endividamento do consumidor, cen\u00e1rio econ\u00f4mico desafiador e maior cautela na hora de comprar.<\/p>\n<p>Para impulsionar os resultados, os comerciantes devem investir principalmente em <strong>propaganda<\/strong> e <strong>promo\u00e7\u00f5es ou liquida\u00e7\u00f5es<\/strong>, a\u00e7\u00f5es mencionadas por <strong>29,5%<\/strong> dos entrevistados. Outros <strong>29%<\/strong> pretendem apostar no <strong>atendimento diferenciado<\/strong>. Apenas <strong>7,8%<\/strong> afirmaram que n\u00e3o realizar\u00e3o a\u00e7\u00f5es espec\u00edficas para o per\u00edodo.<\/p>\n<p>Os preparativos para o Natal j\u00e1 come\u00e7aram: <strong>50,4%<\/strong> dos empres\u00e1rios afirmam ter feito seus pedidos, embora ainda n\u00e3o tenham recebido as encomendas. Outros <strong>23,5%<\/strong> j\u00e1 est\u00e3o com os produtos em m\u00e3os e prontos para as vendas.<\/p>\n<p>Al\u00e9m dos alimentos, tradicionalmente aquecidos pela data, o estudo aponta que <strong>roupas e acess\u00f3rios<\/strong> devem liderar as vendas, na percep\u00e7\u00e3o dos comerciantes. Os setores mais impactados pelo per\u00edodo natalino incluem m\u00f3veis e eletrodom\u00e9sticos; supermercados, hipermercados e lojas de alimentos, bebidas e fumo; livrarias e papelarias; al\u00e9m de tecidos, vestu\u00e1rio e cal\u00e7ados.<\/p>\n<p>Entre as empresas que operam na internet, <strong>43,9%<\/strong> tamb\u00e9m realizam vendas on-line. Para esses neg\u00f3cios, roupas, acess\u00f3rios e cal\u00e7ados aparecem novamente como os produtos com maior potencial de sa\u00edda. A maioria dos entrevistados desse grupo (<strong>50,6%<\/strong>) projeta crescimento entre <strong>10,01% e 30%<\/strong> no faturamento total durante o Natal.<\/p>\n<p>A economista <strong>Gabriela Martins<\/strong>, da Fecom\u00e9rcio MG, destaca que o Natal segue como uma das datas mais fortes do com\u00e9rcio e refor\u00e7a o sentimento de otimismo:<\/p>\n<p><em>\u201cO Natal \u00e9 uma data com forte apelo emocional e gera impactos positivos n\u00e3o apenas para o com\u00e9rcio, mas tamb\u00e9m para os setores de servi\u00e7os e turismo. Apesar de desafios como o alto endividamento das fam\u00edlias e o encarecimento do cr\u00e9dito devido \u00e0s altas taxas de juros, as estrat\u00e9gias adotadas pelos empres\u00e1rios tornam-se ainda mais importantes para garantir o aquecimento das vendas. A diversidade de produtos, o atendimento diferenciado e a facilidade de pagamento podem atrair at\u00e9 mesmo o consumidor mais cauteloso, favorecendo um desempenho positivo pelo segundo ano consecutivo.\u201d<\/em><\/p>\n<p>A pesquisa avaliou <strong>417 empresas do com\u00e9rcio<\/strong>, com pelo menos 39 representantes em cada uma das regi\u00f5es de planejamento de Minas Gerais. A amostra apresenta margem de erro de <strong>5%<\/strong>, com intervalo de confian\u00e7a de <strong>95%<\/strong>.<\/p>\n<h2>Oportunidade de crescimento: cursos gratuitos do Senac para atendimento e empreendedorismo no Natal<\/h2>\n<p>O Senac em Minas, integrante do Sistema Fecom\u00e9rcio MG, est\u00e1 oferecendo mais de <strong>2 mil vagas gratuitas<\/strong> em cursos de qualifica\u00e7\u00e3o profissional em todo o estado. S\u00e3o <strong>125 forma\u00e7\u00f5es<\/strong> nas \u00e1reas de gastronomia, gest\u00e3o, inform\u00e1tica e outras, com in\u00edcio das turmas previsto para novembro e dezembro.<\/p>\n<p>Muitas das capacita\u00e7\u00f5es s\u00e3o voltadas \u00e0s demandas do fim de ano, seja para atua\u00e7\u00e3o no com\u00e9rcio ou para fomentar o empreendedorismo. Entre os cursos ofertados est\u00e3o:<br \/>\u2022 comida natalina,<br \/>\u2022 panetones, bolos e roscas natalinas,<br \/>\u2022 confeitaria natalina,<br \/>\u2022 bar de Natal,<br \/>\u2022 ferramentas de marketing digital,<br \/>\u2022 prospec\u00e7\u00e3o de clientes,<br \/>\u2022 marketing pessoal para vendedores,<br \/>\u2022 qualidade no atendimento ao cliente, entre outros.<\/p>\n<p>As vagas s\u00e3o oferecidas por meio dos programas <strong>Senac+<\/strong> e <strong>Programa Senac de Gratuidade (PSG)<\/strong>.<br \/>O PSG atende pessoas com renda familiar per capita de at\u00e9 dois sal\u00e1rios m\u00ednimos. J\u00e1 o Senac+ contempla participantes indicados por empresas do com\u00e9rcio de bens, servi\u00e7os e turismo, sindicatos empresariais e institui\u00e7\u00f5es de inclus\u00e3o social \u2014 desde que devidamente credenciadas junto ao Senac.<\/p>\n<p>As inscri\u00e7\u00f5es seguem at\u00e9 o preenchimento das vagas e devem ser realizadas presencialmente na unidade onde o curso estar\u00e1 dispon\u00edvel. Informa\u00e7\u00f5es adicionais est\u00e3o no site do Senac, pelo telefone <strong>0800 724 4440<\/strong> ou pelo WhatsApp estadual <strong>(31) 3057-8600<\/strong>.<\/p>\n<h2>Sobre a Fecom\u00e9rcio MG<\/h2>\n<p>A <strong>Federa\u00e7\u00e3o do Com\u00e9rcio de Bens, Servi\u00e7os e Turismo de Minas Gerais (Fecom\u00e9rcio MG)<\/strong> \u00e9 a principal entidade representativa do setor no estado, reunindo mais de <strong>750 mil empresas<\/strong> e <strong>54 sindicatos<\/strong>. Sob a presid\u00eancia de <strong>Nadim Elias Donato Filho<\/strong>, a Fecom\u00e9rcio MG atua como porta-voz do empresariado, buscando solu\u00e7\u00f5es por meio do di\u00e1logo com o governo e a sociedade.<\/p>\n<p>A Federa\u00e7\u00e3o administra, em Minas Gerais, o <strong>Servi\u00e7o Social do Com\u00e9rcio (Sesc)<\/strong> e o <strong>Servi\u00e7o Nacional de Aprendizagem Comercial (Senac)<\/strong>. A atua\u00e7\u00e3o integrada das tr\u00eas institui\u00e7\u00f5es fortalece a\u00e7\u00f5es voltadas ao bem-estar, forma\u00e7\u00e3o profissional e desenvolvimento social, beneficiando comerci\u00e1rios, empres\u00e1rios e a comunidade em geral.<\/p>\n<p>Desde 2022, a Fecom\u00e9rcio MG tem ampliado sua presen\u00e7a na agenda p\u00fablica, promovendo debates sobre o papel do setor no desenvolvimento econ\u00f4mico do estado. A entidade atua em alinhamento com a <strong>Confedera\u00e7\u00e3o Nacional do Com\u00e9rcio (CNC)<\/strong>, presidida por Jos\u00e9 Roberto Tadros, defendendo os interesses do com\u00e9rcio em n\u00edvel municipal, estadual e federal.<\/p>\n\n<p>Com 86 anos de hist\u00f3ria, a Fecom\u00e9rcio MG segue comprometida com a oferta de melhores condi\u00e7\u00f5es tribut\u00e1rias, negocia\u00e7\u00f5es coletivas, benef\u00edcios ao empresariado e iniciativas que impulsionam a economia mineira e transformam a vida dos cidad\u00e3os.<\/p>\n<p>\u00a0<\/p>","protected":false},"excerpt":{"rendered":"<p>FECOM\u00c9RCIO | Divulga\u00e7\u00e3o A pesquisa Expectativa de Vendas Natal 2025, realizada pelo N\u00facleo de Intelig\u00eancia &amp; Pesquisa da Fecom\u00e9rcio MG entre os dias 3 e 10 de novembro, revela um cen\u00e1rio favor\u00e1vel para o com\u00e9rcio mineiro neste fim de ano. Mais da metade dos empres\u00e1rios entrevistados (52%) espera vendas superiores \u00e0s registradas no \u00faltimo Natal, [&hellip;]<\/p>\n","protected":false},"author":0,"featured_media":31942,"comment_status":"open","ping_status":"open","sticky":false,"template":"","format":"standard","meta":{"rop_custom_images_group":[],"rop_custom_messages_group":[],"rop_publish_now":"initial","rop_publish_now_accounts":[],"rop_publish_now_history":[],"rop_publish_now_status":"pending","footnotes":""},"categories":[6745],"tags":[],"class_list":["post-31941","post","type-post","status-publish","format-standard","has-post-thumbnail","hentry","category-coluna-sindijori"],"_links":{"self":[{"href":"https:\/\/diariotribuna.com.br\/index.php?rest_route=\/wp\/v2\/posts\/31941"}],"collection":[{"href":"https:\/\/diariotribuna.com.br\/index.php?rest_route=\/wp\/v2\/posts"}],"about":[{"href":"https:\/\/diariotribuna.com.br\/index.php?rest_route=\/wp\/v2\/types\/post"}],"replies":[{"embeddable":true,"href":"https:\/\/diariotribuna.com.br\/index.php?rest_route=%2Fwp%2Fv2%2Fcomments&post=31941"}],"version-history":[{"count":0,"href":"https:\/\/diariotribuna.com.br\/index.php?rest_route=\/wp\/v2\/posts\/31941\/revisions"}],"wp:featuredmedia":[{"embeddable":true,"href":"https:\/\/diariotribuna.com.br\/index.php?rest_route=\/wp\/v2\/media\/31942"}],"wp:attachment":[{"href":"https:\/\/diariotribuna.com.br\/index.php?rest_route=%2Fwp%2Fv2%2Fmedia&parent=31941"}],"wp:term":[{"taxonomy":"category","embeddable":true,"href":"https:\/\/diariotribuna.com.br\/index.php?rest_route=%2Fwp%2Fv2%2Fcategories&post=31941"},{"taxonomy":"post_tag","embeddable":true,"href":"https:\/\/diariotribuna.com.br\/index.php?rest_route=%2Fwp%2Fv2%2Ftags&post=31941"}],"curies":[{"name":"wp","href":"https:\/\/api.w.org\/{rel}","templated":true}]}}