{"id":31943,"date":"2025-11-21T11:55:00","date_gmt":"2025-11-21T14:55:00","guid":{"rendered":"https:\/\/diariotribuna.com.br\/?p=31943"},"modified":"2025-11-21T11:55:00","modified_gmt":"2025-11-21T14:55:00","slug":"operacao-de-mineracao-volta-no-jequitinhonha","status":"publish","type":"post","link":"https:\/\/diariotribuna.com.br\/?p=31943","title":{"rendered":"Opera\u00e7\u00e3o de minera\u00e7\u00e3o volta no Jequitinhonha\u00a0"},"content":{"rendered":"<p><em><span>Foto: Divulga\u00e7\u00e3o Sigma<\/span><\/em><\/p>\n<p><strong><span>COLUNA MG<\/span><\/strong><br \/><span>Principais destaques dos jornais e portais integrantes da Rede Sindijori MG<\/span><br \/><span><a href=\"http:\/\/www.sindijorimg.com.br\/\">www.sindijorimg.com.br<\/a><\/span><\/p>\n<p><strong><span>Opera\u00e7\u00e3o de minera\u00e7\u00e3o volta no Jequitinhonha<\/span><\/strong><br \/><span>As opera\u00e7\u00f5es de minera\u00e7\u00e3o da Sigma Lithium, no Vale do Jequitinhonha, devem ser retomadas at\u00e9 o final deste m\u00eas, com previs\u00e3o de atingir plena capacidade produtiva at\u00e9 o primeiro trimestre de 2026. Os trabalhos estavam suspensos desde setembro, quando a companhia rompeu com a Fagundes Constru\u00e7\u00e3o e Minera\u00e7\u00e3o, que prestava servi\u00e7os para o empreendimento. As atividades no Vale do Jequitinhonha devem atingir plena capacidade produtiva at\u00e9 o primeiro trimestre de 2026, conforme relat\u00f3rios de resultados da empresa do terceiro trimestre de 2025. (Di\u00e1rio do Com\u00e9rcio)<\/span><br \/><span><a href=\"https:\/\/diariodocomercio.com.br\/economia\/vale-jequitinhonha-sigma-mineracao\/\">https:\/\/diariodocomercio.com.br\/economia\/vale-jequitinhonha-sigma-mineracao\/<\/a><\/span><\/p>\n<p><strong><span>Igor Eto assume comando do Avante<\/span><\/strong><br \/><span>O ex-secret\u00e1rio de Estado de Governo de Romeu Zema, Igor Eto, deixar\u00e1 o Partido Novo \u2014 legenda \u00e0 qual \u00e9 filiado desde 2016 \u2014 para assumir a presid\u00eancia do Avante em Minas Gerais. A posse est\u00e1 marcada para 1\u00ba de dezembro. A mudan\u00e7a atende a dois objetivos principais: Eto ficar\u00e1 respons\u00e1vel pela organiza\u00e7\u00e3o das chapas de deputados federais e estaduais para as elei\u00e7\u00f5es de 2026 e trabalhar\u00e1 para aproximar o Avante do grupo pol\u00edtico do vice-governador Mateus Sim\u00f5es (PSD), pr\u00e9-candidato ao governo de Minas. A sa\u00edda de Eto representa a segunda baixa relevante do Novo em sequ\u00eancia, ap\u00f3s a migra\u00e7\u00e3o do pr\u00f3prio Sim\u00f5es para o PSD. (Rede Sindijori)<\/span><br \/><span><a href=\"https:\/\/www.sindijorimg.com.br\/igor-eto-deixa-o-partido-novo-para-assumir-comando-do-avante-em-minas\">https:\/\/www.sindijorimg.com.br\/igor-eto-deixa-o-partido-novo-para-assumir-comando-do-avante-em-minas<\/a><\/span><\/p>\n<p><strong><span>Caet\u00e9 recebe aula\/show com confeiteiros<\/span><\/strong><br \/><span>Na pr\u00f3xima segunda-feira, 24, o Clube Icara\u00ed ser\u00e1 palco de uma experi\u00eancia saborosa do coletivo Rota Doce \u2013 Entre Montanhas, iniciativa criada por renomados confeiteiros, participantes da primeira edi\u00e7\u00e3o do reality show MasterChef Confeitaria Profissionais. Na din\u00e2mica, 6 confeiteiros v\u00e3o se dividir em duplas e cada uma ir\u00e1 preparar uma sobremesa utilizando produtos regionais, como o ch\u00e1 preto, frutas e queijos. A experi\u00eancia permitir\u00e1 a valoriza\u00e7\u00e3o de itens da gastronomia local e o contato com o p\u00fablico. (Opini\u00e3o \u2013 Caet\u00e9)<\/span><br \/><span><a href=\"https:\/\/www.opiniaocaete.com.br\/caete-vai-receber-aula-show-gratuitas-com-confeiteiros-do-rota-doce-entre-montanhas\/\">https:\/\/www.opiniaocaete.com.br\/caete-vai-receber-aula-show-gratuitas-com-confeiteiros-do-rota-doce-entre-montanhas\/<\/a><\/span><\/p>\n<p><strong><span>Prefeitura e Hospital firmam contrato<\/span><\/strong><br \/><span>O Hospital S\u00e3o Sebasti\u00e3o e a Prefeitura Municipal de Tr\u00eas Cora\u00e7\u00f5es celebraram um acordo hist\u00f3rico durante reuni\u00e3o realizada nesta quarta-feira, 19, garantindo a renova\u00e7\u00e3o do contrato de fomento \u00e0 Funda\u00e7\u00e3o Hospitalar. O entendimento assegura o repasse mensal de R$ 1,26 milh\u00e3o para a manuten\u00e7\u00e3o dos servi\u00e7os de sa\u00fade, valor que preservar\u00e1 a qualidade do pronto-atendimento de urg\u00eancia oferecido \u00e0 popula\u00e7\u00e3o. A decis\u00e3o representa um marco na coopera\u00e7\u00e3o entre o poder p\u00fablico e a institui\u00e7\u00e3o de sa\u00fade, consolidando uma parceria essencial para o bem-estar da comunidade. (O Debate \u2013 Varginha)<\/span><br \/><span><a href=\"https:\/\/www.odebatenoticias.com.br\/post\/prefeitura-de-tr%C3%AAs-cora%C3%A7%C3%B5es-e-hospital-s%C3%A3o-sebasti%C3%A3o-firmam-novo-contrato-de-r-1-26-milh%C3%A3o-mensais\">https:\/\/www.odebatenoticias.com.br\/post\/prefeitura-de-tr%C3%AAs-cora%C3%A7%C3%B5es-e-hospital-s%C3%A3o-sebasti%C3%A3o-firmam-novo-contrato-de-r-1-26-milh%C3%A3o-mensais<\/a><\/span><\/p>\n<p><strong><span>Muria\u00e9 tem programa\u00e7\u00e3o natalina<\/span><\/strong><br \/><span>A magia do Natal j\u00e1 tomou conta de Muria\u00e9. A Prefeitura de Muria\u00e9 e a Fundarte, em parceria com a CDL ACE Mais de Muria\u00e9, realizaram na noite deter\u00e7a-feira, 18 de novembro, a abertura oficial do Natal Luz e Paz 2025 na Pra\u00e7a Jo\u00e3o Pinheiro. O evento reuniu autoridades, representantes do com\u00e9rcio local, artistas e a popula\u00e7\u00e3o muriaeense em um ambiente de encanto, uni\u00e3o e celebra\u00e7\u00e3o. A programa\u00e7\u00e3o art\u00edstica iniciou com apresenta\u00e7\u00f5es da Sociedade Musical Uni\u00e3o dos Artistas, do Coral Cantare e de um grande coral formado por alunos da Escola Municipal de M\u00fasica Leonel Vargas. (Gazeta de Muria\u00e9)<\/span><br \/><span><a href=\"https:\/\/gazetademuriae.com.br\/noticia\/detalhe\/16160\/prefeitura-de-muriae-e-fundarte-em-parceria-com-a-cdl-abrem-oficialmente-a-programacao-natalina-da-cidade\">https:\/\/gazetademuriae.com.br\/noticia\/detalhe\/16160\/prefeitura-de-muriae-e-fundarte-em-parceria-com-a-cdl-abrem-oficialmente-a-programacao-natalina-da-cidade<\/a><\/span><\/p>\n<p><strong><span>Voos de Divin\u00f3polis s\u00e3o suspensos<\/span><\/strong><br \/><span>A Azul Linhas A\u00e9reas confirmou que vai suspender, a partir de janeiro de 2026, os voos que ligam Divin\u00f3polis ao Aeroporto de Viracopos, em Campinas. A mudan\u00e7a encerra uma das principais rotas de conex\u00e3o direta entre o Centro-Oeste mineiro e o interior paulista, interrompendo um trajeto que havia sido retomado apenas um ano antes, quando o Aeroporto Brigadeiro Cabral voltou a receber opera\u00e7\u00f5es comerciais ap\u00f3s seis anos fechado. A decis\u00e3o foi comunicada oficialmente pela companhia e j\u00e1 pode ser observada no site da Azul. (Portal G37)<\/span><br \/><span><a href=\"https:\/\/g37.com.br\/divinopolis\/azul-suspende-voos-de-divinopolis-para-campinas-a-partir-de-janeiro-2026\/\">https:\/\/g37.com.br\/divinopolis\/azul-suspende-voos-de-divinopolis-para-campinas-a-partir-de-janeiro-2026\/<\/a><\/span><\/p>\n<p><span><\/span><\/p>\n<p>\u00a0<\/p>","protected":false},"excerpt":{"rendered":"<p>Foto: Divulga\u00e7\u00e3o Sigma COLUNA MGPrincipais destaques dos jornais e portais integrantes da Rede Sindijori MGwww.sindijorimg.com.br Opera\u00e7\u00e3o de minera\u00e7\u00e3o volta no JequitinhonhaAs opera\u00e7\u00f5es de minera\u00e7\u00e3o da Sigma Lithium, no Vale do Jequitinhonha, devem ser retomadas at\u00e9 o final deste m\u00eas, com previs\u00e3o de atingir plena capacidade produtiva at\u00e9 o primeiro trimestre de 2026. Os trabalhos estavam [&hellip;]<\/p>\n","protected":false},"author":0,"featured_media":31944,"comment_status":"open","ping_status":"open","sticky":false,"template":"","format":"standard","meta":{"rop_custom_images_group":[],"rop_custom_messages_group":[],"rop_publish_now":"initial","rop_publish_now_accounts":[],"rop_publish_now_history":[],"rop_publish_now_status":"pending","footnotes":""},"categories":[6745],"tags":[],"class_list":["post-31943","post","type-post","status-publish","format-standard","has-post-thumbnail","hentry","category-coluna-sindijori"],"_links":{"self":[{"href":"https:\/\/diariotribuna.com.br\/index.php?rest_route=\/wp\/v2\/posts\/31943"}],"collection":[{"href":"https:\/\/diariotribuna.com.br\/index.php?rest_route=\/wp\/v2\/posts"}],"about":[{"href":"https:\/\/diariotribuna.com.br\/index.php?rest_route=\/wp\/v2\/types\/post"}],"replies":[{"embeddable":true,"href":"https:\/\/diariotribuna.com.br\/index.php?rest_route=%2Fwp%2Fv2%2Fcomments&post=31943"}],"version-history":[{"count":0,"href":"https:\/\/diariotribuna.com.br\/index.php?rest_route=\/wp\/v2\/posts\/31943\/revisions"}],"wp:featuredmedia":[{"embeddable":true,"href":"https:\/\/diariotribuna.com.br\/index.php?rest_route=\/wp\/v2\/media\/31944"}],"wp:attachment":[{"href":"https:\/\/diariotribuna.com.br\/index.php?rest_route=%2Fwp%2Fv2%2Fmedia&parent=31943"}],"wp:term":[{"taxonomy":"category","embeddable":true,"href":"https:\/\/diariotribuna.com.br\/index.php?rest_route=%2Fwp%2Fv2%2Fcategories&post=31943"},{"taxonomy":"post_tag","embeddable":true,"href":"https:\/\/diariotribuna.com.br\/index.php?rest_route=%2Fwp%2Fv2%2Ftags&post=31943"}],"curies":[{"name":"wp","href":"https:\/\/api.w.org\/{rel}","templated":true}]}}