{"id":31946,"date":"2025-11-22T11:22:43","date_gmt":"2025-11-22T14:22:43","guid":{"rendered":"https:\/\/diariotribuna.com.br\/?p=31946"},"modified":"2025-11-22T11:22:43","modified_gmt":"2025-11-22T14:22:43","slug":"metade-de-uberlandia-esta-endividada","status":"publish","type":"post","link":"https:\/\/diariotribuna.com.br\/?p=31946","title":{"rendered":"Metade de Uberl\u00e2ndia est\u00e1 endividada\u00a0"},"content":{"rendered":"<p><em><span>Foto: Marcello Casal Jr\/Ag\u00eancia Brasil<\/span><\/em><\/p>\n<p><strong><span>COLUNA MG<\/span><\/strong><br \/><span>Principais destaques dos jornais e portais integrantes da Rede Sindijori MG<\/span><br \/><span><a href=\"http:\/\/www.sindijorimg.com.br\/\">www.sindijorimg.com.br<\/a><\/span><\/p>\n<p><strong><span>Metade de Uberl\u00e2ndia est\u00e1 endividada<\/span><\/strong><br \/><span>Um levantamento realizado pela Serasa apontou que Uberl\u00e2ndia tem mais de 350.681 pessoas inadimplentes, o que representa quase 50% da popula\u00e7\u00e3o total, que \u00e9 de 725.536 habitantes. Os dados mostram ainda que o n\u00famero total de d\u00edvidas ativas na cidade ultrapassa 1,7 milh\u00e3o, que juntas somam um valor superior a R$ 2,6 bilh\u00f5es, sendo uma m\u00e9dia de R$ 7.481,88 por endividado. Para auxiliar os inadimplentes a regularizarem o nome, a Serasa realiza at\u00e9 o dia 30 de novembro o Feir\u00e3o Limpa Nome, com ofertas e condi\u00e7\u00f5es exclusivas para renegociar os d\u00e9bitos diretamente com os credores. (Di\u00e1rio de Uberl\u00e2ndia)<\/span><br \/><span><a href=\"https:\/\/diariodeuberlandia.com.br\/noticia\/39337\/quase-metade-da-populacao-de-uberlandia-esta-endividada\">https:\/\/diariodeuberlandia.com.br\/noticia\/39337\/quase-metade-da-populacao-de-uberlandia-esta-endividada<\/a><\/span><\/p>\n<p><strong><span>13\u00ba injeta R$ 34 bilh\u00f5es em Minas<\/span><\/strong><br \/><span>O13\u00ba sal\u00e1rio deve movimentar cerca de R$ 34 bilh\u00f5es na economia mineira at\u00e9 o fim do ano. Segundo levantamento do Departamento Intersindical de Estat\u00edsticas e Estudos Socioecon\u00f4micos (Dieese), esse montante representa perto de 3% do PIB de Minas. O valor previsto para Minas representa 18,6% da quantia destinada ao Sudeste, estimada em R$ 183,2 bilh\u00f5es. No Estado, cerca de 10,2 milh\u00f5es de pessoas devem receber o 13\u00ba sal\u00e1rio em 2025, um valor m\u00e9dio de R$ 2.970 por benefici\u00e1rio. Os trabalhadores do setor formal, sejam celetistas ou estatut\u00e1rios, correspondem a 58,2% dos benefici\u00e1rios em Minas Gerais, totalizando 5,937 milh\u00f5es de pessoas. (Edi\u00e7\u00e3o do Brasil \u2013 Belo Horizonte)<\/span><br \/><span><a href=\"https:\/\/edicaodobrasil.com.br\/pagamento-do-13o-salario-deve-injetar-r-34-bilhoes-na-economia-de-minas\/\">https:\/\/edicaodobrasil.com.br\/pagamento-do-13o-salario-deve-injetar-r-34-bilhoes-na-economia-de-minas\/<\/a><\/span><\/p>\n<p><span><strong>Congonhas com ar em n\u00edveis cr\u00edticos<\/strong>\u00a0<\/span><br \/><span>Um levantamento realizado por pesquisadores da UFMG revelou n\u00edveis cr\u00edticos de poeira no ar em Congonhas, cidade marcada pela intensa atividade mineradora. O estudo identificou concentra\u00e7\u00f5es acima dos limites da Ag\u00eancia de Prote\u00e7\u00e3o Ambiental dos Estados Unidos (US EPA) \u2014 refer\u00eancia internacional no controle da polui\u00e7\u00e3o atmosf\u00e9rica \u2014 e superiores \u00e0s recomenda\u00e7\u00f5es da Organiza\u00e7\u00e3o Mundial da Sa\u00fade (OMS).Os resultados fazem parte do Invent\u00e1rio de Emiss\u00f5es Atmosf\u00e9ricas \u2013 ano base 2023, que ser\u00e1 apresentado no dia 24 de novembro, \u00e0s 14h, no Museu de Congonhas. (Correio da Cidade \u2013 Conslheiro Lafaiete)<\/span><br \/><span><a href=\"https:\/\/www.jornalcorreiodacidade.com.br\/noticias\/45014-estudo-da-ufmg-identifica-niveis-criticos-de-poeira-no-ar-em-congonhas-e-alerta-para-riscos-ambientais\">https:\/\/www.jornalcorreiodacidade.com.br\/noticias\/45014-estudo-da-ufmg-identifica-niveis-criticos-de-poeira-no-ar-em-congonhas-e-alerta-para-riscos-ambientais<\/a><\/span><\/p>\n<p><strong><span>Santa Casa BH entre as 100 melhores<\/span><\/strong><br \/><span>Considerada a maior premia\u00e7\u00e3o do terceiro setor brasileiro, o Pr\u00eamio Melhores ONGs certificou a Santa Casa BH mais uma vez como uma das 100 melhores ONGs do Brasil. O an\u00fancio foi feito na quinta-feira (13). \u00c9 a s\u00e9tima vez que a institui\u00e7\u00e3o aparece na lista desde que a premia\u00e7\u00e3o foi criada, em 2017.\u00a0 O Pr\u00eamio Melhores ONGs \u00e9 realizado pela Certificadora Social e reconhece o trabalho prestado pelas institui\u00e7\u00f5es n\u00e3o governamentais no Brasil. Em 2025, ela destacou aquelas que apresentaram boas pr\u00e1ticas em quesitos como governan\u00e7a, transpar\u00eancia, comunica\u00e7\u00e3o e financiamento. (MG Turismo \u2013 Belo Horizonte)<\/span><br \/><span><a href=\"https:\/\/mgturismo.com.br\/santa-casa-bh-e-eleita-uma-das-100-melhores-ongs-do-brasil-pela-7a-vez\/\">https:\/\/mgturismo.com.br\/santa-casa-bh-e-eleita-uma-das-100-melhores-ongs-do-brasil-pela-7a-vez\/<\/a><\/span><\/p>\n<p><strong><span>Norte obt\u00e9m habilita\u00e7\u00e3o em Oncologia<\/span><\/strong><br \/><span>Por meio da Portaria 3.451, publicada no Di\u00e1rio Oficial da Uni\u00e3o dessa segunda-feira (17), o Minist\u00e9rio da Sa\u00fade habilitou a terceira Unidade de Assist\u00eancia de Alta Complexidade em Oncologia (Unacon) para o atendimento de demandas de pacientes da ma- crorregi\u00e3o de sa\u00fade do Norte de Minas. A institui\u00e7\u00e3o contemplada \u00e9 o Hospital Regional de Jana\u00faba que, em junho de 2024 iniciou as atividades do Hospital do C\u00e2ncer Marcone Cleber Silva Oliveira, com o atendimento de pacientes residentes nas microrregi\u00f5es de Jana\u00faba\/Monte Azul e Manga. (Novo Jornal de Not\u00edcias)<\/span><br \/><span><a href=\"https:\/\/novojornaldenoticias.com\/noticias\/norte-de-minas-obtem-habilitacao-da-3a-unidade-de-alta-complexidade-em-oncologia\/\">https:\/\/novojornaldenoticias.com\/noticias\/norte-de-minas-obtem-habilitacao-da-3a-unidade-de-alta-complexidade-em-oncologia\/<\/a><\/span><\/p>\n<p><strong><span>JF entre as mais seguras do Brasil<\/span><\/strong><br \/><span>Juiz de Fora se destacou no cen\u00e1rio nacional ao ser reconhecida como a sexta cidade mais segura do Brasil entre os munic\u00edpios com popula\u00e7\u00e3o superior a 500 mil e inferior a 1 milh\u00e3o de habitantes. O dado integra o anu\u00e1rio Cidades Mais Seguras do Brasil, elaborado a partir de informa\u00e7\u00f5es do Instituto Brasileiro de Geografia e Estat\u00edstica (IBGE) e do Minist\u00e9rio da Sa\u00fade. A prefeita Margarida Salom\u00e3o afirmou que o resultado refor\u00e7a a efic\u00e1cia das pol\u00edticas p\u00fablicas implementadas na \u00e1rea de seguran\u00e7a. Segundo ela, o munic\u00edpio avan\u00e7ou gra\u00e7as ao investimento em intelig\u00eancia e \u00e0 integra\u00e7\u00e3o entre as for\u00e7as de seguran\u00e7a. (Tribuna de Minas \u2013 Juiz de Fora)<\/span><br \/><span><a href=\"https:\/\/tribunademinas.com.br\/noticias\/cidade\/21-11-2025\/juiz-de-fora-aparece-entre-as-cidades-mais-seguras-do-brasil-aponta-em-anuario-nacional.html\">https:\/\/tribunademinas.com.br\/noticias\/cidade\/21-11-2025\/juiz-de-fora-aparece-entre-as-cidades-mais-seguras-do-brasil-aponta-em-anuario-nacional.html<\/a><\/span><\/p>\n<p><span><\/span><\/p>\n<p>\u00a0<\/p>","protected":false},"excerpt":{"rendered":"<p>Foto: Marcello Casal Jr\/Ag\u00eancia Brasil COLUNA MGPrincipais destaques dos jornais e portais integrantes da Rede Sindijori MGwww.sindijorimg.com.br Metade de Uberl\u00e2ndia est\u00e1 endividadaUm levantamento realizado pela Serasa apontou que Uberl\u00e2ndia tem mais de 350.681 pessoas inadimplentes, o que representa quase 50% da popula\u00e7\u00e3o total, que \u00e9 de 725.536 habitantes. Os dados mostram ainda que o n\u00famero [&hellip;]<\/p>\n","protected":false},"author":0,"featured_media":31947,"comment_status":"open","ping_status":"open","sticky":false,"template":"","format":"standard","meta":{"rop_custom_images_group":[],"rop_custom_messages_group":[],"rop_publish_now":"initial","rop_publish_now_accounts":[],"rop_publish_now_history":[],"rop_publish_now_status":"pending","footnotes":""},"categories":[6745],"tags":[],"class_list":["post-31946","post","type-post","status-publish","format-standard","has-post-thumbnail","hentry","category-coluna-sindijori"],"_links":{"self":[{"href":"https:\/\/diariotribuna.com.br\/index.php?rest_route=\/wp\/v2\/posts\/31946"}],"collection":[{"href":"https:\/\/diariotribuna.com.br\/index.php?rest_route=\/wp\/v2\/posts"}],"about":[{"href":"https:\/\/diariotribuna.com.br\/index.php?rest_route=\/wp\/v2\/types\/post"}],"replies":[{"embeddable":true,"href":"https:\/\/diariotribuna.com.br\/index.php?rest_route=%2Fwp%2Fv2%2Fcomments&post=31946"}],"version-history":[{"count":0,"href":"https:\/\/diariotribuna.com.br\/index.php?rest_route=\/wp\/v2\/posts\/31946\/revisions"}],"wp:featuredmedia":[{"embeddable":true,"href":"https:\/\/diariotribuna.com.br\/index.php?rest_route=\/wp\/v2\/media\/31947"}],"wp:attachment":[{"href":"https:\/\/diariotribuna.com.br\/index.php?rest_route=%2Fwp%2Fv2%2Fmedia&parent=31946"}],"wp:term":[{"taxonomy":"category","embeddable":true,"href":"https:\/\/diariotribuna.com.br\/index.php?rest_route=%2Fwp%2Fv2%2Fcategories&post=31946"},{"taxonomy":"post_tag","embeddable":true,"href":"https:\/\/diariotribuna.com.br\/index.php?rest_route=%2Fwp%2Fv2%2Ftags&post=31946"}],"curies":[{"name":"wp","href":"https:\/\/api.w.org\/{rel}","templated":true}]}}