{"id":31958,"date":"2025-11-24T11:40:59","date_gmt":"2025-11-24T14:40:59","guid":{"rendered":"https:\/\/diariotribuna.com.br\/?p=31958"},"modified":"2025-11-24T11:40:59","modified_gmt":"2025-11-24T14:40:59","slug":"mais-de-4-mil-casos-de-dengue-em-jf","status":"publish","type":"post","link":"https:\/\/diariotribuna.com.br\/?p=31958","title":{"rendered":"Mais de 4 mil casos de dengue em JF\u00a0"},"content":{"rendered":"<p><em><span>Foto: Pedro Gontijo\/Imprensa MG<\/span><\/em><\/p>\n<p><strong><span>COLUNA MG<\/span><\/strong><br \/><span>Principais destaques dos jornais e portais integrantes da rede Sindijori MG\u00a0<\/span><br \/><span><a href=\"http:\/\/www.sindijorimg.com.br\/\">www.sindijorimg.com.br<\/a><\/span><\/p>\n<p><strong><span>Mais de 4 mil casos de dengue em JF<\/span><\/strong><br \/><span>Ao longo de 2025, Juiz de Fora j\u00e1 registrou mais de 4.024 casos prov\u00e1veis de dengue, al\u00e9m de cinco \u00f3bitos confirmados e dois em investiga\u00e7\u00e3o. A classifica\u00e7\u00e3o leva em conta atualiza\u00e7\u00e3o feita na \u00faltima semana e se refere a todos os casos notificados, exceto os descartados ap\u00f3s investiga\u00e7\u00e3o. Os dados est\u00e3o dispon\u00edveis no painel de monitoramento de arboviroses da Secretaria de Estado de Sa\u00fade de Minas Gerais. Os n\u00fameros s\u00e3o os maiores desde 2019 \u2013 excluindo 2024, quando houve registro de epidemia da de dengue. Dos casos, 146 foram considerados graves. (<a href=\"https:\/\/www.sindijorimg.com.br\/admin\/www.tribunademinas.com.br\">Tribuna de Minas<\/a>\u00a0 &#8211; Juiz de Fora)<\/span><br \/><span><a href=\"https:\/\/tribunademinas.com.br\/especiais\/saude\/22-11-2025\/dengue-casos-obitos.html\">https:\/\/tribunademinas.com.br\/especiais\/saude\/22-11-2025\/dengue-casos-obitos.html<\/a><\/span><\/p>\n<p><strong><span>Patos restringe atestados<\/span><\/strong><br \/><span>Desde sexta-feira, 14, a emiss\u00e3o de atestados m\u00e9dicos na Unidade de Pronto Atendimento (UPA) de Patos de Minas passou a ser exclusiva para pacientes classificados, pelo Protocolo de Manchester, nas categorias amarelo (urgente), laranja (muito urgente) ou vermelho (emerg\u00eancia). A medida, institu\u00edda pelo Decreto Municipal 6.108\/2025, tem como objetivo reduzir a sobrecarga da UPA provocada por atendimentos de baixa complexidade, que deveriam ser realizados nas Unidades de Sa\u00fade da Fam\u00edlia. (Folha Patense)<\/span><br \/><span><a href=\"https:\/\/www.folhapatense.com.br\/emissao-de-atestado-na-upa-de-patos-de-minas-sera-restrita-a-pacientes-de-urgencia-e-emergencia\">https:\/\/www.folhapatense.com.br\/emissao-de-atestado-na-upa-de-patos-de-minas-sera-restrita-a-pacientes-de-urgencia-e-emergencia<\/a><\/span><\/p>\n<p><strong><span>Maria Fuma\u00e7a tem passeios natalinos<\/span><\/strong><br \/><span>A Maria Fuma\u00e7a que liga S\u00e3o Jo\u00e3o del Rei a Tiradentes, no Campo das Vertentes est\u00e1 iluminada, decorada e ainda conta com um passageiro muito especial: o Papai Noel chegou a esta\u00e7\u00e3o no dia 15 de novembro. J\u00e1 ocorreram viagens em 15 e 21 de novembro. Agora, a programa\u00e7\u00e3o conta com novos passeios em 28 de novembro, e 5, 12, 19 e 26 de dezembro, sempre \u00e0s sextas-feiras. S\u00e3o 12 km de trajeto, \u00e0s margens da Serra de S\u00e3o Jos\u00e9, onde os passageiros poder\u00e3o apreciar a paisagens e arquiteturas do s\u00e9culo XIX, com luzes e clima natalino. (Estrada Nacional)<\/span><br \/><span><a href=\"https:\/\/www.estradanacional.info\/post\/maria-fuma%C3%A7a-entre-s%C3%A3o-jo%C3%A3o-del-rei-e-tiradentes-tem-passeios-natalinos-com-papai-noel\">https:\/\/www.estradanacional.info\/post\/maria-fuma%C3%A7a-entre-s%C3%A3o-jo%C3%A3o-del-rei-e-tiradentes-tem-passeios-natalinos-com-papai-noel<\/a><\/span><\/p>\n<p><strong><span>Aeroporto regional tem melhorias<\/span><\/strong><br \/><span>As obras de requalifica\u00e7\u00e3o e amplia\u00e7\u00e3o do terminal de passageiros do Aeroporto Regional do Vale do A\u00e7o, em Santana do Para\u00edso, entraram em uma nova etapa neste \u00faltimo trimestre, consolidando o maior pacote de investimentos da hist\u00f3ria do s\u00edtio aeroportu\u00e1rio. Administrado pela Infraero, o aeroporto vem passando por uma s\u00e9rie de interven\u00e7\u00f5es. J\u00e1 foram conclu\u00eddos a revitaliza\u00e7\u00e3o do atual terminal de passageiros, a adequa\u00e7\u00e3o e refor\u00e7o da pista de pouso e decolagem, a via de acesso ao novo setor de embarque e tamb\u00e9m a via de acesso r\u00e1pido da sess\u00e3o contra inc\u00eandio, totalizando um valor de R$ 25 milh\u00f5es. (Di\u00e1rio do A\u00e7o)<\/span><br \/><span><a href=\"https:\/\/www.diariodoaco.com.br\/noticia\/0129335-obras-do-novo-terminal-de-passageiros-do-aeroporto-regional-devem-comecar-em-2026\">https:\/\/www.diariodoaco.com.br\/noticia\/0129335-obras-do-novo-terminal-de-passageiros-do-aeroporto-regional-devem-comecar-em-2026<\/a><\/span><\/p>\n<p><strong><span>Restaurantes da regi\u00e3o premiados<\/span><\/strong><br \/><span>Dois restaurantes da regi\u00e3o ganharam destaque no Pr\u00eamio Cumbucca de Gastronomia, a principal premia\u00e7\u00e3o dedicada exclusivamente a reconhecer e valorizar a culin\u00e1ria de Minas Gerais. Ele funciona como uma grande plataforma de mapeamento de bares, restaurantes, profissionais e iniciativas que projetam o estado no cen\u00e1rio gastron\u00f4mico nacional. O Restaurante do Turvo, em Capit\u00f3lio, foi considerado o melhor restaurante do interior em 2025 e, na mesma categoria, o segundo lugar ficou tamb\u00e9m para Capit\u00f3lio, o Restaurante Salvatore. (Observo \u2013 Passos)<\/span><br \/><span><a href=\"https:\/\/www.observo.com.br\/dois-restaurantes-de-capitolio-no-premio-cumbucca-de-gastronomia-de-2025\">https:\/\/www.observo.com.br\/dois-restaurantes-de-capitolio-no-premio-cumbucca-de-gastronomia-de-2025<\/a><\/span><\/p>\n<p><strong><span>Cabo Verde produz o melhor caf\u00e9\u00a0<\/span><\/strong><br \/><span>O melhor caf\u00e9 especial colhido na safra deste ano, na \u00e1rea de atua\u00e7\u00e3o da Cooxup\u00e9, \u00e9 da cidade de Cabo Verde, Sul de Minas Gerais. A produ\u00e7\u00e3o \u00e9 do cooperado Virgolino Adriano Muniz, que conquistou o primeiro lugar do Especial\u00edssimo 2025. O lote do produtor alcan\u00e7ou 90,92 pontos na avalia\u00e7\u00e3o t\u00e9cnica do programa realizado pela cooperativa cafeeira e pela SMC Specialty Coffees. Neste ano, foram R$ 330 mil distribu\u00eddos em premia\u00e7\u00f5es, sendo R$ 50 mil destinados ao lote campe\u00e3o. (Jornal da Regi\u00e3o)<\/span><br \/><span><a href=\"https:\/\/www.jornaldaregiaoonline.com.br\/cabo-verde-produz-o-melhor-cafe-da-cooxupe-e-vence-especialissimo-2025\">https:\/\/www.jornaldaregiaoonline.com.br\/cabo-verde-produz-o-melhor-cafe-da-cooxupe-e-vence-especialissimo-2025<\/a><\/span><\/p>\n<p><strong><span>Mudas para preservar o cerrado<\/span><\/strong><br \/><span>A preserva\u00e7\u00e3o do Cerrado, bioma s\u00edmbolo do Norte de Minas e uma das riquezas naturais mais amea\u00e7adas do pa\u00eds, tem ganhado um refor\u00e7o importante em Montes Claros por meio de uma iniciativa gratuita conduzida pela Secretaria de Ambiente, Bem-Estar Animal e Sustentabilidade. A a\u00e7\u00e3o disponibiliza mudas de \u00e1rvores nativas, ornamentais e frut\u00edferas para a popula\u00e7\u00e3o, com o objetivo de ampliar a arboriza\u00e7\u00e3o urbana, recuperar \u00e1reas verdes e fortalecer a conscientiza\u00e7\u00e3o ambiental. (Gazeta Nortee Mineira)<\/span><br \/><span><a href=\"https:\/\/gazetanm.com.br\/doacao-de-mudas-de-arvores-nativas-do-cerrado-impulsiona-preservacao-ambiental-e-amplia-arborizacao-urbana\/\">https:\/\/gazetanm.com.br\/doacao-de-mudas-de-arvores-nativas-do-cerrado-impulsiona-preservacao-ambiental-e-amplia-arborizacao-urbana\/<\/a><\/span><\/p>\n\n<p>\u00a0<\/p>","protected":false},"excerpt":{"rendered":"<p>Foto: Pedro Gontijo\/Imprensa MG COLUNA MGPrincipais destaques dos jornais e portais integrantes da rede Sindijori MG\u00a0www.sindijorimg.com.br Mais de 4 mil casos de dengue em JFAo longo de 2025, Juiz de Fora j\u00e1 registrou mais de 4.024 casos prov\u00e1veis de dengue, al\u00e9m de cinco \u00f3bitos confirmados e dois em investiga\u00e7\u00e3o. A classifica\u00e7\u00e3o leva em conta atualiza\u00e7\u00e3o [&hellip;]<\/p>\n","protected":false},"author":0,"featured_media":31959,"comment_status":"open","ping_status":"open","sticky":false,"template":"","format":"standard","meta":{"rop_custom_images_group":[],"rop_custom_messages_group":[],"rop_publish_now":"initial","rop_publish_now_accounts":[],"rop_publish_now_history":[],"rop_publish_now_status":"pending","footnotes":""},"categories":[6745],"tags":[],"class_list":["post-31958","post","type-post","status-publish","format-standard","has-post-thumbnail","hentry","category-coluna-sindijori"],"_links":{"self":[{"href":"https:\/\/diariotribuna.com.br\/index.php?rest_route=\/wp\/v2\/posts\/31958"}],"collection":[{"href":"https:\/\/diariotribuna.com.br\/index.php?rest_route=\/wp\/v2\/posts"}],"about":[{"href":"https:\/\/diariotribuna.com.br\/index.php?rest_route=\/wp\/v2\/types\/post"}],"replies":[{"embeddable":true,"href":"https:\/\/diariotribuna.com.br\/index.php?rest_route=%2Fwp%2Fv2%2Fcomments&post=31958"}],"version-history":[{"count":0,"href":"https:\/\/diariotribuna.com.br\/index.php?rest_route=\/wp\/v2\/posts\/31958\/revisions"}],"wp:featuredmedia":[{"embeddable":true,"href":"https:\/\/diariotribuna.com.br\/index.php?rest_route=\/wp\/v2\/media\/31959"}],"wp:attachment":[{"href":"https:\/\/diariotribuna.com.br\/index.php?rest_route=%2Fwp%2Fv2%2Fmedia&parent=31958"}],"wp:term":[{"taxonomy":"category","embeddable":true,"href":"https:\/\/diariotribuna.com.br\/index.php?rest_route=%2Fwp%2Fv2%2Fcategories&post=31958"},{"taxonomy":"post_tag","embeddable":true,"href":"https:\/\/diariotribuna.com.br\/index.php?rest_route=%2Fwp%2Fv2%2Ftags&post=31958"}],"curies":[{"name":"wp","href":"https:\/\/api.w.org\/{rel}","templated":true}]}}