{"id":31960,"date":"2025-11-25T12:17:23","date_gmt":"2025-11-25T15:17:23","guid":{"rendered":"https:\/\/diariotribuna.com.br\/?p=31960"},"modified":"2025-11-25T12:17:23","modified_gmt":"2025-11-25T15:17:23","slug":"arrecadacao-sobe-75-em-minas","status":"publish","type":"post","link":"https:\/\/diariotribuna.com.br\/?p=31960","title":{"rendered":"Arrecada\u00e7\u00e3o sobe 7,5% em Minas\u00a0"},"content":{"rendered":"<p><em><span>Foto: Gil Leonardi \/ Imprensa MG<\/span><\/em><\/p>\n<p><strong><span>COLUNA MG<\/span><\/strong><br \/><span>Principais destaques dos jornais e portais integrantes da rede Sindijori MG\u00a0<\/span><br \/><span><a href=\"http:\/\/www.sindijorimg.com.br\/\">www.sindijorimg.com.br<\/a><\/span><\/p>\n<p><strong><span>Arrecada\u00e7\u00e3o sobe 7,5% em Minas<\/span><\/strong><br \/><span>O governo de Minas Gerais arrecadou R$ 94,9 bilh\u00f5es de janeiro a outubro deste ano com impostos estaduais, registrando alta de 7,5% em rela\u00e7\u00e3o ao mesmo per\u00edodo de 2024, impulsionada, principalmente, pela infla\u00e7\u00e3o. Segundo dados da Secretaria de Estado de Fazenda (SEF), o valor representa R$ 6,69 bilh\u00f5es a mais do que nos dez primeiros meses do ano passado, quando foram arrecadados R$ 88,2 bilh\u00f5es. O avan\u00e7o traduz crescimento real pr\u00f3ximo de 2,8%, ap\u00f3s descontada a infla\u00e7\u00e3o em torno de 4,7%. (Di\u00e1rio do Com\u00e9rcio)<\/span><br \/><span><a href=\"https:\/\/diariodocomercio.com.br\/financas\/arrecadacao-sobe-75-outubro-minas-gerais\/htm_source=home&amp;utm_medium=positionclick&amp;utm_campaign=1&amp;utm_content=economia\">https:\/\/diariodocomercio.com.br\/financas\/arrecadacao-sobe-75-outubro-minas-gerais\/htm_source=home&amp;utm_medium=positionclick&amp;utm_campaign=1&amp;utm_content=economia<\/a><\/span><\/p>\n<p><strong><span>Locomotiva Azul inaugura Trem Rio-Minas<\/span><\/strong><br \/><span>A locomotiva azul chegou ao munic\u00edpio dando boas-vindas ao projeto tur\u00edstico Trem Rio-Minas, que vai ligar o Rio de Janeiro a Minas Gerais. Um fato curioso \u00e9 que o Trem Rio-Minas vai percorrer, em seu trecho inicial, cerca de 37 km, ligando Tr\u00eas Rios (RJ) a Sapucaia (RJ) e depois seguindo at\u00e9 Chiador (MG). O trajeto passa por uma das regi\u00f5es mais bonitas e hist\u00f3ricas da Serra, onde antigamente passava o famoso Caminho Velho da Estrada Real, usado para o escoamento do ouro. O retorno da locomotiva marca um novo cap\u00edtulo no turismo ferrovi\u00e1rio da regi\u00e3o. (Agora Jornais \u2013 Al\u00e9m Para\u00edba)<\/span><br \/><span><a href=\"https:\/\/www.agorajornais.com.br\/noticia\/5917\/locomotiva-azul-inaugura-trem-rio-minas\">https:\/\/www.agorajornais.com.br\/noticia\/5917\/locomotiva-azul-inaugura-trem-rio-minas<\/a><\/span><\/p>\n<p><strong><span>Entr\u00e2ncia de Nova Lima \u00e9 elevada<\/span><\/strong><br \/><span>A Comarca de Nova Lima, na Regi\u00e3o Metropolitana de Belo Horizonte, foi elevada a entr\u00e2ncia especial. A formaliza\u00e7\u00e3o desse status foi confirmada pela Resolu\u00e7\u00e3o n\u00ba 1.121\/2025, publicada no Di\u00e1rio do Judici\u00e1rio eletr\u00f4nico (DJe) da \u00faltima quarta-feira (19).\u00a0 A decis\u00e3o havia sido oficializada pelo \u00d3rg\u00e3o Especial do Tribunal de Justi\u00e7a de Minas Gerais (TJMG) no dia 12\/11 e representa um reconhecimento do crescimento e da demanda jurisdicional da regi\u00e3o. (Cidade Conecta \u2013 Nova Lima)<\/span><br \/><span><a href=\"https:\/\/www.cidadeconecta.com\/noticias\/atualidades\/comarca-de-nova-lima-e-elevada-a-entrancia-especial\/\">https:\/\/www.cidadeconecta.com\/noticias\/atualidades\/comarca-de-nova-lima-e-elevada-a-entrancia-especial\/<\/a><\/span><\/p>\n<p><strong><span>Justi\u00e7a mant\u00e9m Programa em Brumadinho<\/span><\/strong><br \/><span>O desembargador Andr\u00e9 Leite Pra\u00e7a, da 19\u00aa C\u00e2mara C\u00edvel do Tribunal de Justi\u00e7a de Minas Gerais (TJMG), determinou que a mineradora Vale S.A. continue pagando aux\u00edlio emergencial \u00e0 popula\u00e7\u00e3o atingida pelo rompimento de tr\u00eas barragens da Mina C\u00f3rrego do Feij\u00e3o, em 25\/1 de 2019. A decis\u00e3o foi dada em julgamento monocr\u00e1tico de agravo de instrumento interposto pela Vale S.A. contra decis\u00e3o da 2\u00aa Vara de Fazenda P\u00fablica e Autarquias da Comarca de Belo Horizonte. (Portal MG News)<\/span><br \/><span><a href=\"https:\/\/www.portalmgnews.com\/justica-mantem-programa-de-transferencia-de-renda-em-brumadinho\">https:\/\/www.portalmgnews.com\/justica-mantem-programa-de-transferencia-de-renda-em-brumadinho<\/a><\/span><\/p>\n<p><strong><span>Sindipa rejeita proposta da Usiminas<\/span><\/strong><br \/><span>A diretoria do Sindicato dos Metal\u00fargicos de Ipatinga e Regi\u00e3o rejeitou a proposta apresentada pelas empresas Usiminas, Unigal durante mais uma rodada de negocia\u00e7\u00e3o da campanha salarial, realizada em Ipatinga. O presidente do Sindipa, Geraldo Magela Duarte, informou que as empresas mantiveram uma oferta considerada insuficiente, que prev\u00ea apenas o \u00edndice do NPC, de 4,49%, aplicado a partir de 1\u00ba de novembro, data-base da categoria. A proposta inclui ainda reajuste do vale-alimenta\u00e7\u00e3o de R$ 600 para R$ 630, equivalente a R$ 1 por dia, e uma carga extra de R$ 400 no cart\u00e3o alimenta\u00e7\u00e3o. (Vox97)\u00a0<\/span><br \/><span><a href=\"https:\/\/vox97.com.br\/noticia\/19509\/sindipa-rejeita-proposta-da-usiminas-e-pode-convocar-assembleia-para-decretar-estado-de-greve\">https:\/\/vox97.com.br\/noticia\/19509\/sindipa-rejeita-proposta-da-usiminas-e-pode-convocar-assembleia-para-decretar-estado-de-greve<\/a><\/span><\/p>\n<p><strong><span>Vandalismo deixa Caet\u00e9 sem Record<\/span><\/strong><br \/><span>A popula\u00e7\u00e3o de Caet\u00e9 segue, h\u00e1 quase uma semana, sem o sinal da Record Minas. A falha, que inicialmente parecia mais um problema t\u00e9cnico rotineiro, ganhou contornos mais graves ap\u00f3s a visita de um representante da emissora ao Morro Serrote, onde ficam instaladas as antenas de transmiss\u00e3o locais. Ao chegar ao local na \u00faltima ter\u00e7a-feira, o t\u00e9cnico encontrou sinais evidentes de danos no ponto de retransmiss\u00e3o. Segundo ele, a estrutura foi atingida por fogo, o que refor\u00e7a a possibilidade de vandalismo. O incidente teria comprometido diretamente o funcionamento da emissora no munic\u00edpio. (Opini\u00e3o \u2013 Caet\u00e9)<\/span><br \/><span><a href=\"https:\/\/www.opiniaocaete.com.br\/record-minas-esta-quase-uma-semana-fora-doar-em-caete-apos-provavel-vandalismo-no-morro-serrote\/\">https:\/\/www.opiniaocaete.com.br\/record-minas-esta-quase-uma-semana-fora-doar-em-caete-apos-provavel-vandalismo-no-morro-serrote\/<\/a><\/span><\/p>\n<p><strong><span>Ouro Preto pode ser reparada<\/span><\/strong><br \/><span>Ap\u00f3s uma d\u00e9cada da maior trag\u00e9dia socioambiental da hist\u00f3ria do Brasil, o munic\u00edpio de Ouro Preto foi reconhecido oficialmente, pela Justi\u00e7a Inglesa, como um dos territ\u00f3rios atingidos pelo rompimento da Barragem de Mariana, em 2015. Um dossi\u00ea, elaborado pela Prefeitura de Ouro Preto desde 2021, aponta para os principais preju\u00edzos sofridos pelo munic\u00edpio, no tocante \u00e0 sa\u00fade p\u00fablica, \u00e0 empregabilidade, ao meio ambiente e aos impactos sociais. Os documentos, que incluem dados e an\u00e1lises t\u00e9cnicas, serviram de base para a decis\u00e3o favor\u00e1vel da Alta Corte de Londres. (O Liberal \u2013 Ouro Preto)<\/span><br \/><span><a href=\"https:\/\/oliberalinconfidentes.com.br\/destaque\/ouro-preto-e-reconhecido-como-um-dos-territorios-atingidos-pelo-rompimento-da-barragem-de-mariana\/\">https:\/\/oliberalinconfidentes.com.br\/destaque\/ouro-preto-e-reconhecido-como-um-dos-territorios-atingidos-pelo-rompimento-da-barragem-de-mariana\/<\/a><\/span><\/p>\n<p><span><\/span><\/p>\n<p>\u00a0<\/p>","protected":false},"excerpt":{"rendered":"<p>Foto: Gil Leonardi \/ Imprensa MG COLUNA MGPrincipais destaques dos jornais e portais integrantes da rede Sindijori MG\u00a0www.sindijorimg.com.br Arrecada\u00e7\u00e3o sobe 7,5% em MinasO governo de Minas Gerais arrecadou R$ 94,9 bilh\u00f5es de janeiro a outubro deste ano com impostos estaduais, registrando alta de 7,5% em rela\u00e7\u00e3o ao mesmo per\u00edodo de 2024, impulsionada, principalmente, pela infla\u00e7\u00e3o. [&hellip;]<\/p>\n","protected":false},"author":0,"featured_media":31961,"comment_status":"open","ping_status":"open","sticky":false,"template":"","format":"standard","meta":{"rop_custom_images_group":[],"rop_custom_messages_group":[],"rop_publish_now":"initial","rop_publish_now_accounts":[],"rop_publish_now_history":[],"rop_publish_now_status":"pending","footnotes":""},"categories":[6745],"tags":[],"class_list":["post-31960","post","type-post","status-publish","format-standard","has-post-thumbnail","hentry","category-coluna-sindijori"],"_links":{"self":[{"href":"https:\/\/diariotribuna.com.br\/index.php?rest_route=\/wp\/v2\/posts\/31960"}],"collection":[{"href":"https:\/\/diariotribuna.com.br\/index.php?rest_route=\/wp\/v2\/posts"}],"about":[{"href":"https:\/\/diariotribuna.com.br\/index.php?rest_route=\/wp\/v2\/types\/post"}],"replies":[{"embeddable":true,"href":"https:\/\/diariotribuna.com.br\/index.php?rest_route=%2Fwp%2Fv2%2Fcomments&post=31960"}],"version-history":[{"count":0,"href":"https:\/\/diariotribuna.com.br\/index.php?rest_route=\/wp\/v2\/posts\/31960\/revisions"}],"wp:featuredmedia":[{"embeddable":true,"href":"https:\/\/diariotribuna.com.br\/index.php?rest_route=\/wp\/v2\/media\/31961"}],"wp:attachment":[{"href":"https:\/\/diariotribuna.com.br\/index.php?rest_route=%2Fwp%2Fv2%2Fmedia&parent=31960"}],"wp:term":[{"taxonomy":"category","embeddable":true,"href":"https:\/\/diariotribuna.com.br\/index.php?rest_route=%2Fwp%2Fv2%2Fcategories&post=31960"},{"taxonomy":"post_tag","embeddable":true,"href":"https:\/\/diariotribuna.com.br\/index.php?rest_route=%2Fwp%2Fv2%2Ftags&post=31960"}],"curies":[{"name":"wp","href":"https:\/\/api.w.org\/{rel}","templated":true}]}}