{"id":31983,"date":"2025-11-25T22:40:44","date_gmt":"2025-11-26T01:40:44","guid":{"rendered":"https:\/\/diariotribuna.com.br\/?p=31983"},"modified":"2025-11-25T22:40:44","modified_gmt":"2025-11-26T01:40:44","slug":"caravana-da-amm-chega-a-machado-nesta-terca-25","status":"publish","type":"post","link":"https:\/\/diariotribuna.com.br\/?p=31983","title":{"rendered":"Caravana da AMM chega a Machado nesta ter\u00e7a (25)\u00a0"},"content":{"rendered":"<p class=\"MsoNormal\"><span>AMM | Divulga\u00e7\u00e3o<\/span><span><\/span><\/p>\n<p><span><\/span><span><\/span><span><\/span><span><\/span><span><\/span><\/p>\n<p>Aten\u00e7\u00e3o, prefeitos, prefeitas, vereadores, vereadoras e servidores p\u00fablicos mineiros: a <strong>Caravana AMM<\/strong> estar\u00e1 em Machado, na Regi\u00e3o Sul de Minas, nos dias <strong>25 e 26 de novembro<\/strong>, para dois dias de debates intensos e qualificados sobre a pauta municipalista.<\/p>\n<p>O encontro reunir\u00e1 gestores e agentes p\u00fablicos em atividades de capacita\u00e7\u00e3o, atendimentos t\u00e9cnicos e apresenta\u00e7\u00e3o das principais demandas regionais. Um dos destaques ser\u00e1 a elabora\u00e7\u00e3o e leitura da <strong>Carta Municipalista da Regi\u00e3o Sul<\/strong>, documento que consolidar\u00e1 as prioridades dos munic\u00edpios para o fortalecimento da pauta municipalista em Minas Gerais.<\/p>\n<p>A Caravana AMM \u00e9 uma iniciativa itinerante da Associa\u00e7\u00e3o Mineira de Munic\u00edpios que percorre as 10 macrorregi\u00f5es do estado com o tema <strong>\u201cOuvir para propor\u201d<\/strong>. A proposta refor\u00e7a o compromisso da entidade em se aproximar dos munic\u00edpios do interior, promovendo conhecimento, di\u00e1logo e solu\u00e7\u00f5es pr\u00e1ticas para os desafios da gest\u00e3o p\u00fablica. O evento conta com o apoio das microrregionais e da Confedera\u00e7\u00e3o Nacional de Munic\u00edpios (CNM).<\/p>\n<p>\u201cAo levar capacita\u00e7\u00e3o e atendimento t\u00e9cnico para o interior, refor\u00e7amos nossa miss\u00e3o de fortalecer a gest\u00e3o p\u00fablica e dar voz \u00e0s demandas regionais, sempre em defesa dos cidad\u00e3os mineiros. A Caravana AMM foi idealizada para ouvir de perto os munic\u00edpios, compreender suas realidades e, juntos, construirmos solu\u00e7\u00f5es\u201d, destaca o presidente da AMM e prefeito de Patos de Minas, <strong>Lu\u00eds Eduardo Falc\u00e3o<\/strong>.<\/p>\n<h3><strong>Programa\u00e7\u00e3o<\/strong><\/h3>\n<p><strong>Primeiro dia<\/strong><\/p>\n<p>Constru\u00e7\u00e3o conjunta do Documento de Demandas Regionais<\/p>\n<p>Leitura da Carta Municipalista<\/p>\n<p>Apresenta\u00e7\u00e3o institucional da AMM<\/p>\n<p>Atendimentos t\u00e9cnicos nas \u00e1reas de interesse dos munic\u00edpios da regi\u00e3o<\/p>\n<p><strong>Segundo dia<\/strong><\/p>\n<p>Curso da Escola de Gest\u00e3o Municipalista (EGM), da AMM<\/p>\n\n<p>\u00a0<\/p>","protected":false},"excerpt":{"rendered":"<p>AMM | Divulga\u00e7\u00e3o Aten\u00e7\u00e3o, prefeitos, prefeitas, vereadores, vereadoras e servidores p\u00fablicos mineiros: a Caravana AMM estar\u00e1 em Machado, na Regi\u00e3o Sul de Minas, nos dias 25 e 26 de novembro, para dois dias de debates intensos e qualificados sobre a pauta municipalista. O encontro reunir\u00e1 gestores e agentes p\u00fablicos em atividades de capacita\u00e7\u00e3o, atendimentos t\u00e9cnicos [&hellip;]<\/p>\n","protected":false},"author":0,"featured_media":31984,"comment_status":"open","ping_status":"open","sticky":false,"template":"","format":"standard","meta":{"rop_custom_images_group":[],"rop_custom_messages_group":[],"rop_publish_now":"initial","rop_publish_now_accounts":[],"rop_publish_now_history":[],"rop_publish_now_status":"pending","footnotes":""},"categories":[6745],"tags":[],"class_list":["post-31983","post","type-post","status-publish","format-standard","has-post-thumbnail","hentry","category-coluna-sindijori"],"_links":{"self":[{"href":"https:\/\/diariotribuna.com.br\/index.php?rest_route=\/wp\/v2\/posts\/31983"}],"collection":[{"href":"https:\/\/diariotribuna.com.br\/index.php?rest_route=\/wp\/v2\/posts"}],"about":[{"href":"https:\/\/diariotribuna.com.br\/index.php?rest_route=\/wp\/v2\/types\/post"}],"replies":[{"embeddable":true,"href":"https:\/\/diariotribuna.com.br\/index.php?rest_route=%2Fwp%2Fv2%2Fcomments&post=31983"}],"version-history":[{"count":0,"href":"https:\/\/diariotribuna.com.br\/index.php?rest_route=\/wp\/v2\/posts\/31983\/revisions"}],"wp:featuredmedia":[{"embeddable":true,"href":"https:\/\/diariotribuna.com.br\/index.php?rest_route=\/wp\/v2\/media\/31984"}],"wp:attachment":[{"href":"https:\/\/diariotribuna.com.br\/index.php?rest_route=%2Fwp%2Fv2%2Fmedia&parent=31983"}],"wp:term":[{"taxonomy":"category","embeddable":true,"href":"https:\/\/diariotribuna.com.br\/index.php?rest_route=%2Fwp%2Fv2%2Fcategories&post=31983"},{"taxonomy":"post_tag","embeddable":true,"href":"https:\/\/diariotribuna.com.br\/index.php?rest_route=%2Fwp%2Fv2%2Ftags&post=31983"}],"curies":[{"name":"wp","href":"https:\/\/api.w.org\/{rel}","templated":true}]}}