{"id":31988,"date":"2025-11-26T12:04:17","date_gmt":"2025-11-26T15:04:17","guid":{"rendered":"https:\/\/diariotribuna.com.br\/?p=31988"},"modified":"2025-11-26T12:21:16","modified_gmt":"2025-11-26T15:21:16","slug":"black-friday-cemig-alerta-que-produto-ineficiente-pode-gerar-custo-na-conta-de-energia","status":"publish","type":"post","link":"https:\/\/diariotribuna.com.br\/?p=31988","title":{"rendered":"Black Friday: Cemig alerta que produto ineficiente pode gerar custo na conta de energia"},"content":{"rendered":"<div class=\"wp-block-image\">\n<figure class=\"alignleft size-full\"><img loading=\"lazy\" decoding=\"async\" width=\"399\" height=\"289\" src=\"https:\/\/diariotribuna.com.br\/wp-content\/uploads\/2025\/11\/image-14.png\" alt=\"\" class=\"wp-image-31989\" srcset=\"https:\/\/diariotribuna.com.br\/wp-content\/uploads\/2025\/11\/image-14.png 399w, https:\/\/diariotribuna.com.br\/wp-content\/uploads\/2025\/11\/image-14-300x217.png 300w, https:\/\/diariotribuna.com.br\/wp-content\/uploads\/2025\/11\/image-14-324x235.png 324w\" sizes=\"(max-width: 399px) 100vw, 399px\" \/><\/figure><\/div>\n\n\n<p><mark style=\"background-color:rgba(0, 0, 0, 0)\" class=\"has-inline-color has-cyan-bluish-gray-color\">Verificar a efici\u00eancia energ\u00e9tica do equipamento \u00e9 fundamental para evitar despesas adicionais na fatura<\/mark><\/p>\n\n\n\n<p>O com\u00e9rcio brasileiro deve registrar um movimento recorde de R$ 5,4 bilh\u00f5es na Black Friday deste ano, cuja data principal ser\u00e1 na pr\u00f3xima sexta-feira (28\/11). A proje\u00e7\u00e3o \u00e9 da Confedera\u00e7\u00e3o Nacional do Com\u00e9rcio de Bens, Servi\u00e7os e Turismo (CNC), que aponta forte avan\u00e7o nas vendas e consolida o evento como um dos principais impulsionadores do varejo. Dois segmentos devem concentrar quase metade desse total: eletroeletr\u00f4nicos e utilidades dom\u00e9sticas devem somar R$ 1,24 bilh\u00e3o, enquanto m\u00f3veis e eletrodom\u00e9sticos devem alcan\u00e7ar R$ 1,15 bilh\u00e3o.<br>Com o aumento na procura por esses equipamentos, a Cemig alerta que o desconto obtido nas lojas pode ser rapidamente perdido se a efici\u00eancia energ\u00e9tica do aparelho n\u00e3o for observada no momento da compra. De acordo com Welhiton Adriano, Engenheiro de Efici\u00eancia Energ\u00e9tica da Companhia, muitas pessoas focam apenas no pre\u00e7o promocional e acabam levando para casa produtos que gastam mais energia ao longo de toda a vida \u00fatil do equipamento.<br>Segundo o especialista, a escolha consciente come\u00e7a pela an\u00e1lise da pot\u00eancia do equipamento e pelo tempo m\u00e9dio de uso.<br>Ele refor\u00e7a que o cliente tem dois caminhos para evitar diminuir o consumo de energia: reduzir o tempo de funcionamento dos aparelhos ou optar por modelos mais eficientes (com pot\u00eancias menores). Ao comparar itens semelhantes, \u00e9 recomendado priorizar os que consomem menos energia. Um equipamento barato, mas ineficiente, pode pesar na conta de luz por v\u00e1rios anos.<br>Leia a mat\u00e9ria completa <a href=\"https:\/\/diariotribuna.com.br\/wp-content\/uploads\/2025\/11\/DIARIO-TRIBUNA-26-NOV-2025.pdf#page=2\" data-type=\"link\" data-id=\"https:\/\/diariotribuna.com.br\/wp-content\/uploads\/2025\/11\/DIARIO-TRIBUNA-26-NOV-2025.pdf#page=2\">aqui<\/a>.<\/p>\n","protected":false},"excerpt":{"rendered":"<p>Verificar a efici\u00eancia energ\u00e9tica do equipamento \u00e9 fundamental para evitar despesas adicionais na fatura O com\u00e9rcio brasileiro deve registrar um movimento recorde de R$ 5,4 bilh\u00f5es na Black Friday deste ano, cuja data principal ser\u00e1 na pr\u00f3xima sexta-feira (28\/11). A proje\u00e7\u00e3o \u00e9 da Confedera\u00e7\u00e3o Nacional do Com\u00e9rcio de Bens, Servi\u00e7os e Turismo (CNC), que aponta [&hellip;]<\/p>\n","protected":false},"author":3,"featured_media":31989,"comment_status":"open","ping_status":"open","sticky":false,"template":"","format":"standard","meta":{"rop_custom_images_group":[],"rop_custom_messages_group":[],"rop_publish_now":"initial","rop_publish_now_accounts":[],"rop_publish_now_history":[],"rop_publish_now_status":"pending","footnotes":""},"categories":[25,19,23],"tags":[],"class_list":["post-31988","post","type-post","status-publish","format-standard","has-post-thumbnail","hentry","category-destaque","category-gerais","category-ultimaedicao"],"_links":{"self":[{"href":"https:\/\/diariotribuna.com.br\/index.php?rest_route=\/wp\/v2\/posts\/31988"}],"collection":[{"href":"https:\/\/diariotribuna.com.br\/index.php?rest_route=\/wp\/v2\/posts"}],"about":[{"href":"https:\/\/diariotribuna.com.br\/index.php?rest_route=\/wp\/v2\/types\/post"}],"author":[{"embeddable":true,"href":"https:\/\/diariotribuna.com.br\/index.php?rest_route=\/wp\/v2\/users\/3"}],"replies":[{"embeddable":true,"href":"https:\/\/diariotribuna.com.br\/index.php?rest_route=%2Fwp%2Fv2%2Fcomments&post=31988"}],"version-history":[{"count":3,"href":"https:\/\/diariotribuna.com.br\/index.php?rest_route=\/wp\/v2\/posts\/31988\/revisions"}],"predecessor-version":[{"id":32000,"href":"https:\/\/diariotribuna.com.br\/index.php?rest_route=\/wp\/v2\/posts\/31988\/revisions\/32000"}],"wp:featuredmedia":[{"embeddable":true,"href":"https:\/\/diariotribuna.com.br\/index.php?rest_route=\/wp\/v2\/media\/31989"}],"wp:attachment":[{"href":"https:\/\/diariotribuna.com.br\/index.php?rest_route=%2Fwp%2Fv2%2Fmedia&parent=31988"}],"wp:term":[{"taxonomy":"category","embeddable":true,"href":"https:\/\/diariotribuna.com.br\/index.php?rest_route=%2Fwp%2Fv2%2Fcategories&post=31988"},{"taxonomy":"post_tag","embeddable":true,"href":"https:\/\/diariotribuna.com.br\/index.php?rest_route=%2Fwp%2Fv2%2Ftags&post=31988"}],"curies":[{"name":"wp","href":"https:\/\/api.w.org\/{rel}","templated":true}]}}