{"id":31996,"date":"2025-11-26T11:44:33","date_gmt":"2025-11-26T14:44:33","guid":{"rendered":"https:\/\/diariotribuna.com.br\/?p=31996"},"modified":"2025-11-26T11:44:33","modified_gmt":"2025-11-26T14:44:33","slug":"minas-gerais-se-destaca-no-premio-ateg-2025","status":"publish","type":"post","link":"https:\/\/diariotribuna.com.br\/?p=31996","title":{"rendered":"Minas Gerais se destaca no Pr\u00eamio ATeG 2025\u00a0"},"content":{"rendered":"<p class=\"MsoNormal\"><span>FAEMG SENAR | Divulga\u00e7\u00e3o<\/span><\/p>\n<p><span><\/span><span><\/span><span><\/span><span><\/span><span><\/span><span><\/span><span><\/span><span><\/span><span><\/span><span><\/span><span><\/span><span><\/span><\/p>\n<p>O Servi\u00e7o Nacional de Aprendizagem Rural (Senar) realizou, nesta ter\u00e7a-feira (25\/11), a entrega do <strong>Pr\u00eamio ATeG 2025 \u2013 Gest\u00e3o, resultado que alimenta<\/strong>, reconhecendo produtores, t\u00e9cnicos e supervisores que se destacaram na Assist\u00eancia T\u00e9cnica e Gerencial. Minas Gerais teve participa\u00e7\u00e3o expressiva entre os vencedores nacionais, conquistando tr\u00eas categorias: <strong>Supervisor Destaque<\/strong>, com Ramon St\u00e9fano Souza Silva; <strong>T\u00e9cnico de Campo Destaque<\/strong>, com Ariel Schumaker de Oliveira, do Escrit\u00f3rio Regional de Ara\u00e7ua\u00ed; e <strong>Produtor Destaque<\/strong>, com Iris Ferreira Santana, da Fazenda Lagoa Escura, em Rio Pardo de Minas, refer\u00eancia na bovinocultura de leite.<\/p>\n<p><span>Representando o Sistema Faemg Senar, estiveram presentes o presidente Ant\u00f4nio de Salvo, <\/span><\/p>\n<p><span>o superintendente do Senar Minas, Celso Furtado J\u00fanior, e o gerente interino <\/span><span>de Assist\u00eancia T\u00e9cnica e Gerencial, Wender Guedes<\/span><\/p>\n<p>A cerim\u00f4nia contou com a presen\u00e7a do presidente da CNA e do Conselho Deliberativo do Senar, Jo\u00e3o Martins, que ressaltou o impacto transformador da metodologia da ATeG no campo brasileiro. Segundo ele, a iniciativa tem promovido resultados concretos para as fam\u00edlias rurais.<br \/>\u2502 <em>\u201cHoje somos o que somos gra\u00e7as a uma equipe que teve coragem de enfrentar novos desafios. O que estamos vendo \u00e9 como estamos conseguindo transformar vidas.\u201d<\/em><\/p>\n<p>O presidente do Sistema Faemg Senar, Ant\u00f4nio de Salvo, tamb\u00e9m destacou o papel estrat\u00e9gico dos profissionais e produtores mineiros para o avan\u00e7o da agropecu\u00e1ria no estado. Para ele, o pr\u00eamio refor\u00e7a a for\u00e7a da ATeG como instrumento de produtividade, renda e perman\u00eancia das fam\u00edlias no campo. De Salvo entregou a premia\u00e7\u00e3o ao produtor Iris Ferreira e ao t\u00e9cnico de campo Ariel Schumaker, reconhecidos pelos resultados expressivos alcan\u00e7ados na propriedade familiar.<\/p>\n<p>Em um dos momentos mais emocionantes da noite, Iris Santana compartilhou sua trajet\u00f3ria de supera\u00e7\u00e3o ap\u00f3s enfrentar um c\u00e2ncer e conseguir recuperar a produ\u00e7\u00e3o de leite da fam\u00edlia.<br \/>\u2502 <em>\u201cEu chamei minha esposa e falei \u2018Marta, n\u00e3o est\u00e1 dando para continuar com oito vacas, tirando no m\u00e1ximo 27 litros de leite\u2019. Mas meu filho me pediu calma e trouxe um t\u00e9cnico do Senar. As coisas mudaram. Hoje, gra\u00e7as a Deus, j\u00e1 cheguei a produzir 120 litros com as mesmas vacas. Em nome de todos os produtores, s\u00f3 quero agradecer, porque nunca pensei estar aqui recebendo esse pr\u00eamio.\u201d<\/em><\/p>\n<p>A premia\u00e7\u00e3o tamb\u00e9m reconheceu profissionais de outros estados. Entre os vencedores da noite, est\u00e3o representantes do Paran\u00e1 (agricultura), Mato Grosso do Sul (agroind\u00fastria) e Maranh\u00e3o (aquicultura). Supervisores do Rio Grande do Sul, Minas Gerais e Mato Grosso tamb\u00e9m receberam destaque institucional.<\/p>\n<p>Ao celebrar sua conquista, o supervisor mineiro Ramon St\u00e9fano ressaltou o car\u00e1ter coletivo do reconhecimento.<br \/>\u2502 <em>\u201cEsse pr\u00eamio n\u00e3o \u00e9 s\u00f3 meu. Ele representa o trabalho de cada t\u00e9cnico de campo que est\u00e1 diariamente na estrada levando conhecimento e esperan\u00e7a ao produtor rural. Cada visita t\u00e9cnica, cada diagn\u00f3stico, cada solu\u00e7\u00e3o aplicada transforma realidades. Participar dessa mudan\u00e7a \u00e9 algo que me inspira todos os dias.\u201d<\/em><\/p>\n\n<p>Ariel Schumaker de Oliveira, T\u00e9cnico de Campo Destaque pelo Escrit\u00f3rio Regional de Ara\u00e7ua\u00ed, refor\u00e7ou a import\u00e2ncia do pr\u00eamio para sua trajet\u00f3ria.<br \/>\u2502 <em>\u201cEsse reconhecimento representa muito para mim, porque refor\u00e7a a qualidade do trabalho que realizo pelo Senar por meio da ATeG. Ele fortalece a confian\u00e7a do produtor nas t\u00e9cnicas e tecnologias que indicamos, seja na melhoria do rebanho, na nutri\u00e7\u00e3o ou nos resultados econ\u00f4micos da propriedade. Tamb\u00e9m me incentiva a seguir me capacitando e evoluindo como profissional.\u201d<\/em><\/p>\n<p>\u00a0<\/p>","protected":false},"excerpt":{"rendered":"<p>FAEMG SENAR | Divulga\u00e7\u00e3o O Servi\u00e7o Nacional de Aprendizagem Rural (Senar) realizou, nesta ter\u00e7a-feira (25\/11), a entrega do Pr\u00eamio ATeG 2025 \u2013 Gest\u00e3o, resultado que alimenta, reconhecendo produtores, t\u00e9cnicos e supervisores que se destacaram na Assist\u00eancia T\u00e9cnica e Gerencial. Minas Gerais teve participa\u00e7\u00e3o expressiva entre os vencedores nacionais, conquistando tr\u00eas categorias: Supervisor Destaque, com Ramon [&hellip;]<\/p>\n","protected":false},"author":0,"featured_media":31997,"comment_status":"open","ping_status":"open","sticky":false,"template":"","format":"standard","meta":{"rop_custom_images_group":[],"rop_custom_messages_group":[],"rop_publish_now":"initial","rop_publish_now_accounts":[],"rop_publish_now_history":[],"rop_publish_now_status":"pending","footnotes":""},"categories":[6745],"tags":[],"class_list":["post-31996","post","type-post","status-publish","format-standard","has-post-thumbnail","hentry","category-coluna-sindijori"],"_links":{"self":[{"href":"https:\/\/diariotribuna.com.br\/index.php?rest_route=\/wp\/v2\/posts\/31996"}],"collection":[{"href":"https:\/\/diariotribuna.com.br\/index.php?rest_route=\/wp\/v2\/posts"}],"about":[{"href":"https:\/\/diariotribuna.com.br\/index.php?rest_route=\/wp\/v2\/types\/post"}],"replies":[{"embeddable":true,"href":"https:\/\/diariotribuna.com.br\/index.php?rest_route=%2Fwp%2Fv2%2Fcomments&post=31996"}],"version-history":[{"count":0,"href":"https:\/\/diariotribuna.com.br\/index.php?rest_route=\/wp\/v2\/posts\/31996\/revisions"}],"wp:featuredmedia":[{"embeddable":true,"href":"https:\/\/diariotribuna.com.br\/index.php?rest_route=\/wp\/v2\/media\/31997"}],"wp:attachment":[{"href":"https:\/\/diariotribuna.com.br\/index.php?rest_route=%2Fwp%2Fv2%2Fmedia&parent=31996"}],"wp:term":[{"taxonomy":"category","embeddable":true,"href":"https:\/\/diariotribuna.com.br\/index.php?rest_route=%2Fwp%2Fv2%2Fcategories&post=31996"},{"taxonomy":"post_tag","embeddable":true,"href":"https:\/\/diariotribuna.com.br\/index.php?rest_route=%2Fwp%2Fv2%2Ftags&post=31996"}],"curies":[{"name":"wp","href":"https:\/\/api.w.org\/{rel}","templated":true}]}}