{"id":32124,"date":"2025-12-05T11:27:14","date_gmt":"2025-12-05T14:27:14","guid":{"rendered":"https:\/\/diariotribuna.com.br\/?p=32124"},"modified":"2025-12-05T11:27:49","modified_gmt":"2025-12-05T14:27:49","slug":"mutiroes-do-inss-movimenta-teofilo-otonimg-nos-proximos-dois-finais-de-semana","status":"publish","type":"post","link":"https:\/\/diariotribuna.com.br\/?p=32124","title":{"rendered":"Mutir\u00f5es do INSS movimenta Te\u00f3filo Otoni(MG) nos pr\u00f3ximos dois finais de semana"},"content":{"rendered":"\n<p class=\"has-text-align-center\"><mark style=\"background-color:rgba(0, 0, 0, 0)\" class=\"has-inline-color has-cyan-bluish-gray-color\">Moradores da regi\u00e3o de Minas podem agendar per\u00edcia m\u00e9dica e avalia\u00e7\u00e3o social<\/mark><\/p>\n\n\n<div class=\"wp-block-image\">\n<figure class=\"alignright size-full\"><img loading=\"lazy\" decoding=\"async\" width=\"450\" height=\"325\" src=\"https:\/\/diariotribuna.com.br\/wp-content\/uploads\/2025\/12\/image-6.png\" alt=\"\" class=\"wp-image-32125\" srcset=\"https:\/\/diariotribuna.com.br\/wp-content\/uploads\/2025\/12\/image-6.png 450w, https:\/\/diariotribuna.com.br\/wp-content\/uploads\/2025\/12\/image-6-300x217.png 300w, https:\/\/diariotribuna.com.br\/wp-content\/uploads\/2025\/12\/image-6-324x235.png 324w\" sizes=\"(max-width: 450px) 100vw, 450px\" \/><\/figure><\/div>\n\n\n<p>A popula\u00e7\u00e3o de Te\u00f3filo Otoni, no Vale do Mucuri, ter\u00e1 a oportunidade de ser atendida em mutir\u00f5es do Instituto Nacional do Seguro Social, que acontecer\u00e3o nos pr\u00f3ximos dois<br>finais de semana de dezembro. Ao todo, ser\u00e3o ofertadas 1.900 vagas extras para per\u00edcia m\u00e9dica e avalia\u00e7\u00e3o social, beneficiando moradores da cidade, assim como a de munic\u00edpios vizinhos.<br>Os mutir\u00f5es v\u00eam ocorrendo em todo o pa\u00eds, em parceria com o Minist\u00e9rio da Previd\u00eancia Social, e visam agilizar a an\u00e1lise de benef\u00edcios previdenci\u00e1rios e assistenciais. Em Te\u00f3filo Otoni, a iniciativa ser\u00e1 concentrada nos dois s\u00e1bados, dias 6 e 13 de dezembro.<br>Para atender as pessoas que dever\u00e3o agendar previamente o servi\u00e7o, o mutir\u00e3o vai contar com o trabalho de assistentes sociais do INSS e peritos m\u00e9dicos federais, al\u00e9m do suporte de servidores administrativos e terceirizados. As per\u00edcias m\u00e9dicas assim como as avalia\u00e7\u00f5es sociais poder\u00e3o ser realizadas de forma  presencial ou atrav\u00e9s de videochamadas, utilizando salas devidamente adaptadas para essa finalidade.<br>Como agendar atendimento &#8211; Os interessados em agendar atendimento para o mutir\u00e3o em Te\u00f3filo Otoni devem ligar para a Central 135 ou acessarem o aplicativo MEU INSS. Isso vale tamb\u00e9m para quem j\u00e1 tem data marcada, mas quer antecipar a per\u00edcia m\u00e9dica ou a avalia\u00e7\u00e3o social.<br>\u00c9 importante destacar que a equipe local do INSS tamb\u00e9m pode atuar junto \u00e0 rede socioassistencial<br>da regi\u00e3o, como os Centros de Refer\u00eancia da Assist\u00eancia Social (CRAS), para antecipar agendamentos de BPC. \u201cE caso as vagas n\u00e3o sejam preenchidas, o INSS poder\u00e1 entrar em contato, via telefone, com requerentes agendados, oferecendo a possibilidade da antecipa\u00e7\u00e3o do atendimento. Nesse contato, o INSS apenas confirma informa\u00e7\u00f5es do agendamento, n\u00e3o solicitando documentos, fotos ou senhas\u201d, destaca a chefe do Servi\u00e7o Social da Superintend\u00eancia Regional do INSS Sudeste II, Luciana Rosmaninho.<br><br>Documenta\u00e7\u00e3o &#8211; \u00c9 importante que os requerentes compare\u00e7am com documento de identifica\u00e7\u00e3o com<br>foto, laudos e exames m\u00e9dicos recentes. Para confirmar o agendamento e quais documentos s\u00e3o  necess\u00e1rios, os usu\u00e1rios podem ligar para a Central 135, que funciona de segunda a s\u00e1bado, das 7h \u00e0s 22h. Ou acessar o Meu INSS, dispon\u00edvel como aplicativo e site.<br>Tamb\u00e9m \u00e9 necess\u00e1rio ressaltar a import\u00e2ncia do comparecimento dos requerentes agendados. \u201cComo<br>se trata de um mutir\u00e3o, caso a pessoa agendada n\u00e3o compare\u00e7a, n\u00e3o temos como remanejar outros requerentes. \u00c9 uma vaga que se perde\u201d, explica Luciana.<br>(ACS\/Sudeste II). Confira: Mutir\u00e3o do INSS em Te\u00f3filo Otoni &#8211; S\u00e1bados (6 e 13 de dezembro) &#8211; Hor\u00e1rio: das 7h \u00e0s 16h &#8211; Agendamentos: Central 135 e MEU INSS<br><br>(Assessoria de Comunica\u00e7\u00e3o Social &#8211; SRSE-II &#8211; Belo Horizonte \u2013 MG &#8211; (31) 3249-5025 \/ 99679-9101);<\/p>\n","protected":false},"excerpt":{"rendered":"<p>Moradores da regi\u00e3o de Minas podem agendar per\u00edcia m\u00e9dica e avalia\u00e7\u00e3o social A popula\u00e7\u00e3o de Te\u00f3filo Otoni, no Vale do Mucuri, ter\u00e1 a oportunidade de ser atendida em mutir\u00f5es do Instituto Nacional do Seguro Social, que acontecer\u00e3o nos pr\u00f3ximos doisfinais de semana de dezembro. Ao todo, ser\u00e3o ofertadas 1.900 vagas extras para per\u00edcia m\u00e9dica e [&hellip;]<\/p>\n","protected":false},"author":3,"featured_media":32125,"comment_status":"open","ping_status":"open","sticky":false,"template":"","format":"standard","meta":{"rop_custom_images_group":[],"rop_custom_messages_group":[],"rop_publish_now":"initial","rop_publish_now_accounts":[],"rop_publish_now_history":[],"rop_publish_now_status":"pending","footnotes":""},"categories":[25,22,17],"tags":[],"class_list":["post-32124","post","type-post","status-publish","format-standard","has-post-thumbnail","hentry","category-destaque","category-saude","category-teofilootoni"],"_links":{"self":[{"href":"https:\/\/diariotribuna.com.br\/index.php?rest_route=\/wp\/v2\/posts\/32124"}],"collection":[{"href":"https:\/\/diariotribuna.com.br\/index.php?rest_route=\/wp\/v2\/posts"}],"about":[{"href":"https:\/\/diariotribuna.com.br\/index.php?rest_route=\/wp\/v2\/types\/post"}],"author":[{"embeddable":true,"href":"https:\/\/diariotribuna.com.br\/index.php?rest_route=\/wp\/v2\/users\/3"}],"replies":[{"embeddable":true,"href":"https:\/\/diariotribuna.com.br\/index.php?rest_route=%2Fwp%2Fv2%2Fcomments&post=32124"}],"version-history":[{"count":1,"href":"https:\/\/diariotribuna.com.br\/index.php?rest_route=\/wp\/v2\/posts\/32124\/revisions"}],"predecessor-version":[{"id":32126,"href":"https:\/\/diariotribuna.com.br\/index.php?rest_route=\/wp\/v2\/posts\/32124\/revisions\/32126"}],"wp:featuredmedia":[{"embeddable":true,"href":"https:\/\/diariotribuna.com.br\/index.php?rest_route=\/wp\/v2\/media\/32125"}],"wp:attachment":[{"href":"https:\/\/diariotribuna.com.br\/index.php?rest_route=%2Fwp%2Fv2%2Fmedia&parent=32124"}],"wp:term":[{"taxonomy":"category","embeddable":true,"href":"https:\/\/diariotribuna.com.br\/index.php?rest_route=%2Fwp%2Fv2%2Fcategories&post=32124"},{"taxonomy":"post_tag","embeddable":true,"href":"https:\/\/diariotribuna.com.br\/index.php?rest_route=%2Fwp%2Fv2%2Ftags&post=32124"}],"curies":[{"name":"wp","href":"https:\/\/api.w.org\/{rel}","templated":true}]}}