{"id":32127,"date":"2025-12-05T12:01:42","date_gmt":"2025-12-05T15:01:42","guid":{"rendered":"https:\/\/diariotribuna.com.br\/?p=32127"},"modified":"2025-12-05T12:01:42","modified_gmt":"2025-12-05T15:01:42","slug":"mucuri-reforca-representacao-na-assembleia","status":"publish","type":"post","link":"https:\/\/diariotribuna.com.br\/?p=32127","title":{"rendered":"Mucuri refor\u00e7a representa\u00e7\u00e3o na Assembleia\u00a0"},"content":{"rendered":"<p><em><span>Foto: Guilherme Bergamini\/ALMG<\/span><\/em><\/p>\n<p><strong><span>COLUNA MG<\/span><\/strong><br \/><span>Principais destaques dos jornais e portais integrantes da rede Sindijori MG\u00a0<\/span><br \/><span><a href=\"http:\/\/www.sindijorimg.com.br\/\">www.sindijorimg.com.br<\/a><\/span><\/p>\n<p><strong><span>\u00a0<\/span><\/strong><\/p>\n<p><strong><span>Mucuri refor\u00e7a representa\u00e7\u00e3o na Assembleia<\/span><\/strong><br \/><span>O m\u00e9dico Carlos Pimenta foi empossado, nesta quinta-feira, 4, para seu oitavo mandato como deputado estadual na Assembleia Legislativa de Minas Gerais. Ele assume a vaga deixada pelo ex-deputado Alencar da Silveira Jr., que renunciou ao cargo ap\u00f3s ser eleito conselheiro do Tribunal de Contas do Estado. A solenidade ocorreu no Sal\u00e3o Nobre da ALMG e contou com a presen\u00e7a do presidente da Casa, Tadeu Leite, e do 1\u00ba secret\u00e1rio, Gustavo Santana. (Jornal Em Tempo \u2013 Nanuque)<\/span><br \/><span><a href=\"https:\/\/jornalemtempo.com\/carlos-pimenta-toma-posse-para-8-mandato-na-almg-e-reforca-representacao-do-vale-do-mucuri\">https:\/\/jornalemtempo.com\/carlos-pimenta-toma-posse-para-8-mandato-na-almg-e-reforca-representacao-do-vale-do-mucuri<\/a><\/span><\/p>\n<p><strong><span>Muria\u00e9 ganha unidade do Sest Senat<\/span><\/strong><br \/><span>O Sest Senat (Servi\u00e7o Social do Transporte e Servi\u00e7o Nacional de Aprendizagem do Transporte) inaugurou, na ter\u00e7a-feira (2), sua 27\u00aa unidade em Muria\u00e9, ampliando a presen\u00e7a da institui\u00e7\u00e3o em Minas Gerais. Segundo o Sest Senat, a capacidade de atendimento da nova unidade ultrapassa 53 mil procedimentos por ano. Com um investimento de R$22,2 milh\u00f5es, a nova unidade adota solu\u00e7\u00f5es sustent\u00e1veis, como placas fotovoltaicas e sistemas de capta\u00e7\u00e3o e reuso da \u00e1gua da chuva, refor\u00e7ando o compromisso da institui\u00e7\u00e3o com efici\u00eancia energ\u00e9tica e responsabilidade ambiental. (Cidade Conecta)<\/span><br \/><span><a href=\"https:\/\/www.cidadeconecta.com\/noticias\/transporte-com-proposito-nova-unidade-do-sest-senat-em-muriae-tem-centro-avancado-de-formacao\/\">https:\/\/www.cidadeconecta.com\/noticias\/transporte-com-proposito-nova-unidade-do-sest-senat-em-muriae-tem-centro-avancado-de-formacao\/<\/a><\/span><\/p>\n<p><strong><span>Sindicato realiza o Caf\u00e9 Rural<\/span><\/strong><br \/><span>O Sindicato dos Produtores Rurais de Governador Valadares realiza, na segunda-feira, 08, a \u00faltima edi\u00e7\u00e3o do Caf\u00e9 Rural de 2025, encerrando mais um ano de di\u00e1logo, aprendizado e aproxima\u00e7\u00e3o com os produtores rurais. O encontro, gratuito e aberto ao p\u00fablico, re\u00fane participantes de toda a regi\u00e3o interessados no desenvolvimento do agroneg\u00f3cio. Com 25 anos de trajet\u00f3ria cont\u00ednua, o Caf\u00e9 Rural se consolidou como um dos principais espa\u00e7os de atualiza\u00e7\u00e3o e integra\u00e7\u00e3o promovidos pelo Sindicato, fortalecendo a rela\u00e7\u00e3o direta com os produtores e ampliando o acesso a informa\u00e7\u00f5es que impulsionam o agroneg\u00f3cio no Leste de Minas. (Jornal da Cidade)<\/span><br \/><span><a href=\"https:\/\/jornaldacidadevalesdeminas.com\/cafe-rural-do-sindicato-encerra-o-calendario-2025-com-temas-de-cafeicultura-e-pecuaria\/\">https:\/\/jornaldacidadevalesdeminas.com\/cafe-rural-do-sindicato-encerra-o-calendario-2025-com-temas-de-cafeicultura-e-pecuaria\/<\/a><\/span><\/p>\n<p><strong><span>Vi\u00e7osa busca recursos par urbaniza\u00e7\u00e3o<\/span><\/strong><br \/><span>A Prefeitura de Vi\u00e7osa participou, na \u00faltima semana, de uma reuni\u00e3o no Minist\u00e9rio da Ci\u00eancia, Tecnologia e Inova\u00e7\u00e3o (MCTI), em Bras\u00edlia, para apresentar o Projeto de Urbaniza\u00e7\u00e3o do tecnoPARQ (Parque Tecnol\u00f3gico) e buscar investimentos estimados em mais de R$ 100 milh\u00f5es. Segundo o munic\u00edpio, os recursos s\u00e3o fundamentais para ampliar a capacidade de atra\u00e7\u00e3o de empresas, estimular novos investimentos e fortalecer a gera\u00e7\u00e3o de empregos na regi\u00e3o. (Folha da Mata \u2013 Vi\u00e7osa)<\/span><br \/><span><a href=\"https:\/\/www.folhadamata.com.br\/vicosa-busca-r-100-milhoes-no-mcti-para-urbanizacao-e-expansao-do-tecnoparq\">https:\/\/www.folhadamata.com.br\/vicosa-busca-r-100-milhoes-no-mcti-para-urbanizacao-e-expansao-do-tecnoparq<\/a><\/span><\/p>\n<p><strong><span>Formiga reivindica melhorias na BR 354<\/span><\/strong><br \/><span>Uma comitiva de Formiga participou de um encontro articulado pelo vereador Wolkmar Menezes, que foi acompanhado do prefeito coronel La\u00e9rcio, com o superintendente regional do Departamento Nacional de Infraestrutura de Transportes, Ant\u00f4nio Gabriel Oliveira dos Santos, para promover melhorias na BR-354. Durante a reuni\u00e3o, apresentou dados sobre o elevado n\u00famero de acidentes no trecho entre Formiga e Perd\u00f5es. (O Pergaminho \u2013 Formiga)<\/span><br \/><span><a href=\"https:\/\/www.opergaminho.com.br\/comitiva-formiguense-reivindica-melhorias-na-br-354-no-dnit\">https:\/\/www.opergaminho.com.br\/comitiva-formiguense-reivindica-melhorias-na-br-354-no-dnit<\/a><\/span><\/p>\n<p><strong><span>Lafaiete moderniza sem\u00e1foros\u00a0<\/span><\/strong><br \/><span>A Prefeitura de Conselheiro Lafaiete iniciou a moderniza\u00e7\u00e3o dos sem\u00e1foros na regi\u00e3o central da cidade. A Avenida Tel\u00e9sforo C\u00e2ndido de Resende \u00e9 a primeira a receber o novo sistema, desenvolvido para melhorar a organiza\u00e7\u00e3o do tr\u00e2nsito e aumentar a seguran\u00e7a nas travessias de pedestres. O objetivo \u00e9 tornar a circula\u00e7\u00e3o mais fluida, especialmente nos hor\u00e1rios de pico, al\u00e9m de oferecer mais prote\u00e7\u00e3o aos pedestres. Uma das principais novidades \u00e9 a instala\u00e7\u00e3o das botoeiras para pedestres, que permitem ao usu\u00e1rio acionar o sem\u00e1foro e aguardar a libera\u00e7\u00e3o do sinal verde para atravessar com seguran\u00e7a.\u00a0<\/span><br \/><span><a href=\"https:\/\/www.jornalcorreiodacidade.com.br\/noticias\/45247-lafaiete-moderniza-semaforos-e-reforca-seguranca-no-centro\">https:\/\/www.jornalcorreiodacidade.com.br\/noticias\/45247-lafaiete-moderniza-semaforos-e-reforca-seguranca-no-centro<\/a><\/span><\/p>\n<p><strong><span>Concession\u00e1ria lista v\u00edtima fatal para depor<\/span><\/strong><br \/><span>Um erro em um processo sobre um atropelamento na MG-050 chamou aten\u00e7\u00e3o ao mostrar que a concession\u00e1ria respons\u00e1vel pela rodovia convocou como testemunha a pr\u00f3pria v\u00edtima do acidente, Francisca de F\u00e1tima da Silva, de 56 anos, que morreu no local em 13 de fevereiro de 2022. Documentos do processo listam Francisca entre as testemunhas. Outras pessoas que realmente estiveram no local foram chamadas, como o condutor do ve\u00edculo, um inspetor de tr\u00e1fego, duas testemunhas e o policial rodovi\u00e1rio respons\u00e1vel pelo registro da ocorr\u00eancia. (Portal MPA \u2013 Divin\u00f3polis)<\/span><br \/><span><a href=\"https:\/\/www.sistemampa.com.br\/noticias\/divinopolis\/concessionaria-da-mg-050-convoca-mulher-que-morreu-atropelada-para-depor-em-processo-diz-ana-paula\/\">https:\/\/www.sistemampa.com.br\/noticias\/divinopolis\/concessionaria-da-mg-050-convoca-mulher-que-morreu-atropelada-para-depor-em-processo-diz-ana-paula\/<\/a><\/span><\/p>\n\n<p>\u00a0<\/p>","protected":false},"excerpt":{"rendered":"<p>Foto: Guilherme Bergamini\/ALMG COLUNA MGPrincipais destaques dos jornais e portais integrantes da rede Sindijori MG\u00a0www.sindijorimg.com.br \u00a0 Mucuri refor\u00e7a representa\u00e7\u00e3o na AssembleiaO m\u00e9dico Carlos Pimenta foi empossado, nesta quinta-feira, 4, para seu oitavo mandato como deputado estadual na Assembleia Legislativa de Minas Gerais. Ele assume a vaga deixada pelo ex-deputado Alencar da Silveira Jr., que renunciou [&hellip;]<\/p>\n","protected":false},"author":0,"featured_media":32128,"comment_status":"open","ping_status":"open","sticky":false,"template":"","format":"standard","meta":{"rop_custom_images_group":[],"rop_custom_messages_group":[],"rop_publish_now":"initial","rop_publish_now_accounts":[],"rop_publish_now_history":[],"rop_publish_now_status":"pending","footnotes":""},"categories":[6745],"tags":[],"class_list":["post-32127","post","type-post","status-publish","format-standard","has-post-thumbnail","hentry","category-coluna-sindijori"],"_links":{"self":[{"href":"https:\/\/diariotribuna.com.br\/index.php?rest_route=\/wp\/v2\/posts\/32127"}],"collection":[{"href":"https:\/\/diariotribuna.com.br\/index.php?rest_route=\/wp\/v2\/posts"}],"about":[{"href":"https:\/\/diariotribuna.com.br\/index.php?rest_route=\/wp\/v2\/types\/post"}],"replies":[{"embeddable":true,"href":"https:\/\/diariotribuna.com.br\/index.php?rest_route=%2Fwp%2Fv2%2Fcomments&post=32127"}],"version-history":[{"count":0,"href":"https:\/\/diariotribuna.com.br\/index.php?rest_route=\/wp\/v2\/posts\/32127\/revisions"}],"wp:featuredmedia":[{"embeddable":true,"href":"https:\/\/diariotribuna.com.br\/index.php?rest_route=\/wp\/v2\/media\/32128"}],"wp:attachment":[{"href":"https:\/\/diariotribuna.com.br\/index.php?rest_route=%2Fwp%2Fv2%2Fmedia&parent=32127"}],"wp:term":[{"taxonomy":"category","embeddable":true,"href":"https:\/\/diariotribuna.com.br\/index.php?rest_route=%2Fwp%2Fv2%2Fcategories&post=32127"},{"taxonomy":"post_tag","embeddable":true,"href":"https:\/\/diariotribuna.com.br\/index.php?rest_route=%2Fwp%2Fv2%2Ftags&post=32127"}],"curies":[{"name":"wp","href":"https:\/\/api.w.org\/{rel}","templated":true}]}}