{"id":32131,"date":"2025-12-05T16:44:20","date_gmt":"2025-12-05T19:44:20","guid":{"rendered":"https:\/\/diariotribuna.com.br\/?p=32131"},"modified":"2025-12-05T16:44:20","modified_gmt":"2025-12-05T19:44:20","slug":"black-friday-2025-impulsiona-comercio-e-melhora-resultados-em-minas-gerais","status":"publish","type":"post","link":"https:\/\/diariotribuna.com.br\/?p=32131","title":{"rendered":"Black Friday 2025 impulsiona com\u00e9rcio e melhora resultados em Minas Gerais\u00a0"},"content":{"rendered":"<p class=\"MsoNormal\"><span>FECOM\u00c9RCIO | Divulga\u00e7\u00e3o<\/span><\/p>\n<p><span><\/span><span><\/span><span><\/span><span><\/span><span><\/span><span><\/span><span><\/span><span><\/span><span><\/span><span><\/span><span><\/span><span><\/span><span><\/span><span><\/span><\/p>\n<p><strong>Maioria das empresas do estado registra desempenho igual ou superior ao de 2024; estrat\u00e9gias digitais e economia mais aquecida fortalecem vendas<\/strong><\/p>\n<p>A <strong>Black Friday 2025<\/strong> movimentou o com\u00e9rcio mineiro e trouxe resultados positivos para grande parte dos estabelecimentos do estado. De acordo com levantamento realizado entre <strong>1\u00ba e 3 de dezembro<\/strong>, <strong>67,9%<\/strong> das empresas registraram vendas iguais ou superiores \u00e0s de 2024, consolidando o per\u00edodo como um dos principais motores de faturamento do fim do ano. Entre as empresas que realizaram a\u00e7\u00f5es especiais, <strong>56,3%<\/strong> confirmaram ter alcan\u00e7ado as expectativas.<\/p>\n<p>Do total avaliado, <strong>30,9%<\/strong> tiveram desempenho melhor que o do ano passado, enquanto <strong>36,9%<\/strong> repetiram os resultados de 2024. Entre as empresas que cresceram, <strong>71,9%<\/strong> apresentaram alta entre <strong>10,1% e 40%<\/strong> no volume de vendas. J\u00e1 <strong>25,5%<\/strong> registraram queda, sendo que <strong>53,2%<\/strong> desse grupo observaram redu\u00e7\u00e3o entre <strong>10,1% e 20%<\/strong>.<\/p>\n<p>De acordo com as empresas com melhor desempenho, tr\u00eas fatores foram essenciais para o avan\u00e7o nas vendas: <strong>aquecimento do com\u00e9rcio<\/strong>, <strong>melhora gradual da economia<\/strong> e <strong>estrat\u00e9gias de divulga\u00e7\u00e3o mais eficientes<\/strong>, especialmente com o uso de canais digitais e ofertas segmentadas.<\/p>\n<p>A economista <strong>Fernanda Gon\u00e7alves<\/strong> destaca que os n\u00fameros refor\u00e7am o peso da data para o varejo mineiro:<br \/>\u2502 <em>\u201cA combina\u00e7\u00e3o de promo\u00e7\u00f5es competitivas, atendimento qualificado, produtos diferenciados e comunica\u00e7\u00e3o estrat\u00e9gica impulsionou o consumo e ajudou a aumentar o ticket m\u00e9dio.\u201d<\/em><\/p>\n<p>Apesar do cen\u00e1rio positivo, a queda registrada por parte das empresas indica a necessidade de avan\u00e7ar em pr\u00e1ticas comerciais, como <strong>condi\u00e7\u00f5es mais flex\u00edveis de pagamento<\/strong>, <strong>diversifica\u00e7\u00e3o de canais de venda<\/strong> e <strong>melhor an\u00e1lise de produtos de maior giro<\/strong>. A economista ressalta que o consumidor atual pesquisa pre\u00e7os com anteced\u00eancia e compara ofertas online, o que exige planejamento mais detalhado por parte dos lojistas.<\/p>\n<p>Comparando a data com o movimento comum de um dia normal, <strong>36,8%<\/strong> das empresas relataram crescimento entre <strong>10,1% e 20%<\/strong>, enquanto <strong>26,3%<\/strong> observaram aumento entre <strong>20,1% e 40%<\/strong>. J\u00e1 <strong>24,5%<\/strong> registraram avan\u00e7o menor, de at\u00e9 <strong>10%<\/strong>, e <strong>8,7%<\/strong> tiveram alta expressiva, entre <strong>40,1% e 60%<\/strong>.<\/p>\n<p>Entre os comerciantes que tiveram queda, <strong>44,6%<\/strong> apontaram redu\u00e7\u00e3o de at\u00e9 <strong>10%<\/strong>, enquanto <strong>23,4%<\/strong> observaram baixa entre <strong>10,1% e 20%<\/strong>. Para <strong>21,2%<\/strong>, a diminui\u00e7\u00e3o alcan\u00e7ou <strong>20,1% a 40%<\/strong>. Ao todo, <strong>180 empres\u00e1rios<\/strong> de diversas regi\u00f5es do estado participaram do levantamento.<\/p>\n<h2><strong>Sobre a Fecom\u00e9rcio MG<\/strong><\/h2>\n<p>A <strong>Federa\u00e7\u00e3o do Com\u00e9rcio de Bens, Servi\u00e7os e Turismo de Minas Gerais<\/strong> representa mais de <strong>750 mil empresas<\/strong> e <strong>54 sindicatos patronais<\/strong>. Presidida por <strong>Nadim Elias Donato Filho<\/strong>, a institui\u00e7\u00e3o atua como porta-voz do setor, promovendo di\u00e1logo com o poder p\u00fablico, fortalecendo o ambiente de neg\u00f3cios e apoiando o desenvolvimento econ\u00f4mico do estado.<\/p>\n<p>A entidade tamb\u00e9m administra o <strong>Sesc<\/strong> e o <strong>Senac<\/strong> em Minas Gerais, ampliando o acesso a servi\u00e7os sociais, culturais, educativos e de qualifica\u00e7\u00e3o profissional. Com 87 anos de atua\u00e7\u00e3o ao lado da CNC, a Fecom\u00e9rcio MG mant\u00e9m compromisso permanente com o crescimento e a competitividade do com\u00e9rcio, dos servi\u00e7os e do turismo mineiros.<\/p>\n\n<p><strong>Fonte: Wagner Fernando Liberato \u2014 Comunica\u00e7\u00e3o Fecom\u00e9rcio MG<\/strong><\/p>\n<p>\u00a0<\/p>","protected":false},"excerpt":{"rendered":"<p>FECOM\u00c9RCIO | Divulga\u00e7\u00e3o Maioria das empresas do estado registra desempenho igual ou superior ao de 2024; estrat\u00e9gias digitais e economia mais aquecida fortalecem vendas A Black Friday 2025 movimentou o com\u00e9rcio mineiro e trouxe resultados positivos para grande parte dos estabelecimentos do estado. De acordo com levantamento realizado entre 1\u00ba e 3 de dezembro, 67,9% [&hellip;]<\/p>\n","protected":false},"author":0,"featured_media":32132,"comment_status":"open","ping_status":"open","sticky":false,"template":"","format":"standard","meta":{"rop_custom_images_group":[],"rop_custom_messages_group":[],"rop_publish_now":"initial","rop_publish_now_accounts":[],"rop_publish_now_history":[],"rop_publish_now_status":"pending","footnotes":""},"categories":[6745],"tags":[],"class_list":["post-32131","post","type-post","status-publish","format-standard","has-post-thumbnail","hentry","category-coluna-sindijori"],"_links":{"self":[{"href":"https:\/\/diariotribuna.com.br\/index.php?rest_route=\/wp\/v2\/posts\/32131"}],"collection":[{"href":"https:\/\/diariotribuna.com.br\/index.php?rest_route=\/wp\/v2\/posts"}],"about":[{"href":"https:\/\/diariotribuna.com.br\/index.php?rest_route=\/wp\/v2\/types\/post"}],"replies":[{"embeddable":true,"href":"https:\/\/diariotribuna.com.br\/index.php?rest_route=%2Fwp%2Fv2%2Fcomments&post=32131"}],"version-history":[{"count":0,"href":"https:\/\/diariotribuna.com.br\/index.php?rest_route=\/wp\/v2\/posts\/32131\/revisions"}],"wp:featuredmedia":[{"embeddable":true,"href":"https:\/\/diariotribuna.com.br\/index.php?rest_route=\/wp\/v2\/media\/32132"}],"wp:attachment":[{"href":"https:\/\/diariotribuna.com.br\/index.php?rest_route=%2Fwp%2Fv2%2Fmedia&parent=32131"}],"wp:term":[{"taxonomy":"category","embeddable":true,"href":"https:\/\/diariotribuna.com.br\/index.php?rest_route=%2Fwp%2Fv2%2Fcategories&post=32131"},{"taxonomy":"post_tag","embeddable":true,"href":"https:\/\/diariotribuna.com.br\/index.php?rest_route=%2Fwp%2Fv2%2Ftags&post=32131"}],"curies":[{"name":"wp","href":"https:\/\/api.w.org\/{rel}","templated":true}]}}