{"id":32133,"date":"2025-12-06T11:31:35","date_gmt":"2025-12-06T14:31:35","guid":{"rendered":"https:\/\/diariotribuna.com.br\/?p=32133"},"modified":"2025-12-06T11:31:35","modified_gmt":"2025-12-06T14:31:35","slug":"armazens-da-casemg-serao-implodidos","status":"publish","type":"post","link":"https:\/\/diariotribuna.com.br\/?p=32133","title":{"rendered":"Armaz\u00e9ns da Casemg ser\u00e3o implodidos\u00a0"},"content":{"rendered":"<p><em><span>Foto: Reprodu\u00e7\u00e3o JP<\/span><\/em><\/p>\n<p><strong><span>COLUNA MG<\/span><\/strong><br \/><span>Principais destaques dos jornais e portais integrantes da rede Sindijori MG\u00a0<\/span><br \/><span><a href=\"http:\/\/www.sindijorimg.com.br\/\">www.sindijorimg.com.br<\/a><\/span><\/p>\n<p><strong><span>\u00a0<\/span><\/strong><\/p>\n<p><strong><span>Armaz\u00e9ns da Casemg ser\u00e3o implodidos<\/span><\/strong><br \/><span>O Governo Municipal de Patroc\u00ednio confirmou que recebeu, em Bras\u00edlia, a autoriza\u00e7\u00e3o oficial para a implos\u00e3o do antigo silo da Casemg e, simultaneamente, o aval para a futura liga\u00e7\u00e3o das Avenidas Jacinto Barbosa e General Astolfo Ferreira Mendes. As duas a\u00e7\u00f5es est\u00e3o diretamente relacionadas, j\u00e1 que a remo\u00e7\u00e3o da estrutura &#8211; desativada h\u00e1 d\u00e9cadas e considerada um ponto cr\u00edtico &#8211; \u00e9 condi\u00e7\u00e3o necess\u00e1ria para viabilizar a interliga\u00e7\u00e3o vi\u00e1ria. (Jornal de Patroc\u00ednio)<\/span><br \/><span><a href=\"https:\/\/www.jornaldepatrocinio.com\/implosao-do-antigo-predio-da-casemg-ligara-as-avenidas-jacinto-barbosa-e-general-astolfo-ferreira-mendes\">https:\/\/www.jornaldepatrocinio.com\/implosao-do-antigo-predio-da-casemg-ligara-as-avenidas-jacinto-barbosa-e-general-astolfo-ferreira-mendes<\/a><\/span><\/p>\n<p><strong><span>Contagem tem identidade tur\u00edstica<\/span><\/strong><br \/><span>Marcando o in\u00edcio de uma estrat\u00e9gia in\u00e9dita de promo\u00e7\u00e3o cultural, hist\u00f3rica e ambiental, Contagem lan\u00e7ou a sua primeira marca tur\u00edstica oficial: \u201cVisite Contagem\u201d. A iniciativa \u00e9 conduzida pela Secretaria Municipal de Cultura e integra uma pol\u00edtica mais ampla de fortalecimento do turismo como vetor de desenvolvimento econ\u00f4mico e social. Cercada por outros munic\u00edpios e frequentemente reduzida \u00e0 imagem de \u201ccidade-dormit\u00f3rio\u201d, a cidade busca mostrar que abriga uma popula\u00e7\u00e3o criativa e acolhedora, capaz de gerar experi\u00eancias \u00fanicas. (Edi\u00e7\u00e3o do Brasil \u2013 Belo Horizonte)<\/span><br \/><span><a href=\"https:\/\/edicaodobrasil.com.br\/contagem-revela-primeira-identidade-turistica-e-mira-no-desenvolvimento\/\">https:\/\/edicaodobrasil.com.br\/contagem-revela-primeira-identidade-turistica-e-mira-no-desenvolvimento\/<\/a><\/span><\/p>\n<p><strong><span>Ouro Preto tem ambulat\u00f3rio de obesidade<\/span><\/strong><br \/><span>A cidade hist\u00f3rica de Ouro Preto, em Minas Gerais, deu um passo importante no cuidado com a sa\u00fade da popula\u00e7\u00e3o ao anunciar a inaugura\u00e7\u00e3o do Ambulat\u00f3rio de Obesidade, uma unidade p\u00fablica destinada ao atendimento e tratamento dessa condi\u00e7\u00e3o m\u00e9dica. A iniciativa surgiu de uma parceria com a Universidade Federal de Ouro Preto, por meio de um projeto de acompanhamento de 700 mulheres com altera\u00e7\u00e3o de peso, que se estendeu para crian\u00e7as e adolescentes. (O Liberal \u2013 Ouro Preto)<\/span><br \/><span><a href=\"https:\/\/oliberalinconfidentes.com.br\/ouro-preto\/ouro-preto-passa-a-contar-com-ambulatorio-de-obesidade-na-rede-municipal-de-saude\/\">https:\/\/oliberalinconfidentes.com.br\/ouro-preto\/ouro-preto-passa-a-contar-com-ambulatorio-de-obesidade-na-rede-municipal-de-saude\/<\/a><\/span><\/p>\n<p><strong><span>35 ton de lixo das bocas de lobo<\/span><\/strong><br \/><span>Os servi\u00e7os de limpeza urbana retiraram 35,2 toneladas de lixo das bocas de lobo de Juiz de Fora ao longo de novembro. As equipes atuaram em todas as regi\u00f5es da cidade, realizando limpeza, desobstru\u00e7\u00e3o e manuten\u00e7\u00e3o de bocas de lobo, bueiros, po\u00e7os de visita e galerias de \u00e1guas pluviais. No acumulado de 2025, o volume de res\u00edduos removidos chegou a 250,76 toneladas, encaminhadas ao aterro sanit\u00e1rio. Entre os materiais mais encontrados est\u00e3o pl\u00e1sticos, como sacolas e garrafas PET, itens geralmente descartados de forma irregular junto ao lixo dom\u00e9stico e que acabam sendo levados pela chuva para o sistema de drenagem. (Acessa.com)<\/span><br \/><span><a href=\"https:\/\/www.acessa.com\/cidade\/2025\/12\/298843-juiz-de-fora-recolhe-mais-de-35-toneladas-de-lixo-das-bocas-de-lobo-em-novembro.html\">https:\/\/www.acessa.com\/cidade\/2025\/12\/298843-juiz-de-fora-recolhe-mais-de-35-toneladas-de-lixo-das-bocas-de-lobo-em-novembro.html<\/a><\/span><\/p>\n<p><strong><span>Po\u00e7os pode extinguir charretes<\/span><\/strong><br \/><span>A C\u00e2mara Municipal realizar\u00e1 no dia 12 uma sess\u00e3o para deliberar uma das mudan\u00e7as mais significativas no turismo local das \u00faltimas d\u00e9cadas: a extin\u00e7\u00e3o definitiva do servi\u00e7o de charretes por tra\u00e7\u00e3o animal no munic\u00edpio. O projeto institui o novo servi\u00e7o p\u00fablico especial de transporte tur\u00edstico denominado Carruagem El\u00e9trica, autoriza sua concess\u00e3o e extingue formalmente o tradicional servi\u00e7o de charretes, que h\u00e1 d\u00e9cadas integra o cen\u00e1rio tur\u00edstico da cidade. A proposta tamb\u00e9m estabelece medidas de transi\u00e7\u00e3o social para os trabalhadores que dependiam da atividade. (Jornal Mantiqueira)<\/span><br \/><span><a href=\"https:\/\/www.jornalmantiqueira.com.br\/2025\/12\/05\/camara-vota-dia-12-projeto-que-extingue-definitivamente-o-servico-de-charretes-por-tracao-animal-em-pocos\/\">https:\/\/www.jornalmantiqueira.com.br\/2025\/12\/05\/camara-vota-dia-12-projeto-que-extingue-definitivamente-o-servico-de-charretes-por-tracao-animal-em-pocos\/<\/a><\/span><\/p>\n<p><strong><span>Hospital vai realizar mutir\u00e3o<\/span><\/strong><br \/><span>O Hospital de Cl\u00ednicas da Universidade Federal do Tri\u00e2ngulo Mineiro, administrado pela Empresa Brasileira de Servi\u00e7os Hospitalares (Ebserh) promover\u00e1, no pr\u00f3ximo s\u00e1bado, 13, dois grandes mutir\u00f5es. O mutir\u00e3o do \u201cDia E &#8211; Ebserh em A\u00e7\u00e3o\u201d, vinculado ao Programa \u201cAgora Tem Especialistas\u201d, do Minist\u00e9rio da Sa\u00fade (MS), e o mutir\u00e3o Dezembro Laranja, organizado pela Sociedade Brasileira de Dermatologia (SBD), com foco na preven\u00e7\u00e3o do c\u00e2ncer de pele. Est\u00e1 prevista a realiza\u00e7\u00e3o de consultas, cirurgias, exames e procedimentos diagn\u00f3sticos e terap\u00eauticos (Jornal de Uberaba)<\/span><br \/><span><a href=\"https:\/\/www.jornaldeuberaba.com.br\/noticia\/133900\/hc-uftm-realizara-mutiroes-no-dia-13-de-dezembro\">https:\/\/www.jornaldeuberaba.com.br\/noticia\/133900\/hc-uftm-realizara-mutiroes-no-dia-13-de-dezembro<\/a><\/span><\/p>\n<p><span><\/span><\/p>\n<p>\u00a0<\/p>","protected":false},"excerpt":{"rendered":"<p>Foto: Reprodu\u00e7\u00e3o JP COLUNA MGPrincipais destaques dos jornais e portais integrantes da rede Sindijori MG\u00a0www.sindijorimg.com.br \u00a0 Armaz\u00e9ns da Casemg ser\u00e3o implodidosO Governo Municipal de Patroc\u00ednio confirmou que recebeu, em Bras\u00edlia, a autoriza\u00e7\u00e3o oficial para a implos\u00e3o do antigo silo da Casemg e, simultaneamente, o aval para a futura liga\u00e7\u00e3o das Avenidas Jacinto Barbosa e General [&hellip;]<\/p>\n","protected":false},"author":0,"featured_media":32134,"comment_status":"open","ping_status":"open","sticky":false,"template":"","format":"standard","meta":{"rop_custom_images_group":[],"rop_custom_messages_group":[],"rop_publish_now":"initial","rop_publish_now_accounts":[],"rop_publish_now_history":[],"rop_publish_now_status":"pending","footnotes":""},"categories":[6745],"tags":[],"class_list":["post-32133","post","type-post","status-publish","format-standard","has-post-thumbnail","hentry","category-coluna-sindijori"],"_links":{"self":[{"href":"https:\/\/diariotribuna.com.br\/index.php?rest_route=\/wp\/v2\/posts\/32133"}],"collection":[{"href":"https:\/\/diariotribuna.com.br\/index.php?rest_route=\/wp\/v2\/posts"}],"about":[{"href":"https:\/\/diariotribuna.com.br\/index.php?rest_route=\/wp\/v2\/types\/post"}],"replies":[{"embeddable":true,"href":"https:\/\/diariotribuna.com.br\/index.php?rest_route=%2Fwp%2Fv2%2Fcomments&post=32133"}],"version-history":[{"count":0,"href":"https:\/\/diariotribuna.com.br\/index.php?rest_route=\/wp\/v2\/posts\/32133\/revisions"}],"wp:featuredmedia":[{"embeddable":true,"href":"https:\/\/diariotribuna.com.br\/index.php?rest_route=\/wp\/v2\/media\/32134"}],"wp:attachment":[{"href":"https:\/\/diariotribuna.com.br\/index.php?rest_route=%2Fwp%2Fv2%2Fmedia&parent=32133"}],"wp:term":[{"taxonomy":"category","embeddable":true,"href":"https:\/\/diariotribuna.com.br\/index.php?rest_route=%2Fwp%2Fv2%2Fcategories&post=32133"},{"taxonomy":"post_tag","embeddable":true,"href":"https:\/\/diariotribuna.com.br\/index.php?rest_route=%2Fwp%2Fv2%2Ftags&post=32133"}],"curies":[{"name":"wp","href":"https:\/\/api.w.org\/{rel}","templated":true}]}}