{"id":32135,"date":"2025-12-07T14:27:32","date_gmt":"2025-12-07T17:27:32","guid":{"rendered":"https:\/\/diariotribuna.com.br\/?p=32135"},"modified":"2025-12-07T14:35:39","modified_gmt":"2025-12-07T17:35:39","slug":"policia-civil-mira-nucleo-estrategico-da-fto-e-prende-liderancas-na-operacao-fachada","status":"publish","type":"post","link":"https:\/\/diariotribuna.com.br\/?p=32135","title":{"rendered":"Pol\u00edcia Civil mira n\u00facleo estrat\u00e9gico da FTO e prende lideran\u00e7as na Opera\u00e7\u00e3o Fachada"},"content":{"rendered":"\n<p>Na manh\u00e3 da \u00faltima quinta-feira (4\/12), a Pol\u00edcia Civil de Minas Gerais deflagrou a Opera\u00e7\u00e3o Fachada \u2014 ofensiva que mira diretamente a c\u00fapula da fac\u00e7\u00e3o criminosa Fam\u00edlia T.O. (FTO), organiza\u00e7\u00e3o com atua\u00e7\u00e3o no Vale do Mucuri e vinculada ao Comando Vermelho (CV).&nbsp;<\/p>\n\n\n<div class=\"wp-block-image\">\n<figure class=\"aligncenter size-full\"><img loading=\"lazy\" decoding=\"async\" width=\"750\" height=\"375\" src=\"https:\/\/diariotribuna.com.br\/wp-content\/uploads\/2025\/12\/2.jpeg\" alt=\"Opera\u00e7\u00e3o fachada\" class=\"wp-image-32137\" srcset=\"https:\/\/diariotribuna.com.br\/wp-content\/uploads\/2025\/12\/2.jpeg 750w, https:\/\/diariotribuna.com.br\/wp-content\/uploads\/2025\/12\/2-300x150.jpeg 300w, https:\/\/diariotribuna.com.br\/wp-content\/uploads\/2025\/12\/2-696x348.jpeg 696w\" sizes=\"(max-width: 750px) 100vw, 750px\" \/><figcaption class=\"wp-element-caption\">Opera\u00e7\u00e3o fachada<\/figcaption><\/figure><\/div>\n\n\n<h3 class=\"wp-block-heading\">Pris\u00f5es, bloqueios e apreens\u00f5es:<\/h3>\n\n\n\n<p>&nbsp;Foram expedidos&nbsp;<strong>23 mandados de pris\u00e3o<\/strong>&nbsp;contra membros da fac\u00e7\u00e3o. Deste total,&nbsp;<strong>20 pessoas foram capturadas<\/strong>, dessas&nbsp;<strong>6 j\u00e1 estavam detidas anteriormente<\/strong>, e&nbsp;<strong>5 seguem foragidas<\/strong>. Entre os presos est\u00e3o nomeados lideran\u00e7as e gerentes do grupo, al\u00e9m de uma advogada, um policial militar e um empres\u00e1rio com atua\u00e7\u00e3o no com\u00e9rcio de ve\u00edculos, apontados como respons\u00e1veis por fun\u00e7\u00f5es de comando, log\u00edstica, finan\u00e7as e apoio operacional. As autoridades tamb\u00e9m cumpriram&nbsp;<strong>13 mandados de busca<\/strong>. Em paralelo, foram bloqueados bens e valores atribu\u00eddos aos alvos \u2014 incluindo o sequestro de um ve\u00edculo de luxo. Segundo a Pol\u00edcia Civil, celulares, documentos e recursos financeiros foram apreendidos e seguem sob an\u00e1lise.<\/p>\n\n\n\n<h3 class=\"wp-block-heading\">Objetivo: desarticular a estrutura criminosa<\/h3>\n\n\n\n<p>De acordo com os investigadores, a \u201cOpera\u00e7\u00e3o Fachada\u201d visa atingir o n\u00facleo decis\u00f3rio da FTO e&nbsp;<strong>descapitalizar o tr\u00e1fico<\/strong>, destruindo seus canais de financiamento e apoio log\u00edstico. A a\u00e7\u00e3o reafirma o compromisso das autoridades no combate ao crime organizado e \u00e0 corrup\u00e7\u00e3o, com foco tanto em quem comete crimes violentos e tr\u00e1fico quanto em quem d\u00e1 suporte \u2014 direta ou indiretamente \u2014 \u00e0s atividades il\u00edcitas.<\/p>\n\n\n\n<p>As investiga\u00e7\u00f5es apontam que a FTO atuava com estrutura empresarial paralela, utilizando empresas de fachada para lavagem de dinheiro, tr\u00e1fico e outras atividades criminosas. Relat\u00f3rios recentes detectaram movimenta\u00e7\u00f5es suspeitas e pulveriza\u00e7\u00e3o de dep\u00f3sitos, pr\u00e1ticas t\u00edpicas de esquemas de evas\u00e3o financeira.&nbsp;<\/p>\n\n\n\n<h3 class=\"wp-block-heading\">Contexto de recentes ofensivas contra fac\u00e7\u00f5es<\/h3>\n\n\n\n<p>A \u201cFachada\u201d insere-se num contexto maior de ofensivas contra fac\u00e7\u00f5es criminosas em Minas Gerais. Em setembro de 2025, a Opera\u00e7\u00e3o Custos Fid\u00e9lis teve como alvo tamb\u00e9m a FTO, cumprindo mais de 120 mandados de pris\u00e3o e busca e determina\u00e7\u00e3o de bloqueio de aproximadamente R$ 18 bilh\u00f5es em bens, contas banc\u00e1rias e cripto ativos em diversos estados. A opera\u00e7\u00e3o evidenciou como a organiza\u00e7\u00e3o operava com n\u00facleos estruturados de log\u00edstica, finan\u00e7as e transporte de drogas \u2014 inclusive com empresas de fachada nos setores de g\u00e1s, internet e com\u00e9rcio atacadista. &nbsp;<a href=\"https:\/\/drd.com.br\/operacao-mira-faccao-ligada-ao-comando-vermelho-e-bloqueia-r-18-bilhoes-em-quatro-estados\/?utm_source=chatgpt.com\" target=\"_blank\" rel=\"noreferrer noopener\">DRD+2Band+2<\/a> &#8211; Autoridades ouvidas na \u00e9poca ressaltaram que \u201cn\u00e3o basta prender quem vende drogas ou comete viol\u00eancia; \u00e9 crucial desmantelar o suporte financeiro e empresarial dessas organiza\u00e7\u00f5es\u201d.&nbsp;<\/p>\n\n\n\n<h3 class=\"wp-block-heading\">Repercuss\u00e3o e desafios \u00e0 frente<\/h3>\n\n\n\n<p>O \u00eaxito da \u201cFachada\u201d \u00e9 celebrado como um duro golpe contra a FTO, mas especialistas alertam que a efic\u00e1cia depender\u00e1 da continuidade das investiga\u00e7\u00f5es \u2014 sobretudo no que diz respeito \u00e0 recupera\u00e7\u00e3o de bens, bloqueio de ativos e condena\u00e7\u00e3o dos envolvidos. A fragmenta\u00e7\u00e3o da estrutura em diferentes n\u00facleos (comando, log\u00edstica, financiamento, fachada empresarial) torna a tarefa complexa e demanda coopera\u00e7\u00e3o entre diversas for\u00e7as de seguran\u00e7a e o aparato judicial. Em Te\u00f3filo Otoni, moradores e autoridades expressaram al\u00edvio com a a\u00e7\u00e3o, na esperan\u00e7a de que a ofensiva representasse uma guinada no combate ao crime organizado local \u2014 um problema que afeta diretamente a seguran\u00e7a e a vida cotidiana da popula\u00e7\u00e3o.<\/p>\n\n\n\n<h3 class=\"wp-block-heading\">O que muda<\/h3>\n\n\n\n<p>Com a pris\u00e3o de l\u00edderes, gerentes e apoiadores, e com o bloqueio de recursos e bens, a expectativa das autoridades \u00e9 de enfraquecer seriamente a FTO. A opera\u00e7\u00e3o marca uma nova estrat\u00e9gia: n\u00e3o apenas mirando crimes isolados, mas desarticulando a engrenagem completa da organiza\u00e7\u00e3o \u2014 o que pode reduzir a possibilidade de retalia\u00e7\u00f5es e novos crimes se a estrutura foi desmontada de forma eficaz.<\/p>\n\n\n\n<p><strong>Por Reda\u00e7\u00e3o Di\u00e1rio Tribuna<\/strong>.<\/p>\n\n\n\n<p><\/p>\n","protected":false},"excerpt":{"rendered":"<p>Na manh\u00e3 da \u00faltima quinta-feira (4\/12), a Pol\u00edcia Civil de Minas Gerais deflagrou a Opera\u00e7\u00e3o Fachada \u2014 ofensiva que mira diretamente a c\u00fapula da fac\u00e7\u00e3o criminosa Fam\u00edlia T.O. (FTO), organiza\u00e7\u00e3o com atua\u00e7\u00e3o no Vale do Mucuri e vinculada ao Comando Vermelho (CV).&nbsp; Pris\u00f5es, bloqueios e apreens\u00f5es: &nbsp;Foram expedidos&nbsp;23 mandados de pris\u00e3o&nbsp;contra membros da fac\u00e7\u00e3o. Deste [&hellip;]<\/p>\n","protected":false},"author":3,"featured_media":32137,"comment_status":"open","ping_status":"open","sticky":false,"template":"","format":"standard","meta":{"rop_custom_images_group":[],"rop_custom_messages_group":[],"rop_publish_now":"initial","rop_publish_now_accounts":[],"rop_publish_now_history":[],"rop_publish_now_status":"pending","footnotes":""},"categories":[25,20,17],"tags":[],"class_list":["post-32135","post","type-post","status-publish","format-standard","has-post-thumbnail","hentry","category-destaque","category-policia","category-teofilootoni"],"_links":{"self":[{"href":"https:\/\/diariotribuna.com.br\/index.php?rest_route=\/wp\/v2\/posts\/32135"}],"collection":[{"href":"https:\/\/diariotribuna.com.br\/index.php?rest_route=\/wp\/v2\/posts"}],"about":[{"href":"https:\/\/diariotribuna.com.br\/index.php?rest_route=\/wp\/v2\/types\/post"}],"author":[{"embeddable":true,"href":"https:\/\/diariotribuna.com.br\/index.php?rest_route=\/wp\/v2\/users\/3"}],"replies":[{"embeddable":true,"href":"https:\/\/diariotribuna.com.br\/index.php?rest_route=%2Fwp%2Fv2%2Fcomments&post=32135"}],"version-history":[{"count":2,"href":"https:\/\/diariotribuna.com.br\/index.php?rest_route=\/wp\/v2\/posts\/32135\/revisions"}],"predecessor-version":[{"id":32138,"href":"https:\/\/diariotribuna.com.br\/index.php?rest_route=\/wp\/v2\/posts\/32135\/revisions\/32138"}],"wp:featuredmedia":[{"embeddable":true,"href":"https:\/\/diariotribuna.com.br\/index.php?rest_route=\/wp\/v2\/media\/32137"}],"wp:attachment":[{"href":"https:\/\/diariotribuna.com.br\/index.php?rest_route=%2Fwp%2Fv2%2Fmedia&parent=32135"}],"wp:term":[{"taxonomy":"category","embeddable":true,"href":"https:\/\/diariotribuna.com.br\/index.php?rest_route=%2Fwp%2Fv2%2Fcategories&post=32135"},{"taxonomy":"post_tag","embeddable":true,"href":"https:\/\/diariotribuna.com.br\/index.php?rest_route=%2Fwp%2Fv2%2Ftags&post=32135"}],"curies":[{"name":"wp","href":"https:\/\/api.w.org\/{rel}","templated":true}]}}