{"id":32139,"date":"2025-12-08T11:35:17","date_gmt":"2025-12-08T14:35:17","guid":{"rendered":"https:\/\/diariotribuna.com.br\/?p=32139"},"modified":"2025-12-08T11:35:17","modified_gmt":"2025-12-08T14:35:17","slug":"duplicacao-da-br-381-tem-estudos","status":"publish","type":"post","link":"https:\/\/diariotribuna.com.br\/?p=32139","title":{"rendered":"Duplica\u00e7\u00e3o da BR 381 tem estudos\u00a0"},"content":{"rendered":"<p><em><span>Foto: Divulga\u00e7\u00e3o\/Nova 381<\/span><\/em><\/p>\n<p><strong><span>COLUNA MG<\/span><\/strong><br \/><span>Principais destaques dos jornais e portais integrantes da rede Sindijori MG\u00a0<\/span><br \/><span><a href=\"http:\/\/www.sindijorimg.com.br\/\">www.sindijorimg.com.br<\/a><\/span><\/p>\n<p><strong><span>\u00a0<\/span><\/strong><br \/><strong><span>Duplica\u00e7\u00e3o da BR 381 tem estudos<\/span><\/strong><br \/><span>A diretoria da Ag\u00eancia Nacional de Transportes Terrestres autorizou a realiza\u00e7\u00e3o de estudos que poder\u00e3o viabilizar a duplica\u00e7\u00e3o de mais 70 quil\u00f4metros da BR-381, em Minas Gerais. A decis\u00e3o, tomada por unanimidade, representa um novo avan\u00e7o nas a\u00e7\u00f5es voltadas \u00e0 melhoria da seguran\u00e7a e da fluidez no principal corredor rodovi\u00e1rio do Leste mineiro. A Nova 381 Concession\u00e1ria de Rodovia, respons\u00e1vel pela administra\u00e7\u00e3o do trecho, conduzir\u00e1 o Estudo de Viabilidade T\u00e9cnica, Econ\u00f4mica e Ambiental para avaliar se o aumento do volume de tr\u00e1fego justifica a constru\u00e7\u00e3o da pista adicional. (Di\u00e1rio do Rio Doce \u2013 Governador Valadares)<\/span><br \/><span><a href=\"https:\/\/drd.com.br\/antt-autoriza-estudos-para-ampliar-duplicacao-da-br-381-em-mais-70-km-entre-valadares-e-belo-oriente\/\">https:\/\/drd.com.br\/antt-autoriza-estudos-para-ampliar-duplicacao-da-br-381-em-mais-70-km-entre-valadares-e-belo-oriente\/<\/a><\/span><\/p>\n<p><strong><span>Sete Lagoas ter\u00e1 Medicina<\/span><\/strong><br \/><span>A educa\u00e7\u00e3o superior de Sete Lagoas acaba de atingir um novo patamar hist\u00f3rico. Foi publicada recentemente no Di\u00e1rio Oficial da Uni\u00e3o a portaria que autoriza o funcionamento do curso de Medicina da Faculdade Sete Lagoas. A not\u00edcia chega acompanhada de um selo de qualidade raro: o curso foi aprovado com nota m\u00e1xima (Conceito 5) na avalia\u00e7\u00e3o do Minist\u00e9rio da Educa\u00e7\u00e3o. A autoriza\u00e7\u00e3o atende a uma demanda antiga da comunidade e promete transformar o cen\u00e1rio da sa\u00fade local, retendo talentos na cidade e atraindo novos estudantes de diversas partes de Minas Gerais e do Brasil. (Sete Dias \u2013 Sete Lagoas)<\/span><br \/><span><a href=\"https:\/\/www.setedias.com.br\/22387-2\/\">https:\/\/www.setedias.com.br\/22387-2\/<\/a><\/span><\/p>\n<p><strong><span>PSDB vence em Martins Soares<\/span><\/strong><br \/><span>Jos\u00e9 Santana Emerick (PSDB) foi eleito com 51,67% (3.151 votos) para o cargo de prefeito de Martins Soares no domingo, 07\/12, durante a elei\u00e7\u00e3o suplementar convocada pelo Tribunal Superior Eleitoral (TSE). A vice-prefeita \u00e9 M\u00e1rcia Pires Mota (PSDB). Os dois foram candidatos pela Coliga\u00e7\u00e3o Cuidando da Nossa Gente.A outra chapa recebeu 48,33% (2.947 votos) e foi composta pelo candidato a prefeito Michell Bahia Dutra Emerick (MDB) e a vice Renata Kelle Assis Dutra (MDB), que concorreram pela Coliga\u00e7\u00e3o Unidos Por Martins Soares. (Di\u00e1rio de Manhua\u00e7u)<\/span><br \/><span><a href=\"https:\/\/diariodemanhuacu.com.br\/2025\/regional\/santana-e-marcia-vencem-a-eleicao-para-a-prefeitura-de-martins-soares\/\">https:\/\/diariodemanhuacu.com.br\/2025\/regional\/santana-e-marcia-vencem-a-eleicao-para-a-prefeitura-de-martins-soares\/<\/a><\/span><\/p>\n<p><strong><span>INSS faz mutir\u00e3o no Mucuri<\/span><\/strong><br \/><span>A popula\u00e7\u00e3o de Te\u00f3filo Otoni, no Vale do Mucuri, ter\u00e1 a oportunidade de ser atendida em mutir\u00f5es do Instituto Nacional do Seguro Social, que acontecer\u00e3o nos pr\u00f3ximos dois finais de semana de dezembro. Ao todo, ser\u00e3o ofertadas 1.900 vagas extras para per\u00edcia m\u00e9dica e avalia\u00e7\u00e3o social, beneficiando moradores da cidade, assim como a de munic\u00edpios vizinhos. Em Te\u00f3filo Otoni, a iniciativa ser\u00e1 concentrada nos dois s\u00e1bados, dias 6 e 13 de dezembro. (Di\u00e1rio Tribuna \u2013 Te\u00f3filo Otoni)<\/span><br \/><span><a href=\"https:\/\/diariotribuna.com.br\/?p=32124\">https:\/\/diariotribuna.com.br\/?p=32124<\/a><\/span><\/p>\n<p><strong><span>Seca coloca Minas em alerta<\/span><\/strong><br \/><span>O estado de Minas Gerais enfrenta um dos per\u00edodos mais cr\u00edticos de sua hist\u00f3ria recente no que diz respeito aos desastres clim\u00e1ticos. Na semana passada, o Minist\u00e9rio da Integra\u00e7\u00e3o e do Desenvolvimento Regional, por meio da Defesa Civil Nacional, reconheceu oficialmente a situa\u00e7\u00e3o de emerg\u00eancia em mais de 120 munic\u00edpios mineiros, afetados principalmente pela severa seca, contudo, algumas localidades tamb\u00e9m sofreram com chuvas intensas que provocaram enchentes e outros danos localizados. (Novo Jornal de Not\u00edcias \u2013 Montes Claros)<\/span><br \/><span><a href=\"https:\/\/novojornaldenoticias.com\/noticias\/seca-extrema-coloca-minas-gerais-em-alerta\/\">https:\/\/novojornaldenoticias.com\/noticias\/seca-extrema-coloca-minas-gerais-em-alerta\/<\/a><\/span><\/p>\n<p><strong><span>\u00d4nibus de gra\u00e7a em BH aos domingos<\/span><\/strong><br \/><span>A Prefeitura de Belo Horizonte anunciou neste domingo (7) que as viagens de \u00f4nibus na capital ser\u00e3o gratuitas aos domingos e feriados a partir da pr\u00f3xima semana. A medida integra o programa \u201cCatraca Livre\u201d, criado em comemora\u00e7\u00e3o aos 128 anos da cidade, celebrados em 12 de dezembro. A gratuidade vai valer para todas as linhas convencionais e suplementares do sistema municipal. Segundo a PBH, cerca de 190 mil pessoas utilizam \u00f4nibus aos domingos na capital. (Por Dentro de Minas)<\/span><br \/><span><a href=\"https:\/\/pordentrodeminas.com.br\/noticias\/gerais\/2025\/12\/onibus-de-graca-em-bh-aos-domingos-e-feriados-veja-como-vai-funcionar\/\">https:\/\/pordentrodeminas.com.br\/noticias\/gerais\/2025\/12\/onibus-de-graca-em-bh-aos-domingos-e-feriados-veja-como-vai-funcionar\/<\/a><\/span><\/p>\n<p><strong><span>Lei de Divin\u00f3polis protege inf\u00e2ncia<\/span><\/strong><br \/><span>A inf\u00e2ncia guarda em si o direito de ser vivida com descobertas, brincadeiras e cuidado. Pensando nisso, Divin\u00f3polis deu um passo decisivo para garantir que telas e redes sociais n\u00e3o substituam a inoc\u00eancia e a curiosidade natural dessa fase da vida. A Prefeitura sancionou na \u00faltima ter\u00e7a-feira a Lei n\u00ba 9.638, que cria diretrizes de prote\u00e7\u00e3o no ambiente digital e estabelece a\u00e7\u00f5es concretas para impedir que comportamentos, conte\u00fados e rotinas adultas invadam o universo infantil e acelerem etapas que deveriam ser vividas com calma e seguran\u00e7a. (Portal G37 \u2013 Divin\u00f3polis)<\/span><br \/><span><a href=\"https:\/\/g37.com.br\/divinopolis\/divinopolis-institui-lei-pioneira-para-proteger-criancas-e-adolescentes-nos-meios-digitais\/\">https:\/\/g37.com.br\/divinopolis\/divinopolis-institui-lei-pioneira-para-proteger-criancas-e-adolescentes-nos-meios-digitais\/<\/a><\/span><\/p>\n<p><span><\/span><\/p>\n<p>\u00a0<\/p>","protected":false},"excerpt":{"rendered":"<p>Foto: Divulga\u00e7\u00e3o\/Nova 381 COLUNA MGPrincipais destaques dos jornais e portais integrantes da rede Sindijori MG\u00a0www.sindijorimg.com.br \u00a0Duplica\u00e7\u00e3o da BR 381 tem estudosA diretoria da Ag\u00eancia Nacional de Transportes Terrestres autorizou a realiza\u00e7\u00e3o de estudos que poder\u00e3o viabilizar a duplica\u00e7\u00e3o de mais 70 quil\u00f4metros da BR-381, em Minas Gerais. A decis\u00e3o, tomada por unanimidade, representa um novo [&hellip;]<\/p>\n","protected":false},"author":0,"featured_media":32140,"comment_status":"open","ping_status":"open","sticky":false,"template":"","format":"standard","meta":{"rop_custom_images_group":[],"rop_custom_messages_group":[],"rop_publish_now":"initial","rop_publish_now_accounts":[],"rop_publish_now_history":[],"rop_publish_now_status":"pending","footnotes":""},"categories":[6745],"tags":[],"class_list":["post-32139","post","type-post","status-publish","format-standard","has-post-thumbnail","hentry","category-coluna-sindijori"],"_links":{"self":[{"href":"https:\/\/diariotribuna.com.br\/index.php?rest_route=\/wp\/v2\/posts\/32139"}],"collection":[{"href":"https:\/\/diariotribuna.com.br\/index.php?rest_route=\/wp\/v2\/posts"}],"about":[{"href":"https:\/\/diariotribuna.com.br\/index.php?rest_route=\/wp\/v2\/types\/post"}],"replies":[{"embeddable":true,"href":"https:\/\/diariotribuna.com.br\/index.php?rest_route=%2Fwp%2Fv2%2Fcomments&post=32139"}],"version-history":[{"count":0,"href":"https:\/\/diariotribuna.com.br\/index.php?rest_route=\/wp\/v2\/posts\/32139\/revisions"}],"wp:featuredmedia":[{"embeddable":true,"href":"https:\/\/diariotribuna.com.br\/index.php?rest_route=\/wp\/v2\/media\/32140"}],"wp:attachment":[{"href":"https:\/\/diariotribuna.com.br\/index.php?rest_route=%2Fwp%2Fv2%2Fmedia&parent=32139"}],"wp:term":[{"taxonomy":"category","embeddable":true,"href":"https:\/\/diariotribuna.com.br\/index.php?rest_route=%2Fwp%2Fv2%2Fcategories&post=32139"},{"taxonomy":"post_tag","embeddable":true,"href":"https:\/\/diariotribuna.com.br\/index.php?rest_route=%2Fwp%2Fv2%2Ftags&post=32139"}],"curies":[{"name":"wp","href":"https:\/\/api.w.org\/{rel}","templated":true}]}}