{"id":32145,"date":"2025-12-09T11:33:02","date_gmt":"2025-12-09T14:33:02","guid":{"rendered":"https:\/\/diariotribuna.com.br\/?p=32145"},"modified":"2025-12-09T11:33:02","modified_gmt":"2025-12-09T14:33:02","slug":"uberlandia-com-bebes-abaixo-do-peso","status":"publish","type":"post","link":"https:\/\/diariotribuna.com.br\/?p=32145","title":{"rendered":"Uberl\u00e2ndia com beb\u00eas abaixo do peso\u00a0"},"content":{"rendered":"<p><em><span>Foto: Freepik\/DU<\/span><\/em><\/p>\n<p><strong><span>COLUNA MG<\/span><\/strong><br \/><span>Principais destaques dos jornais e portais integrantes da rede Sindijori MG\u00a0<\/span><br \/><span><a href=\"http:\/\/www.sindijorimg.com.br\/\">www.sindijorimg.com.br<\/a><\/span><\/p>\n<p><strong><span>\u00a0<\/span><\/strong><\/p>\n<p><strong><span>Uberl\u00e2ndia com beb\u00eas abaixo do peso<\/span><\/strong><br \/><span>Uma pesquisa realizada por cientistas da Universidade Federal de Uberl\u00e2ndia identificou aumento nos casos de baixo peso ao nascer, entre os anos de 2018 e 2023. O levantamento registrou preval\u00eancia de 10,89% maior do que o \u00edndice encontrado no estudo anterior, entre 2012 e 2016, quando o valor era de 9,61%. O resultado coloca Uberl\u00e2ndia acima da m\u00e9dia nacional e acende um alerta para a sa\u00fade p\u00fablica da cidade. Segundo a equipe respons\u00e1vel pela pesquisa, existem diversos fatores que explicam o aumento desse \u00edndice. (Di\u00e1rio de Uberl\u00e2ndia)<\/span><br \/><span><a href=\"https:\/\/diariodeuberlandia.com.br\/noticia\/39424\/pesquisa-da-ufu-revela-alta-nos-casos-de-bebes-com-baixo-peso-em-uberlandia\">https:\/\/diariodeuberlandia.com.br\/noticia\/39424\/pesquisa-da-ufu-revela-alta-nos-casos-de-bebes-com-baixo-peso-em-uberlandia<\/a><\/span><\/p>\n<p><strong><span>MoC ter\u00e1 fundo de seguran\u00e7a<\/span><\/strong><br \/><span>A seguran\u00e7a p\u00fablica de Montes Claros ganhou um novo instrumento de fortalecimento institucional na quinta-feira, 4, com a aprova\u00e7\u00e3o, pela C\u00e2mara Municipal, do Projeto de Lei que cria o Fundo Municipal de Seguran\u00e7a P\u00fablica. A proposta, enviada pela Prefeitura, estabelece uma estrutura permanente de financiamento destinada a apoiar projetos, a\u00e7\u00f5es e programas voltados \u00e0 redu\u00e7\u00e3o da viol\u00eancia, \u00e0 moderniza\u00e7\u00e3o das for\u00e7as de seguran\u00e7a e ao aprimoramento de pol\u00edticas de preven\u00e7\u00e3o. A aprova\u00e7\u00e3o ocorreu por unanimidade, refletindo consenso entre os vereadores sobre a relev\u00e2ncia da medida. (Gazeta Norte \u2013 Mineira)<\/span><br \/><span><a href=\"https:\/\/gazetanm.com.br\/montes-claros-tera-fundo-municipal-para-seguranca-publica-iniciativa-amplia-capacidade-de-investimento-e-fortalece-politicas-de-prevencao-a-violencia\/\">https:\/\/gazetanm.com.br\/montes-claros-tera-fundo-municipal-para-seguranca-publica-iniciativa-amplia-capacidade-de-investimento-e-fortalece-politicas-de-prevencao-a-violencia\/<\/a><\/span><\/p>\n<p><strong><span>IF cria laborat\u00f3rio para popula\u00e7\u00e3o<\/span><\/strong><br \/><span>A Prefeitura de Ouro Preto oficializou o conv\u00eanio com o Instituto Federal de Minas Gerais\u00a0 \u2013 Campus Ouro Preto. O recurso de R$ 200 mil ser\u00e1 destinado \u00e0 moderniza\u00e7\u00e3o e estrutura\u00e7\u00e3o do laborat\u00f3rio de inform\u00e1tica, garantindo mais qualidade e ampliando o acesso aos servi\u00e7os oferecidos. O investimento, viabilizado pelo Programa Pr\u00f3-Comunidade da Secretaria Municipal de Governo e proveniente de emenda parlamentar, fortalece a\u00e7\u00f5es de ensino, pesquisa e extens\u00e3o que beneficiam estudantes e toda a comunidade ouro-pretana. (O Liberal \u2013 Ouro Preto)<\/span><br \/><span><a href=\"https:\/\/oliberalinconfidentes.com.br\/ouro-preto\/convenio-entre-prefeitura-de-ouro-preto-e-ifmg-garante-laboratorio-de-informatica-aberto-a-populacao\/\">https:\/\/oliberalinconfidentes.com.br\/ouro-preto\/convenio-entre-prefeitura-de-ouro-preto-e-ifmg-garante-laboratorio-de-informatica-aberto-a-populacao\/<\/a><\/span><\/p>\n<p><strong><span>Arax\u00e1 que renegociar com Copasa<\/span><\/strong><br \/><span>A Prefeitura de Arax\u00e1 recebeu da Copasa um of\u00edcio solicitando a prorroga\u00e7\u00e3o do contrato de presta\u00e7\u00e3o de servi\u00e7os com a cidade at\u00e9 o ano de 2073. O documento, enviado por e-mail, n\u00e3o apresenta contrapartidas, investimentos e\/ou propostas de melhorias para atender \u00e0 popula\u00e7\u00e3o araxaense, o que gerou cobran\u00e7a por parte do munic\u00edpio. A Administra\u00e7\u00e3o Municipal refor\u00e7ou que n\u00e3o aceitar\u00e1 a renova\u00e7\u00e3o sem negocia\u00e7\u00e3o e destaca a necessidade de avan\u00e7os reais na qualidade dos servi\u00e7os prestados. (Clarim.net \u2013 Arax\u00e1)<\/span><br \/><span><a href=\"https:\/\/clarim.net.br\/copasa-quer-estender-contratos-ate-2073-prefeitura-cobra-investimentos-e-melhorias-no-servico\/\">https:\/\/clarim.net.br\/copasa-quer-estender-contratos-ate-2073-prefeitura-cobra-investimentos-e-melhorias-no-servico\/<\/a><\/span><\/p>\n<p><strong><span>UFV cria rob\u00f4 quadr\u00fapede<\/span><\/strong><br \/><span>A Universidade Federal de Vi\u00e7osa (UFV) apresentou seu primeiro rob\u00f4 quadr\u00fapede totalmente projetado e constru\u00eddo nos laborat\u00f3rios do Departamento de Engenharia El\u00e9trica. O equipamento foi desenvolvido pelo estudante Bernardo Seabra e ganhou destaque ap\u00f3s ser apresentado no Workshop on Robotics in Education e ter seu trabalho publicado pelo Institute of Electrical and Electronics Engineers. O rob\u00f4 foi inteiramente concebido na UFV, sem a utiliza\u00e7\u00e3o de kits comerciais, o que demandou alto n\u00edvel de complexidade t\u00e9cnica. Segundo o estudante, o desenvolvimento envolveu desafios relacionados \u00e0 estabilidade, propriedades f\u00edsicas e testes em condi\u00e7\u00f5es reais. (Folha da Mata \u2013 Vi\u00e7osa)<\/span><\/p>\n<p><!-- [if gte mso 9]&gt;--><\/p>\n<p><!-- [if gte mso 9]&gt;--><\/p>\n<p>  Normal<br \/>\n  0<\/p>\n<p>  21<\/p>\n<p>  false<br \/>\n  false<br \/>\n  false<\/p>\n<p>  PT-BR<br \/>\n  X-NONE<br \/>\n  X-NONE<\/p>\n<p><!-- [if gte mso 9]&gt;--><\/p>\n<p><!-- [if gte mso 10]&gt;--><\/p>\n<p> \/* Style Definitions *\/<br \/>\n table.MsoNormalTable<br \/>\n\t{mso-style-name:&#8221;Tabela normal&#8221;;<br \/>\n\tmso-tstyle-rowband-size:0;<br \/>\n\tmso-tstyle-colband-size:0;<br \/>\n\tmso-style-noshow:yes;<br \/>\n\tmso-style-priority:99;<br \/>\n\tmso-style-parent:&#8221;&#8221;;<br \/>\n\tmso-padding-alt:0cm 5.4pt 0cm 5.4pt;<br \/>\n\tmso-para-margin-top:0cm;<br \/>\n\tmso-para-margin-right:0cm;<br \/>\n\tmso-para-margin-bottom:8.0pt;<br \/>\n\tmso-para-margin-left:0cm;<br \/>\n\tline-height:107%;<br \/>\n\tmso-pagination:widow-orphan;<br \/>\n\tfont-size:11.0pt;<br \/>\n\tfont-family:&#8221;Aptos&#8221;,sans-serif;<br \/>\n\tmso-ascii-font-family:Aptos;<br \/>\n\tmso-ascii-theme-font:minor-latin;<br \/>\n\tmso-hansi-font-family:Aptos;<br \/>\n\tmso-hansi-theme-font:minor-latin;<br \/>\n\tmso-font-kerning:1.0pt;<br \/>\n\tmso-ligatures:standardcontextual;<br \/>\n\tmso-fareast-language:EN-US;}<\/p>\n<p class=\"MsoNormal\"><span><a href=\"http:\/\/folhadamata.web15f105.uni5.net\/estudante-da-ufv-desenvolve-primeiro-robo-quadrupede-criado-da-universidade\">http:\/\/folhadamata.web15f105.uni5.net\/estudante-da-ufv-desenvolve-primeiro-robo-quadrupede-criado-da-universidade<\/a><\/span><\/p>\n\n<p><strong><span>Mercado de el\u00e9tricos cresce em MG<\/span><\/strong><br \/><span>O mercado de ve\u00edculos el\u00e9tricos e h\u00edbridos acumula 12,2 mil emplacamentos em Minas Gerais entre janeiro e novembro. O n\u00famero no Estado \u00e9 41% superior ao mesmo per\u00edodo do ano passado, quando atingiu 8,6 mil comercializa\u00e7\u00f5es. Com resultados expressivos, o setor projeta dobrar a participa\u00e7\u00e3o no mercado de ve\u00edculos em 2026, saltando de 11% para aproximadamente 22%. Os dados s\u00e3o da Associa\u00e7\u00e3o Brasileira do Ve\u00edculo El\u00e9trico. Dentre as capitais, no \u00faltimo m\u00eas, a categoria recebeu uma nova l\u00edder de mercado. Com 2,4 mil comercializa\u00e7\u00f5es, Bras\u00edlia ultrapassou S\u00e3o Paulo (2,3 mil), configurando-se como um dos principais mercados nacionais. A terceira coloca\u00e7\u00e3o permanece com Belo Horizonte, que registrou 908 emplacamentos no per\u00edodo, acumulando 7,2 mil vendas em 2025. (Di\u00e1rio do Com\u00e9rcio)<\/span><br \/><span><a href=\"https:\/\/diariodocomercio.com.br\/economia\/veiculos-eletricos-hibridos-venda-2025\/\">https:\/\/diariodocomercio.com.br\/economia\/veiculos-eletricos-hibridos-venda-2025\/<\/a><\/span><\/p>\n<p><span><\/span><\/p>\n<p>\u00a0<\/p>","protected":false},"excerpt":{"rendered":"<p>Foto: Freepik\/DU COLUNA MGPrincipais destaques dos jornais e portais integrantes da rede Sindijori MG\u00a0www.sindijorimg.com.br \u00a0 Uberl\u00e2ndia com beb\u00eas abaixo do pesoUma pesquisa realizada por cientistas da Universidade Federal de Uberl\u00e2ndia identificou aumento nos casos de baixo peso ao nascer, entre os anos de 2018 e 2023. O levantamento registrou preval\u00eancia de 10,89% maior do que [&hellip;]<\/p>\n","protected":false},"author":0,"featured_media":32146,"comment_status":"open","ping_status":"open","sticky":false,"template":"","format":"standard","meta":{"rop_custom_images_group":[],"rop_custom_messages_group":[],"rop_publish_now":"initial","rop_publish_now_accounts":[],"rop_publish_now_history":[],"rop_publish_now_status":"pending","footnotes":""},"categories":[6745],"tags":[],"class_list":["post-32145","post","type-post","status-publish","format-standard","has-post-thumbnail","hentry","category-coluna-sindijori"],"_links":{"self":[{"href":"https:\/\/diariotribuna.com.br\/index.php?rest_route=\/wp\/v2\/posts\/32145"}],"collection":[{"href":"https:\/\/diariotribuna.com.br\/index.php?rest_route=\/wp\/v2\/posts"}],"about":[{"href":"https:\/\/diariotribuna.com.br\/index.php?rest_route=\/wp\/v2\/types\/post"}],"replies":[{"embeddable":true,"href":"https:\/\/diariotribuna.com.br\/index.php?rest_route=%2Fwp%2Fv2%2Fcomments&post=32145"}],"version-history":[{"count":0,"href":"https:\/\/diariotribuna.com.br\/index.php?rest_route=\/wp\/v2\/posts\/32145\/revisions"}],"wp:featuredmedia":[{"embeddable":true,"href":"https:\/\/diariotribuna.com.br\/index.php?rest_route=\/wp\/v2\/media\/32146"}],"wp:attachment":[{"href":"https:\/\/diariotribuna.com.br\/index.php?rest_route=%2Fwp%2Fv2%2Fmedia&parent=32145"}],"wp:term":[{"taxonomy":"category","embeddable":true,"href":"https:\/\/diariotribuna.com.br\/index.php?rest_route=%2Fwp%2Fv2%2Fcategories&post=32145"},{"taxonomy":"post_tag","embeddable":true,"href":"https:\/\/diariotribuna.com.br\/index.php?rest_route=%2Fwp%2Fv2%2Ftags&post=32145"}],"curies":[{"name":"wp","href":"https:\/\/api.w.org\/{rel}","templated":true}]}}