{"id":32147,"date":"2025-12-09T14:15:28","date_gmt":"2025-12-09T17:15:28","guid":{"rendered":"https:\/\/diariotribuna.com.br\/?p=32147"},"modified":"2025-12-09T14:15:28","modified_gmt":"2025-12-09T17:15:28","slug":"agro-brasileiro-no-centro-das-discussoes-globais","status":"publish","type":"post","link":"https:\/\/diariotribuna.com.br\/?p=32147","title":{"rendered":"Agro brasileiro no centro das discuss\u00f5es globais\u00a0"},"content":{"rendered":"<p class=\"MsoNormal\"><span>FAEMG SENAR | Divulga\u00e7\u00e3o<\/span><\/p>\n<p><span><\/span><span><\/span><span><\/span><span><\/span><span><\/span><span><\/span><span><\/span><span><\/span><span><\/span><span><\/span><span><\/span><span><\/span><\/p>\n<p><em>Por Ant\u00f4nio Pitangui de Salvo, produtor rural, engenheiro agr\u00f4nomo e presidente do Sistema Faemg Senar<\/em><\/p>\n<p>O Brasil ocupa uma posi\u00e7\u00e3o singular no cen\u00e1rio mundial: somos, simultaneamente, refer\u00eancia em produ\u00e7\u00e3o de alimentos e exemplo de preserva\u00e7\u00e3o ambiental. Enquanto muitos pa\u00edses ainda buscam conciliar seguran\u00e7a alimentar e sustentabilidade, o produtor rural brasileiro demonstra, na pr\u00e1tica, que essa equa\u00e7\u00e3o \u00e9 poss\u00edvel e eficiente. Ainda assim, por muitos anos enfrentamos cr\u00edticas baseadas em narrativas distorcidas sobre a realidade do nosso agro.<\/p>\n<p>Participar da 30\u00aa Confer\u00eancia das Na\u00e7\u00f5es Unidas sobre Mudan\u00e7a do Clima (COP 30), realizada em Bel\u00e9m, foi uma oportunidade hist\u00f3rica para reposicionar o debate e mostrar ao mundo, com dados concretos, que o Brasil \u00e9 parte essencial da solu\u00e7\u00e3o clim\u00e1tica global.<\/p>\n<p>Nosso pa\u00eds possui o C\u00f3digo Florestal mais robusto do planeta. De acordo com a Embrapa Territorial, <strong>29% do territ\u00f3rio brasileiro dentro das propriedades rurais \u00e9 destinado exclusivamente \u00e0 preserva\u00e7\u00e3o ambiental<\/strong>. Atualmente, <strong>65,6% da \u00e1rea nacional permanece coberta por vegeta\u00e7\u00e3o nativa<\/strong>, sendo <strong>44% sob responsabilidade direta dos im\u00f3veis rurais<\/strong>. As atividades agropecu\u00e1rias ocupam apenas <strong>31,3% do territ\u00f3rio<\/strong>. Ou seja: produzimos alimentos para o mundo mantendo a maior parte do Brasil preservada.<\/p>\n<p>Era hora de mostrar essa verdade de forma contundente \u2014 e fizemos isso na COP 30. A CNA, em parceria com o Sebrae e a Embrapa Amaz\u00f4nia Oriental, inaugurou a AgriZone, com o Pavilh\u00e3o AgroBrasil. Pela primeira vez, a agropecu\u00e1ria brasileira teve uma vitrine pr\u00f3pria para demonstrar sua sustentabilidade, tecnologia e compromisso ambiental.<\/p>\n<p>Levamos ao centro das discuss\u00f5es internacionais aquilo que o produtor rural pratica diariamente: <strong>responsabilidade na produ\u00e7\u00e3o, redu\u00e7\u00e3o de emiss\u00f5es, inova\u00e7\u00e3o, preserva\u00e7\u00e3o e gera\u00e7\u00e3o de renda e alimento de qualidade para bilh\u00f5es de pessoas<\/strong>. Apresentamos resultados da pecu\u00e1ria de baixa emiss\u00e3o, do etanol de milho, da biodigest\u00e3o, da bioenergia do setor sucroenerg\u00e9tico e diversas solu\u00e7\u00f5es que colocam o Brasil na lideran\u00e7a das pr\u00e1ticas ESG no mundo.<\/p>\n<p>O reflexo foi imediato: <strong>pela primeira vez em uma COP, o agro brasileiro deixou de ser tratado como parte do problema clim\u00e1tico global<\/strong>. Um resultado que revela maturidade, organiza\u00e7\u00e3o e uni\u00e3o \u2014 um legado que precisa permanecer dentro e fora das confer\u00eancias internacionais.<\/p>\n<p>Essa mesma uni\u00e3o \u00e9 fundamental diante de um desafio urgente: a grave crise que atinge a pecu\u00e1ria leiteira. Queda acentuada nos pre\u00e7os pagos ao produtor e aumento das importa\u00e7\u00f5es de leite em p\u00f3 colocam em risco uma cadeia estrat\u00e9gica para a economia, para a seguran\u00e7a alimentar e para milh\u00f5es de fam\u00edlias. Precisamos agir de forma conjunta \u2014 produtores, cooperativas, ind\u00fastrias e entidades \u2014 na defesa do futuro do leite no Brasil.<\/p>\n\n<p>O Sistema Faemg Senar permanece firme ao lado do produtor rural em todas as regi\u00f5es e cadeias produtivas. Nosso compromisso \u00e9 representar, qualificar e apoiar quem sustenta este pa\u00eds. Continuaremos mostrando, com dados, resultados e orgulho, aquilo que verdadeiramente somos: <strong>um Brasil que produz, preserva e alimenta.<\/strong><\/p>\n<p>\u00a0<\/p>","protected":false},"excerpt":{"rendered":"<p>FAEMG SENAR | Divulga\u00e7\u00e3o Por Ant\u00f4nio Pitangui de Salvo, produtor rural, engenheiro agr\u00f4nomo e presidente do Sistema Faemg Senar O Brasil ocupa uma posi\u00e7\u00e3o singular no cen\u00e1rio mundial: somos, simultaneamente, refer\u00eancia em produ\u00e7\u00e3o de alimentos e exemplo de preserva\u00e7\u00e3o ambiental. Enquanto muitos pa\u00edses ainda buscam conciliar seguran\u00e7a alimentar e sustentabilidade, o produtor rural brasileiro demonstra, [&hellip;]<\/p>\n","protected":false},"author":0,"featured_media":32148,"comment_status":"open","ping_status":"open","sticky":false,"template":"","format":"standard","meta":{"rop_custom_images_group":[],"rop_custom_messages_group":[],"rop_publish_now":"initial","rop_publish_now_accounts":[],"rop_publish_now_history":[],"rop_publish_now_status":"pending","footnotes":""},"categories":[6745],"tags":[],"class_list":["post-32147","post","type-post","status-publish","format-standard","has-post-thumbnail","hentry","category-coluna-sindijori"],"_links":{"self":[{"href":"https:\/\/diariotribuna.com.br\/index.php?rest_route=\/wp\/v2\/posts\/32147"}],"collection":[{"href":"https:\/\/diariotribuna.com.br\/index.php?rest_route=\/wp\/v2\/posts"}],"about":[{"href":"https:\/\/diariotribuna.com.br\/index.php?rest_route=\/wp\/v2\/types\/post"}],"replies":[{"embeddable":true,"href":"https:\/\/diariotribuna.com.br\/index.php?rest_route=%2Fwp%2Fv2%2Fcomments&post=32147"}],"version-history":[{"count":0,"href":"https:\/\/diariotribuna.com.br\/index.php?rest_route=\/wp\/v2\/posts\/32147\/revisions"}],"wp:featuredmedia":[{"embeddable":true,"href":"https:\/\/diariotribuna.com.br\/index.php?rest_route=\/wp\/v2\/media\/32148"}],"wp:attachment":[{"href":"https:\/\/diariotribuna.com.br\/index.php?rest_route=%2Fwp%2Fv2%2Fmedia&parent=32147"}],"wp:term":[{"taxonomy":"category","embeddable":true,"href":"https:\/\/diariotribuna.com.br\/index.php?rest_route=%2Fwp%2Fv2%2Fcategories&post=32147"},{"taxonomy":"post_tag","embeddable":true,"href":"https:\/\/diariotribuna.com.br\/index.php?rest_route=%2Fwp%2Fv2%2Ftags&post=32147"}],"curies":[{"name":"wp","href":"https:\/\/api.w.org\/{rel}","templated":true}]}}