{"id":32155,"date":"2025-12-10T15:10:36","date_gmt":"2025-12-10T18:10:36","guid":{"rendered":"https:\/\/diariotribuna.com.br\/?p=32155"},"modified":"2025-12-10T15:10:36","modified_gmt":"2025-12-10T18:10:36","slug":"programa-leva-acoes-de-saude-direto-a-propriedade","status":"publish","type":"post","link":"https:\/\/diariotribuna.com.br\/?p=32155","title":{"rendered":"Programa leva a\u00e7\u00f5es de sa\u00fade direto \u00e0 propriedade\u00a0"},"content":{"rendered":"<p><em>Mais qualidade de vida para quem vive no campo (CNA\/Divulga\u00e7\u00e3o)<\/em><\/p>\n<p class=\"MsoNormal\"><span>FAEMG SENAR | Divulga\u00e7\u00e3o<\/span><\/p>\n<p><span><\/span><span><\/span><span><\/span><span><\/span><span><\/span><span><\/span><span><\/span><span><\/span><span><\/span><span><\/span><span><\/span><span><\/span><\/p>\n<p>Em uma iniciativa in\u00e9dita em Minas Gerais, o Sistema Faemg Senar est\u00e1 levando a\u00e7\u00f5es de preven\u00e7\u00e3o em sa\u00fade diretamente para as propriedades rurais, de forma individualizada e personalizada. Este \u00e9 o diferencial do Programa Sa\u00fade no Campo, voltado para produtores atendidos pelo Programa de Assist\u00eancia T\u00e9cnica e Gerencial (ATeG). O programa-piloto come\u00e7ou em outubro no Vale do Jequitinhonha e Mucuri e deve chegar \u00e0s regi\u00f5es de Juiz de Fora e Sete Lagoas em mar\u00e7o de 2026.<\/p>\n<p>Semelhante ao Programa ATeG, o programa conta com um supervisor de Sa\u00fade Rural (enfermeiro) e 15 t\u00e9cnicos de Sa\u00fade Rural (enfermeiros ou t\u00e9cnicos de enfermagem). Cada t\u00e9cnico atende 30 propriedades, com visitas mensais para avaliar condi\u00e7\u00f5es de sa\u00fade, planejar medidas preventivas e incentivar o cuidado individual e coletivo. At\u00e9 o momento, cerca de 360 fam\u00edlias est\u00e3o sendo atendidas em Minas Gerais.<\/p>\n<p><em>\u201c\u00c9 um programa que complementa o atendimento aos produtores rurais, promovendo a preven\u00e7\u00e3o em sa\u00fade para que possam melhorar a qualidade de vida e produzir mais e melhor. Com dura\u00e7\u00e3o de dois anos, o programa atende n\u00e3o s\u00f3 a fam\u00edlia que vive na propriedade, como tamb\u00e9m seus colaboradores\u201d,<\/em> destacou o gerente de Forma\u00e7\u00e3o Profissional Rural e Promo\u00e7\u00e3o Social do Sistema Faemg Senar, Wander Magalh\u00e3es.<\/p>\n<p>Al\u00e9m disso, o programa contribui para reconhecer demandas espec\u00edficas de cada comunidade, desenvolver a\u00e7\u00f5es direcionadas e ampliar o acesso a servi\u00e7os especializados por meio da coopera\u00e7\u00e3o com Sindicatos Rurais, prefeituras e institui\u00e7\u00f5es de sa\u00fade parceiras. As a\u00e7\u00f5es tamb\u00e9m incluem acompanhamento por meio da telessa\u00fade e a entrega de kits personalizados de higiene pessoal (adaptados por faixa et\u00e1ria) e de primeiros socorros.<\/p>\n<p>Em 2026, a previs\u00e3o \u00e9 alcan\u00e7ar 15 mil produtores rurais, em todo o estado, com a atua\u00e7\u00e3o de 160 t\u00e9cnicos de Sa\u00fade Rural.<\/p>\n\n<p><em>\u201cO objetivo \u00e9 conscientizar o produtor a cuidar da pr\u00f3pria sa\u00fade com o mesmo zelo e dedica\u00e7\u00e3o com que cuida de sua lavoura. Por isso, o programa leva os servi\u00e7os de sa\u00fade at\u00e9 o campo, superando barreiras de dist\u00e2ncia e rotina\u201d,<\/em> explica a analista de Promo\u00e7\u00e3o Social, Mar\u00edlia Costa.<\/p>\n\n<p class=\"MsoNormal\"><span>T\u00e9cnicos de campo levam atendimento direto ao produtor (CNA\/Divulga\u00e7\u00e3o)<\/span><\/p>\n<p><\/p>\n<p>\u00a0<\/p>","protected":false},"excerpt":{"rendered":"<p>Mais qualidade de vida para quem vive no campo (CNA\/Divulga\u00e7\u00e3o) FAEMG SENAR | Divulga\u00e7\u00e3o Em uma iniciativa in\u00e9dita em Minas Gerais, o Sistema Faemg Senar est\u00e1 levando a\u00e7\u00f5es de preven\u00e7\u00e3o em sa\u00fade diretamente para as propriedades rurais, de forma individualizada e personalizada. Este \u00e9 o diferencial do Programa Sa\u00fade no Campo, voltado para produtores atendidos [&hellip;]<\/p>\n","protected":false},"author":0,"featured_media":32156,"comment_status":"open","ping_status":"open","sticky":false,"template":"","format":"standard","meta":{"rop_custom_images_group":[],"rop_custom_messages_group":[],"rop_publish_now":"initial","rop_publish_now_accounts":[],"rop_publish_now_history":[],"rop_publish_now_status":"pending","footnotes":""},"categories":[6745],"tags":[],"class_list":["post-32155","post","type-post","status-publish","format-standard","has-post-thumbnail","hentry","category-coluna-sindijori"],"_links":{"self":[{"href":"https:\/\/diariotribuna.com.br\/index.php?rest_route=\/wp\/v2\/posts\/32155"}],"collection":[{"href":"https:\/\/diariotribuna.com.br\/index.php?rest_route=\/wp\/v2\/posts"}],"about":[{"href":"https:\/\/diariotribuna.com.br\/index.php?rest_route=\/wp\/v2\/types\/post"}],"replies":[{"embeddable":true,"href":"https:\/\/diariotribuna.com.br\/index.php?rest_route=%2Fwp%2Fv2%2Fcomments&post=32155"}],"version-history":[{"count":0,"href":"https:\/\/diariotribuna.com.br\/index.php?rest_route=\/wp\/v2\/posts\/32155\/revisions"}],"wp:featuredmedia":[{"embeddable":true,"href":"https:\/\/diariotribuna.com.br\/index.php?rest_route=\/wp\/v2\/media\/32156"}],"wp:attachment":[{"href":"https:\/\/diariotribuna.com.br\/index.php?rest_route=%2Fwp%2Fv2%2Fmedia&parent=32155"}],"wp:term":[{"taxonomy":"category","embeddable":true,"href":"https:\/\/diariotribuna.com.br\/index.php?rest_route=%2Fwp%2Fv2%2Fcategories&post=32155"},{"taxonomy":"post_tag","embeddable":true,"href":"https:\/\/diariotribuna.com.br\/index.php?rest_route=%2Fwp%2Fv2%2Ftags&post=32155"}],"curies":[{"name":"wp","href":"https:\/\/api.w.org\/{rel}","templated":true}]}}