{"id":32157,"date":"2025-12-11T11:36:17","date_gmt":"2025-12-11T14:36:17","guid":{"rendered":"https:\/\/diariotribuna.com.br\/?p=32157"},"modified":"2025-12-11T11:36:17","modified_gmt":"2025-12-11T14:36:17","slug":"eletroeletronica-movimenta-r-27-bi-em-minas","status":"publish","type":"post","link":"https:\/\/diariotribuna.com.br\/?p=32157","title":{"rendered":"Eletroeletr\u00f4nica movimenta R$ 27 bi em Minas\u00a0"},"content":{"rendered":"<p><span>(Foto: Reprodu\u00e7\u00e3o DC\/Adobe Stock)<\/span><br \/><span><\/span><\/p>\n<p><span><\/span><\/p>\n<p><strong><span>COLUNA MG<\/span><\/strong><br \/><span>Principais destaques dos jornais e portais integrantes da rede Sindijori MG\u00a0<\/span><br \/><span><a href=\"http:\/\/www.sindijorimg.com.br\/\">www.sindijorimg.com.br<\/a><\/span><\/p>\n<p><strong><span>\u00a0<\/span><\/strong><\/p>\n<p><strong><span>Eletroeletr\u00f4nica movimenta R$ 27 bi em Minas<\/span><\/strong><br \/><span>Com forte tradi\u00e7\u00e3o produtiva, a ind\u00fastria eletroeletr\u00f4nica finaliza 2025 com faturamento de aproximadamente R$ 27 bilh\u00f5es em Minas Gerais. O resultado consolidada o Estado como o terceiro maior player do Pa\u00eds, abrigando importantes marcas, especialmente na produ\u00e7\u00e3o de equipamentos el\u00e9tricos. Os dados foram apresentados na quarta-feira (10), durante encontro com lideran\u00e7as empresariais em Belo Horizonte. O desempenho, avaliado como acima das expectativas, reflete a conquista de novos mercados e a robustez da linha de equipamentos. (Di\u00e1rio do Com\u00e9rcio \u2013 Belo Horizonte)<\/span><br \/><span><a href=\"https:\/\/diariodocomercio.com.br\/economia\/industria-eletroeletronica-faturamento-minas-gerais\/\">https:\/\/diariodocomercio.com.br\/economia\/industria-eletroeletronica-faturamento-minas-gerais\/<\/a><\/span><\/p>\n<p><strong><span>Escolas de Ipatinga sem rateio do Fundeb<\/span><\/strong><br \/><span>O prefeito de Ipatinga, Gustavo Nunes, justificou que o munic\u00edpio n\u00e3o far\u00e1 o rateio do Fundeb porque os recursos foram utilizados em gastos com a merenda escolar. Entretanto, a maioria das escolas da rede municipal est\u00e1 tendo problemas com a falta de merenda, sua redu\u00e7\u00e3o, merenda insuficiente ou retirada de itens importantes e essenciais do card\u00e1pio. O problema tamb\u00e9m atinge as CMEIS e EMEI. A informa\u00e7\u00e3o \u00e9 da Subdsede do Sindicato \u00danico dos Trabalhadores em Educa\u00e7\u00e3o de Minas Gerais (Sind-UTE\/MG). (Jornal dos Vales)<\/span><br \/><span>\u00a0<a href=\"https:\/\/www.jornaldosvales.com.br\/noticia\/59919\/escolas-de-ipatinga-nao-tem-rateio-do-fundeb-nem-merenda-escolar\">https:\/\/www.jornaldosvales.com.br\/noticia\/59919\/escolas-de-ipatinga-nao-tem-rateio-do-fundeb-nem-merenda-escolar<\/a><\/span><\/p>\n<p><span>\u00a0<\/span><\/p>\n<p><strong><span>Entidades do Sul contra jornada 5&#215;2<\/span><\/strong><br \/><span>Na quarta-feira (10), entidades empresariais do Sul de Minas manifestaram-se formalmente contra a PEC 8\/2025, que prop\u00f5e a jornada 5&#215;2 e a semana de 36 horas. Em of\u00edcio enviado a deputados, sindicatos e associa\u00e7\u00f5es argumentaram que a mudan\u00e7a, embora bem-intencionada, traria graves impactos econ\u00f4micos. No mesmo dia, a proposta foi aprovada pela CCJ do Senado e seguiu para vota\u00e7\u00e3o em plen\u00e1rio, em um processo que ainda precisar\u00e1 retornar \u00e0 C\u00e2mara. As entidades alertam que setores com opera\u00e7\u00e3o cont\u00ednua, como hotelaria, restaurantes, farm\u00e1cias e com\u00e9rcio, seriam os mais prejudicados. (O Debate \u2013 Varginha)<\/span><br \/><span><a href=\"https:\/\/www.odebatenoticias.com.br\/post\/entidades-empresariais-do-sul-de-minas-declaram-guerra-%C3%A0-pec-da-jornada-5x2\">https:\/\/www.odebatenoticias.com.br\/post\/entidades-empresariais-do-sul-de-minas-declaram-guerra-%C3%A0-pec-da-jornada-5&#215;2<\/a><\/span><\/p>\n<p><strong><span>Pouso Alegre com 1.393 vagas abertas<\/span><\/strong><br \/><span>O maior banco de empregos de Pouso Alegre segue com centenas de vagas abertas. Ao todo, s\u00e3o 1.393 postos para contrata\u00e7\u00e3o imediata. As oportunidades s\u00e3o para diversos setores e n\u00edveis de ensino em 107 empresas de pequeno, m\u00e9dio e grande porte, incluindo multinacionais que atuam na cidade, com destaque para os setores de ind\u00fastria e log\u00edstica, que seguem concentrando a maior parte das oportunidades. A maior parte das vagas \u00e9 para ampla concorr\u00eancia, mas tamb\u00e9m h\u00e1 vagas espec\u00edficas para pessoas com defici\u00eancia, com mais de 50 anos, al\u00e9m de vagas de est\u00e1gio e para jovens aprendizes. (Di\u00e1rio Regional \u2013 Pouso Alegre)<\/span><br \/><span><a href=\"https:\/\/jornaldiarioregional.com.br\/\">https:\/\/jornaldiarioregional.com.br\/<\/a><\/span><\/p>\n<p><strong><span>Canil recebe homenagem em Para\u00edso<\/span><\/strong><br \/><span>A C\u00e2mara Municipal de S\u00e3o Sebasti\u00e3o do Para\u00edso realizou, nesta semana, uma homenagem especial ao Canil da Guarda Civil Municipal, em reconhecimento ao brilhante desempenho da equipe no Campeonato Nacional de C\u00e3es de Pol\u00edcia, onde conquistou o segundo lugar. A iniciativa partiu do vereador Roney Vila\u00e7a, que apresentou Mo\u00e7\u00e3o de Congratula\u00e7\u00f5es aos integrantes do setor. Foram convidados para receber a honraria os agentes Amadeu Proc\u00f3pio de Melo Filho, Jobert Marques Vicente e Leonardo C\u00e1ceres Gaspari, que integram a equipe respons\u00e1vel pelo treinamento e condu\u00e7\u00e3o dos c\u00e3es de trabalho da corpora\u00e7\u00e3o. (Jornal do Sudoeste \u2013 SS Para\u00edso)<\/span><br \/><span><a href=\"https:\/\/jornaldosudoeste.com.br\/noticia_detalhe.php?id=220475\">https:\/\/jornaldosudoeste.com.br\/noticia_detalhe.php?id=220475<\/a><\/span><\/p>\n<p><strong><span>Fazenda promove curso de transforma\u00e7\u00e3o<\/span><\/strong><br \/><span>O Instituto Fazenda Cachoeira (bra\u00e7o social e de pesquisas da hist\u00f3rica fazenda em Santo Ant\u00f4nio do Amparo, Campo das Vertentes, Minas Gerais) criou o projeto Resid\u00eancia Regenerativa, focado em trabalhar diversos aspectos ambientais, de produ\u00e7\u00e3o, econ\u00f4micos e sociais da produ\u00e7\u00e3o de caf\u00e9 dividido em quatro partes. O m\u00f3dulo III ocorre de 12 a 14 de dezembro. O programa, que se divide em quatro momentos anuais, tem o objetivo de qualificar jovens produtores de caf\u00e9 por meio de um treinamento pr\u00e1tico, orientado e supervisionado por pesquisadores e produtores experientes. (Jornal MG Turismo)<\/span><br \/><span><a href=\"https:\/\/mgturismo.com.br\/fazenda-mineira-promove-curso-de-transformacao-no-mundo-do-cafe-com-foco-no-solo-na-agua-e-na-degustacao\/\">https:\/\/mgturismo.com.br\/fazenda-mineira-promove-curso-de-transformacao-no-mundo-do-cafe-com-foco-no-solo-na-agua-e-na-degustacao\/<\/a><\/span><\/p>\n<p><strong><span>Trem de Natal \u00e9 tradi\u00e7\u00e3o em Santos Dumont<\/span><\/strong><br \/><span>J\u00e1 virou tradi\u00e7\u00e3o: a noite desta quinta-feira (11), o Trem de Natal da MRS ir\u00e1 passar por Santos Dumont. A passagem da locomotiva iluminada vem atraindo um grande p\u00fablico ao longo dos anos. Costumeiramente, a Pra\u00e7a da Esta\u00e7\u00e3o Ferrovi\u00e1ria, no Centro da cidade, \u00e9 o local que mais concentra fam\u00edlias \u00e0 espera do Trem de Natal. No entanto, o p\u00fablico marca presen\u00e7a em diversas partes do munic\u00edpio ao longo das margens da ferrovia, e as redes sociais se enchem de registros de v\u00eddeos e fotos do momento. (Portal 14B \u2013 Santos Dumont)<\/span><br \/><span><a href=\"https:\/\/portal14b.com.br\/Publicacao.aspx?id=636030\">https:\/\/portal14b.com.br\/Publicacao.aspx?id=636030<\/a><\/span><\/p>\n<p><span><\/span><\/p>\n<p>\u00a0<\/p>","protected":false},"excerpt":{"rendered":"<p>(Foto: Reprodu\u00e7\u00e3o DC\/Adobe Stock) COLUNA MGPrincipais destaques dos jornais e portais integrantes da rede Sindijori MG\u00a0www.sindijorimg.com.br \u00a0 Eletroeletr\u00f4nica movimenta R$ 27 bi em MinasCom forte tradi\u00e7\u00e3o produtiva, a ind\u00fastria eletroeletr\u00f4nica finaliza 2025 com faturamento de aproximadamente R$ 27 bilh\u00f5es em Minas Gerais. O resultado consolidada o Estado como o terceiro maior player do Pa\u00eds, abrigando [&hellip;]<\/p>\n","protected":false},"author":0,"featured_media":32158,"comment_status":"open","ping_status":"open","sticky":false,"template":"","format":"standard","meta":{"rop_custom_images_group":[],"rop_custom_messages_group":[],"rop_publish_now":"initial","rop_publish_now_accounts":[],"rop_publish_now_history":[],"rop_publish_now_status":"pending","footnotes":""},"categories":[6745],"tags":[],"class_list":["post-32157","post","type-post","status-publish","format-standard","has-post-thumbnail","hentry","category-coluna-sindijori"],"_links":{"self":[{"href":"https:\/\/diariotribuna.com.br\/index.php?rest_route=\/wp\/v2\/posts\/32157"}],"collection":[{"href":"https:\/\/diariotribuna.com.br\/index.php?rest_route=\/wp\/v2\/posts"}],"about":[{"href":"https:\/\/diariotribuna.com.br\/index.php?rest_route=\/wp\/v2\/types\/post"}],"replies":[{"embeddable":true,"href":"https:\/\/diariotribuna.com.br\/index.php?rest_route=%2Fwp%2Fv2%2Fcomments&post=32157"}],"version-history":[{"count":0,"href":"https:\/\/diariotribuna.com.br\/index.php?rest_route=\/wp\/v2\/posts\/32157\/revisions"}],"wp:featuredmedia":[{"embeddable":true,"href":"https:\/\/diariotribuna.com.br\/index.php?rest_route=\/wp\/v2\/media\/32158"}],"wp:attachment":[{"href":"https:\/\/diariotribuna.com.br\/index.php?rest_route=%2Fwp%2Fv2%2Fmedia&parent=32157"}],"wp:term":[{"taxonomy":"category","embeddable":true,"href":"https:\/\/diariotribuna.com.br\/index.php?rest_route=%2Fwp%2Fv2%2Fcategories&post=32157"},{"taxonomy":"post_tag","embeddable":true,"href":"https:\/\/diariotribuna.com.br\/index.php?rest_route=%2Fwp%2Fv2%2Ftags&post=32157"}],"curies":[{"name":"wp","href":"https:\/\/api.w.org\/{rel}","templated":true}]}}