{"id":32159,"date":"2025-12-11T16:50:26","date_gmt":"2025-12-11T19:50:26","guid":{"rendered":"https:\/\/diariotribuna.com.br\/?p=32159"},"modified":"2025-12-11T16:50:26","modified_gmt":"2025-12-11T19:50:26","slug":"antonio-de-salvo-assume-como-2o-vicepresidente-da-cna","status":"publish","type":"post","link":"https:\/\/diariotribuna.com.br\/?p=32159","title":{"rendered":"Ant\u00f4nio de Salvo assume como 2\u00ba vice&amp;presidente da CNA\u00a0"},"content":{"rendered":"<p class=\"MsoNormal\"><span>Jo\u00e3o Martins foi reeleito para mais um mandato \u00e0 frente da CNA<\/span><\/p>\n<p><\/p>\n<p class=\"MsoNormal\"><span><\/span><\/p>\n<p class=\"MsoNormal\"><span>FAEMG SENAR | Divulga\u00e7\u00e3o<\/span><\/p>\n<p><span><\/span><span><\/span><span><\/span><span><\/span><span><\/span><span><\/span><span><\/span><span><\/span><span><\/span><span><\/span><span><\/span><span><\/span><\/p>\n<p>O presidente do Sistema Faemg Senar, Ant\u00f4nio Pitangui de Salvo, tomou posse como 2\u00ba vice-presidente da Confedera\u00e7\u00e3o da Agricultura e Pecu\u00e1ria do Brasil (CNA) nesta ter\u00e7a-feira (9\/12) em Bras\u00edlia. De Salvo integra a nova diretoria executiva da CNA, liderada pelo presidente Jo\u00e3o Martins, reeleito por unanimidade para mais um mandato \u00e0 frente da entidade.<\/p>\n<p>\u2502 <em>&#8220;Um setor que impulsiona a economia precisa se manter unido para que, cada vez mais, a gente possa trazer riquezas para o Brasil e uma vida melhor para nossos produtores rurais. Vamos continuar trabalhando com firmeza para que o agro seja cada vez mais ouvido, respeitado e para que as demandas dos produtores mineiros estejam no centro das discuss\u00f5es nacionais\u201d.<\/em><\/p>\n<p>Em novembro deste ano, De Salvo tamb\u00e9m reassumiu a presid\u00eancia do Sistema Faemg Senar para o seu segundo mandato.<\/p>\n<p><strong>Posse na CNA<\/strong><\/p>\n<p>A cerim\u00f4nia reuniu representantes de entidades do agro, do setor privado, deputados, senadores, embaixadores, autoridades, familiares, produtores rurais, presidentes de Federa\u00e7\u00f5es estaduais de agricultura e pecu\u00e1ria, diretores e integrantes do Sistema CNA\/Senar.<\/p>\n<p>\u2502 <em>&#8220;Temos orgulho de anunciar que atingimos a nossa meta. Alcan\u00e7amos 400 mil pequenos produtores, em todos os pontos do pa\u00eds, priorizando as regi\u00f5es menos favorecidas. Levamos a essa nova classe um conjunto de conhecimentos e assist\u00eancia, que lhes permite alcan\u00e7ar o m\u00e1ximo de sua capacidade&#8221;.<\/em><\/p>\n<p><strong>Diretoria Executiva e Conselho Fiscal da CNA (2025-2029)<\/strong><\/p>\n<p><strong>Diretoria Executiva<\/strong><\/p>\n<p>Presidente \u2013 Jo\u00e3o Martins da Silva J\u00fanior (BA)<br \/>1\u00ba vice-presidente \u2013 Gede\u00e3o Silveira Pereira (RS)<br \/>2\u00ba vice-presidente \u2013 Ant\u00f4nio Pitangui de Salvo (MG)<br \/>1\u00ba vice-presidente de Finan\u00e7as \u2013 Humberto Miranda (BA)<br \/>2\u00ba vice-presidente de Finan\u00e7as \u2013 Muni Louren\u00e7o Silva J\u00fanior (AM)<br \/>1\u00ba vice-presidente de Secretaria \u2013 Marcelo Bertoni (MS)<br \/>2\u00ba vice-presidente de Secretaria \u2013 Jos\u00e9 Am\u00edlcar de Ara\u00fajo Silveira (CE)<\/p>\n<p><strong>Conselho Fiscal<\/strong><\/p>\n<p><strong>Efetivos<\/strong><br \/>\u00c1lvaro Arthur Lopes de Almeida (AL)<br \/>Paulo Carneiro (TO)<br \/>H\u00e9lio Dias de Souza (RO)<\/p>\n<p><span> <\/span><\/p>\n<p><strong>Suplentes<\/strong><br \/>Raimundo Coelho de Souza (MA)<br \/>Luiz Ira\u00e7\u00fa Guimar\u00e3es Colares (AP)<br \/>Jos\u00e9 \u00c1lvares Vieira (RN)<\/p>\n<p><span><\/span><\/p>\n<p>\u00a0<\/p>","protected":false},"excerpt":{"rendered":"<p>Jo\u00e3o Martins foi reeleito para mais um mandato \u00e0 frente da CNA FAEMG SENAR | Divulga\u00e7\u00e3o O presidente do Sistema Faemg Senar, Ant\u00f4nio Pitangui de Salvo, tomou posse como 2\u00ba vice-presidente da Confedera\u00e7\u00e3o da Agricultura e Pecu\u00e1ria do Brasil (CNA) nesta ter\u00e7a-feira (9\/12) em Bras\u00edlia. De Salvo integra a nova diretoria executiva da CNA, liderada [&hellip;]<\/p>\n","protected":false},"author":0,"featured_media":32160,"comment_status":"open","ping_status":"open","sticky":false,"template":"","format":"standard","meta":{"rop_custom_images_group":[],"rop_custom_messages_group":[],"rop_publish_now":"initial","rop_publish_now_accounts":[],"rop_publish_now_history":[],"rop_publish_now_status":"pending","footnotes":""},"categories":[6745],"tags":[],"class_list":["post-32159","post","type-post","status-publish","format-standard","has-post-thumbnail","hentry","category-coluna-sindijori"],"_links":{"self":[{"href":"https:\/\/diariotribuna.com.br\/index.php?rest_route=\/wp\/v2\/posts\/32159"}],"collection":[{"href":"https:\/\/diariotribuna.com.br\/index.php?rest_route=\/wp\/v2\/posts"}],"about":[{"href":"https:\/\/diariotribuna.com.br\/index.php?rest_route=\/wp\/v2\/types\/post"}],"replies":[{"embeddable":true,"href":"https:\/\/diariotribuna.com.br\/index.php?rest_route=%2Fwp%2Fv2%2Fcomments&post=32159"}],"version-history":[{"count":0,"href":"https:\/\/diariotribuna.com.br\/index.php?rest_route=\/wp\/v2\/posts\/32159\/revisions"}],"wp:featuredmedia":[{"embeddable":true,"href":"https:\/\/diariotribuna.com.br\/index.php?rest_route=\/wp\/v2\/media\/32160"}],"wp:attachment":[{"href":"https:\/\/diariotribuna.com.br\/index.php?rest_route=%2Fwp%2Fv2%2Fmedia&parent=32159"}],"wp:term":[{"taxonomy":"category","embeddable":true,"href":"https:\/\/diariotribuna.com.br\/index.php?rest_route=%2Fwp%2Fv2%2Fcategories&post=32159"},{"taxonomy":"post_tag","embeddable":true,"href":"https:\/\/diariotribuna.com.br\/index.php?rest_route=%2Fwp%2Fv2%2Ftags&post=32159"}],"curies":[{"name":"wp","href":"https:\/\/api.w.org\/{rel}","templated":true}]}}