{"id":32365,"date":"2026-01-06T12:02:50","date_gmt":"2026-01-06T15:02:50","guid":{"rendered":"https:\/\/diariotribuna.com.br\/?p=32365"},"modified":"2026-01-06T12:02:50","modified_gmt":"2026-01-06T15:02:50","slug":"pouso-alegre-entrega-business-park","status":"publish","type":"post","link":"https:\/\/diariotribuna.com.br\/?p=32365","title":{"rendered":"Pouso Alegre entrega Business Park\u00a0"},"content":{"rendered":"<p><em><span>Foto: Ascom\/PMPA<\/span><\/em><\/p>\n<p><strong><span>COLUNA MG<\/span><\/strong><br \/><span>Principais destaques dos jornais e portais integrantes da rede Sindijori MG\u00a0<\/span><br \/><span><a href=\"http:\/\/www.sindijorimg.com.br\/\">www.sindijorimg.com.br<\/a><\/span><\/p>\n<p><strong><span>Pouso Alegre entrega Business Park<\/span><\/strong><br \/><span>A Prefeitura Municipal de Pouso Alegre anuncia a conclus\u00e3o da Fase I do Pouso Alegre Business Park, um dos mais importantes empreendimentos log\u00edsticos em implanta\u00e7\u00e3o no munic\u00edpio. Iniciado em 2025, o projeto j\u00e1 se consolida como um marco para o desenvolvimento econ\u00f4mico local e regional. Nesta primeira etapa, foram entregues 32 mil metros quadrados de \u00e1rea constru\u00edda, com infraestrutura de alto padr\u00e3o e excel\u00eancia construtiva. O empreendimento j\u00e1 nasce com 100% da Fase I locada, abrigando duas multinacionais de grande relev\u00e2ncia. (Pouso Alegre em Foco)<\/span><br \/><span><a href=\"https:\/\/pousoalegreemfoco.com.br\/noticia\/3253\/pouso-alegre-celebra-entrega-da-primeira-fase-do-business-park-e-projeta-expansao-em\">https:\/\/pousoalegreemfoco.com.br\/noticia\/3253\/pouso-alegre-celebra-entrega-da-primeira-fase-do-business-park-e-projeta-expansao-em<\/a><\/span><\/p>\n<p><strong><span>Assessoria para ajudar administra\u00e7\u00f5es<\/span><\/strong><br \/><span>O ex-prefeito de Po\u00e7os de Caldas, S\u00e9rgio Azevedo, assinou nesta segunda-feira, 5, o termo de posse como Assessor do vice-governador Estado Mateus Sim\u00f5es, fun\u00e7\u00e3o estrat\u00e9gica criada pelo Governo de Minas Gerais com o objetivo de aproximar as administra\u00e7\u00f5es municipais da estrutura estadual. A nomea\u00e7\u00e3o integra um modelo de assessorias regionais que ser\u00e1 implantado em diferentes \u00e1reas do estado, levando em conta a dimens\u00e3o territorial de Minas Gerais e as dificuldades impostas pela dist\u00e2ncia entre os munic\u00edpios e a capital. (Jornal Mantiqueira)<\/span><br \/><span><a href=\"https:\/\/www.jornalmantiqueira.com.br\/2026\/01\/05\/sergio-azevedo-assume-assessoria-do-vice-governador-mateus-simoes-e-reforca-elo-entre-municipios-e-governo\/\">https:\/\/www.jornalmantiqueira.com.br\/2026\/01\/05\/sergio-azevedo-assume-assessoria-do-vice-governador-mateus-simoes-e-reforca-elo-entre-municipios-e-governo\/<\/a><\/span><\/p>\n<p><strong><span>Vereador d\u00e1 vers\u00e3o do atropelamento<\/span><\/strong><br \/><span>O presidente da C\u00e2mara Municipal de Varginha, vereador Marquinho da Cooperativa, apresentou o laudo m\u00e9dico expedido pelo Hospital Bom Pastor, com data de 01\/01\/2026. O documento refere-se ao atendimento realizado ap\u00f3s ele ser encaminhado pela Pol\u00edcia Militar devido a uma ocorr\u00eancia de atropelamento. No documento emitido pelo m\u00e9dico plantonista, consta que \u201cpoliciais trouxeram um homem consciente, orientado, em posse de suas faculdades mentais e sem sinais de embriaguez\u201d. Durante a coletiva, Marquinho da Cooperativa declarou que entrar\u00e1 em contato com a fam\u00edlia da v\u00edtima e se colocar\u00e1 \u00e0 disposi\u00e7\u00e3o para ajudar no que for necess\u00e1rio. (O Debate \u2013 Varginha)<\/span><br \/><span><a href=\"https:\/\/www.odebatenoticias.com.br\/post\/vereador-apresenta-laudo-de-sobriedade-e-enfrenta-pedido-de-cassa%C3%A7%C3%A3o-ap%C3%B3s-atropelamento\">https:\/\/www.odebatenoticias.com.br\/post\/vereador-apresenta-laudo-de-sobriedade-e-enfrenta-pedido-de-cassa%C3%A7%C3%A3o-ap%C3%B3s-atropelamento<\/a><\/span><\/p>\n<p><strong><span>Vale do A\u00e7o fecha vagas<\/span><\/strong><br \/><span>Apesar de manter saldo positivo na gera\u00e7\u00e3o de empregos com carteira assinada no acumulado dos primeiros 11 meses de 2025, a Regi\u00e3o Metropolitana do Vale do A\u00e7o (RMVA) encerrou o m\u00eas de novembro com retra\u00e7\u00e3o no mercado de trabalho formal. O saldo regional foi negativo em 431 vagas. Os dados foram levantados e enviados ao Di\u00e1rio do A\u00e7o pela Coordena\u00e7\u00e3o de Estat\u00edstica e Pesquisa, com base nas informa\u00e7\u00f5es do Novo Caged, do Minist\u00e9rio do Trabalho e Emprego (MTE), publicado no fim de dezembro passado. (Di\u00e1rio do A\u00e7o)<\/span><br \/><span><a href=\"https:\/\/www.diariodoaco.com.br\/noticia\/0130466-vale-do-aco-fechou-novembro-de-2025-com-saldo-negativo-de-empregos\">https:\/\/www.diariodoaco.com.br\/noticia\/0130466-vale-do-aco-fechou-novembro-de-2025-com-saldo-negativo-de-empregos<\/a><\/span><\/p>\n<p><strong><span>Uberaba inaugura voo da Latan<\/span><\/strong><br \/><span>O primeiro voo da Latam Airlines Brasil foi inaugurado na manh\u00e3 dessa segunda-feira, 5, no terminal aeroportu\u00e1rio Mario de Almeida Franco, em Uberaba. A rota liga a cidade de Uberaba at\u00e9 a capital paulista, via Guarulhos, que teve em seu primeiro voo 95 passageiros com destino a Uberaba e, de retorno a Guarulhos, cerca de 130 pessoas embarcaram, quase ocupa\u00e7\u00e3o total da aeronave. No in\u00edcio, as opera\u00e7\u00f5es a\u00e9reas da Latam est\u00e3o com tr\u00eas voos semanais, com aeronaves Airbus A-319, que t\u00eam capacidade para at\u00e9 144 passageiros. (Jornal de Uberaba)<\/span><br \/><span><a href=\"https:\/\/www.jornaldeuberaba.com.br\/noticia\/136831\/voo-da-latam-e-inaugurado-em-uberaba-com-boa-ocupacao\">https:\/\/www.jornaldeuberaba.com.br\/noticia\/136831\/voo-da-latam-e-inaugurado-em-uberaba-com-boa-ocupacao<\/a><\/span><\/p>\n<p><strong><span>Conv\u00eanio fortalece regi\u00f5es tur\u00edsticas<\/span><\/strong><br \/><span>Minas Gerais d\u00e1 um passo decisivo para consolidar e ampliar sua lideran\u00e7a no turismo brasileiro. A assinatura do conv\u00eanio entre a Federa\u00e7\u00e3o das Inst\u00e2ncias de Governan\u00e7a Regional do Turismo de Minas Gerais e a Companhia de Desenvolvimento Econ\u00f4mico de Minas Gerais, com a Secretaria de Estado de Cultura e Turismo de Minas como interveniente, marca o in\u00edcio de um robusto ciclo de investimentos que vai impactar diretamente todas as regi\u00f5es tur\u00edsticas do estado. O acordo viabiliza o repasse de R$ 100 mil para cada uma das 48 Inst\u00e2ncias de Governan\u00e7a Regionais (IGRs), totalizando R$ 4,8 milh\u00f5es. (Portal Carlos Souto)<\/span><br \/><span><a href=\"https:\/\/www.portalcarlossouto.com.br\/noticias\/regional\/governo-de-minas-fecitur-e-codemig-firmam-convenio-historico-para-fortalecer-as-instancias-de-governanca-regionais\/\">https:\/\/www.portalcarlossouto.com.br\/noticias\/regional\/governo-de-minas-fecitur-e-codemig-firmam-convenio-historico-para-fortalecer-as-instancias-de-governanca-regionais\/<\/a><\/span><\/p>\n<p><span><\/span><\/p>\n<p>\u00a0<\/p>","protected":false},"excerpt":{"rendered":"<p>Foto: Ascom\/PMPA COLUNA MGPrincipais destaques dos jornais e portais integrantes da rede Sindijori MG\u00a0www.sindijorimg.com.br Pouso Alegre entrega Business ParkA Prefeitura Municipal de Pouso Alegre anuncia a conclus\u00e3o da Fase I do Pouso Alegre Business Park, um dos mais importantes empreendimentos log\u00edsticos em implanta\u00e7\u00e3o no munic\u00edpio. Iniciado em 2025, o projeto j\u00e1 se consolida como um [&hellip;]<\/p>\n","protected":false},"author":0,"featured_media":32366,"comment_status":"open","ping_status":"open","sticky":false,"template":"","format":"standard","meta":{"rop_custom_images_group":[],"rop_custom_messages_group":[],"rop_publish_now":"initial","rop_publish_now_accounts":[],"rop_publish_now_history":[],"rop_publish_now_status":"pending","footnotes":""},"categories":[6745],"tags":[],"class_list":["post-32365","post","type-post","status-publish","format-standard","has-post-thumbnail","hentry","category-coluna-sindijori"],"_links":{"self":[{"href":"https:\/\/diariotribuna.com.br\/index.php?rest_route=\/wp\/v2\/posts\/32365"}],"collection":[{"href":"https:\/\/diariotribuna.com.br\/index.php?rest_route=\/wp\/v2\/posts"}],"about":[{"href":"https:\/\/diariotribuna.com.br\/index.php?rest_route=\/wp\/v2\/types\/post"}],"replies":[{"embeddable":true,"href":"https:\/\/diariotribuna.com.br\/index.php?rest_route=%2Fwp%2Fv2%2Fcomments&post=32365"}],"version-history":[{"count":0,"href":"https:\/\/diariotribuna.com.br\/index.php?rest_route=\/wp\/v2\/posts\/32365\/revisions"}],"wp:featuredmedia":[{"embeddable":true,"href":"https:\/\/diariotribuna.com.br\/index.php?rest_route=\/wp\/v2\/media\/32366"}],"wp:attachment":[{"href":"https:\/\/diariotribuna.com.br\/index.php?rest_route=%2Fwp%2Fv2%2Fmedia&parent=32365"}],"wp:term":[{"taxonomy":"category","embeddable":true,"href":"https:\/\/diariotribuna.com.br\/index.php?rest_route=%2Fwp%2Fv2%2Fcategories&post=32365"},{"taxonomy":"post_tag","embeddable":true,"href":"https:\/\/diariotribuna.com.br\/index.php?rest_route=%2Fwp%2Fv2%2Ftags&post=32365"}],"curies":[{"name":"wp","href":"https:\/\/api.w.org\/{rel}","templated":true}]}}