{"id":32367,"date":"2026-01-07T11:58:33","date_gmt":"2026-01-07T14:58:33","guid":{"rendered":"https:\/\/diariotribuna.com.br\/?p=32367"},"modified":"2026-01-07T11:58:33","modified_gmt":"2026-01-07T14:58:33","slug":"inhotim-entre-destinos-do-mundo","status":"publish","type":"post","link":"https:\/\/diariotribuna.com.br\/?p=32367","title":{"rendered":"Inhotim entre destinos do mundo\u00a0"},"content":{"rendered":"<p><em><span>Foto: Divulga\u00e7\u00e3o\/Instituto Inhotim<\/span><\/em><\/p>\n<p><strong><span>COLUNA MG<\/span><\/strong><br \/><span>Principais destaques dos jornais e portais integrantes da rede Sindijori MG\u00a0<\/span><br \/><span><a href=\"http:\/\/www.sindijorimg.com.br\/\">www.sindijorimg.com.br<\/a><\/span><\/p>\n<p><span><strong>Inhotim entre destinos do mundo<\/strong>\u00a0<\/span><br \/><span>O Instituto Inhotim, localizado em Brumadinho, foi inclu\u00eddo pelo jornal The New York Times no ranking dos 52 lugares para conhecer em 2026. O destino brasileiro aparece na 24\u00aa posi\u00e7\u00e3o da lista divulgada nesta ter\u00e7a-feira (6), que re\u00fane atra\u00e7\u00f5es culturais, naturais e urbanas de diversos pa\u00edses. Ao destacar Inhotim, o peri\u00f3dico norte-americano afirma que \u201cuma das poucas cr\u00edticas feitas ao museu \u00e9 que um \u00fanico dia n\u00e3o basta para ver tudo\u201d. (Por Dentro de Minas)<\/span><br \/><span><a href=\"https:\/\/pordentrodeminas.com.br\/variedades\/turismo\/2026\/01\/inhotim-e-eleito-um-dos-52-destinos-imperdiveis-do-mundo-em-2026\/?utm_source=whatsapp&amp;utm_medium=Refer%C3%AAncia&amp;utm_term=noticias\">https:\/\/pordentrodeminas.com.br\/variedades\/turismo\/2026\/01\/inhotim-e-eleito-um-dos-52-destinos-imperdiveis-do-mundo-em-2026\/?utm_source=whatsapp&amp;utm_medium=Refer%C3%AAncia&amp;utm_term=noticias<\/a><\/span><\/p>\n<p><strong><span>Morador de Joa\u00edma tem ajuda<\/span><\/strong><br \/><span>Desde o final do ano passado os trabalhadores de Joa\u00edma, em Minas Gerais, podem solicitar o saque do Fundo de Garantia do Tempo de Servi\u00e7o (FGTS) por calamidade. A libera\u00e7\u00e3o, motivada pelas tempestades que atingiram a cidade, pode ser feita pelo Aplicativo FGTS da Caixa. Conforme endere\u00e7os identificados pela Defesa Civil do munic\u00edpio, os moradores podem realizar o saque at\u00e9 o dia 19 de mar\u00e7o de 2026. O valor m\u00e1ximo para retirada \u00e9 de R$ 6.220,00 por conta vinculada, limitado ao saldo dispon\u00edvel na conta. (Di\u00e1rio Tribuna \u2013 Te\u00f3filo Otoni)<\/span><br \/><span><a href=\"https:\/\/diariotribuna.com.br\/?p=32271\">https:\/\/diariotribuna.com.br\/?p=32271<\/a><\/span><\/p>\n<p><strong><span>Dengue tem queda em Arax\u00e1<\/span><\/strong><br \/><span>A cidade de Arax\u00e1 encerrou o ano de 2025 com uma redu\u00e7\u00e3o expressiva nos indicadores da dengue. Segundo dados da Vigil\u00e2ncia Epidemiol\u00f3gica, o munic\u00edpio registrou 3.137 casos confirmados at\u00e9 o dia 30 de dezembro, uma queda de 66,9% em compara\u00e7\u00e3o aos 9.478 registros contabilizados em 2024. O balan\u00e7o de \u00f3bitos tamb\u00e9m apresentou recuo: foram cinco mortes em 2025, contra 21 no ano anterior. Apesar da melhora estat\u00edstica, a Secretaria Municipal de Sa\u00fade mant\u00e9m o estado de alerta devido ao per\u00edodo de chuvas, que favorece a prolifera\u00e7\u00e3o do mosquito Aedes aegypti. (Clarim Net \u2013 Arax\u00e1)<\/span><br \/><span><a href=\"https:\/\/clarim.net.br\/araxa-registra-queda-de-669-nos-casos-de-dengue-em-2025\/\">https:\/\/clarim.net.br\/araxa-registra-queda-de-669-nos-casos-de-dengue-em-2025\/<\/a><\/span><\/p>\n<p><strong><span>MoC ter\u00e1 unidade veterin\u00e1ria m\u00f3vel<\/span><\/strong><br \/><span>A Prefeitura de Montes Claros deu mais um passo importante no fortalecimento das pol\u00edticas p\u00fablicas voltadas ao bem-estar animal. O munic\u00edpio est\u00e1 em fase de processo licitat\u00f3rio para a aquisi\u00e7\u00e3o de um ve\u00edculo tipo furg\u00e3o que ser\u00e1 adaptado e utilizado como unidade veterin\u00e1ria m\u00f3vel, atendendo \u00e0 demanda da Secretaria Municipal de Ambiente, Bem-estar Animal e Sustentabilidade. A iniciativa surge como resposta ao crescimento significativo da procura por servi\u00e7os veterin\u00e1rios p\u00fablicos. (Gazeta Norte Mineira \u2013 Montes Claros)<\/span><br \/><span><a href=\"https:\/\/gazetanm.com.br\/bem-estar-animal-prefeitura-de-montes-claros-tera-unidade-veterinaria-movel\/\">https:\/\/gazetanm.com.br\/bem-estar-animal-prefeitura-de-montes-claros-tera-unidade-veterinaria-movel\/<\/a><\/span><\/p>\n<p><strong><span>Alago prioriza PL do Mar de Minas<\/span><\/strong><br \/><span>O presidente da Alago e prefeito de Capit\u00f3lio, Cristiano Silva, destacou que dois temas estrat\u00e9gicos est\u00e3o no centro das a\u00e7\u00f5es da entidade neste in\u00edcio de ano. Com o fim do recesso parlamentar da C\u00e2mara dos Deputados, em 1\u00ba de fevereiro, a Alago ir\u00e1 intensificar a mobiliza\u00e7\u00e3o dos deputados para a vota\u00e7\u00e3o do PL 2130\/2024, que institui a Regi\u00e3o Tur\u00edstica Mar de Minas como \u00c1rea Especial de Interesse Tur\u00edstico. A articula\u00e7\u00e3o inclui ainda a revis\u00e3o da outorga relacionada \u00e0 Cota 762. (Observo \u2013 Passos)<\/span><br \/><span><a href=\"https:\/\/www.observo.com.br\/alago-prioriza-aprovacao-do-pl-do-mar-de-minas-e-defesa-da-cota-762\">https:\/\/www.observo.com.br\/alago-prioriza-aprovacao-do-pl-do-mar-de-minas-e-defesa-da-cota-762<\/a><\/span><\/p>\n<p><strong><span>Valadares ter\u00e1 nova policl\u00ednica<\/span><\/strong><br \/><span>O prefeito Coronel Sandro e o secret\u00e1rio municipal de Sa\u00fade, Rodrigo Cunha, assinaram nesta ter\u00e7a-feira (6) a ordem de servi\u00e7o para a constru\u00e7\u00e3o da nova Policl\u00ednica Municipal. A obra, or\u00e7ada em cerca de R$ 20 milh\u00f5es, tem prazo de execu\u00e7\u00e3o estimado em 18 meses e ser\u00e1 implantada na Avenida Coqueiral, no bairro Turmalina. A obra contar\u00e1 com um investimento total de R$ 20.152.000,00, sendo R$ 16 milh\u00f5es provenientes do Programa de Acelera\u00e7\u00e3o do Crescimento (PAC), do governo federal, e o restante com recursos pr\u00f3prios do munic\u00edpio. (Di\u00e1rio do Rio Doce)<\/span><br \/><span><a href=\"https:\/\/drd.com.br\/prefeitura-de-valadares-assina-ordem-de-servico-para-construcao-da-nova-policlinica-municipal-no-bairro-turmalina\/\">https:\/\/drd.com.br\/prefeitura-de-valadares-assina-ordem-de-servico-para-construcao-da-nova-policlinica-municipal-no-bairro-turmalina\/<\/a><\/span><\/p>\n<p><strong><span>Hard Patos contabiliza 550 iniciativas<\/span><\/strong><br \/><span>Durante o m\u00eas de novembro, Patos de Minas recebeu uma s\u00e9rie de atividades vinculadas ao movimento \u201cHard Patos\u201d, estrat\u00e9gia do Ecossistema de Inova\u00e7\u00e3o (Patos Valley) para impulsionar o empreendedorismo, a inova\u00e7\u00e3o e a economia criativa na cidade. Em parceria com o Sebrae Minas e diversas institui\u00e7\u00f5es locais, foram contabilizadas 550 iniciativas entre capacita\u00e7\u00f5es, palestras, oficinas, mentorias, workshops, meetups (encontros informais para estabelecer redes de contato) e hackatons (maratonas de inova\u00e7\u00e3o intensivas). (Folha Patense)<\/span><br \/><span><a href=\"https:\/\/www.folhapatense.com.br\/movimento-hard-patos-contabiliza-550-iniciativas-de-empreendedorismo-e-inovacao\">https:\/\/www.folhapatense.com.br\/movimento-hard-patos-contabiliza-550-iniciativas-de-empreendedorismo-e-inovacao<\/a><\/span><\/p>\n<p><span><\/span><\/p>\n<p>\u00a0<\/p>","protected":false},"excerpt":{"rendered":"<p>Foto: Divulga\u00e7\u00e3o\/Instituto Inhotim COLUNA MGPrincipais destaques dos jornais e portais integrantes da rede Sindijori MG\u00a0www.sindijorimg.com.br Inhotim entre destinos do mundo\u00a0O Instituto Inhotim, localizado em Brumadinho, foi inclu\u00eddo pelo jornal The New York Times no ranking dos 52 lugares para conhecer em 2026. O destino brasileiro aparece na 24\u00aa posi\u00e7\u00e3o da lista divulgada nesta ter\u00e7a-feira (6), [&hellip;]<\/p>\n","protected":false},"author":0,"featured_media":32368,"comment_status":"open","ping_status":"open","sticky":false,"template":"","format":"standard","meta":{"rop_custom_images_group":[],"rop_custom_messages_group":[],"rop_publish_now":"initial","rop_publish_now_accounts":[],"rop_publish_now_history":[],"rop_publish_now_status":"pending","footnotes":""},"categories":[6745],"tags":[],"class_list":["post-32367","post","type-post","status-publish","format-standard","has-post-thumbnail","hentry","category-coluna-sindijori"],"_links":{"self":[{"href":"https:\/\/diariotribuna.com.br\/index.php?rest_route=\/wp\/v2\/posts\/32367"}],"collection":[{"href":"https:\/\/diariotribuna.com.br\/index.php?rest_route=\/wp\/v2\/posts"}],"about":[{"href":"https:\/\/diariotribuna.com.br\/index.php?rest_route=\/wp\/v2\/types\/post"}],"replies":[{"embeddable":true,"href":"https:\/\/diariotribuna.com.br\/index.php?rest_route=%2Fwp%2Fv2%2Fcomments&post=32367"}],"version-history":[{"count":0,"href":"https:\/\/diariotribuna.com.br\/index.php?rest_route=\/wp\/v2\/posts\/32367\/revisions"}],"wp:featuredmedia":[{"embeddable":true,"href":"https:\/\/diariotribuna.com.br\/index.php?rest_route=\/wp\/v2\/media\/32368"}],"wp:attachment":[{"href":"https:\/\/diariotribuna.com.br\/index.php?rest_route=%2Fwp%2Fv2%2Fmedia&parent=32367"}],"wp:term":[{"taxonomy":"category","embeddable":true,"href":"https:\/\/diariotribuna.com.br\/index.php?rest_route=%2Fwp%2Fv2%2Fcategories&post=32367"},{"taxonomy":"post_tag","embeddable":true,"href":"https:\/\/diariotribuna.com.br\/index.php?rest_route=%2Fwp%2Fv2%2Ftags&post=32367"}],"curies":[{"name":"wp","href":"https:\/\/api.w.org\/{rel}","templated":true}]}}