{"id":32369,"date":"2026-01-08T12:20:56","date_gmt":"2026-01-08T15:20:56","guid":{"rendered":"https:\/\/diariotribuna.com.br\/?p=32369"},"modified":"2026-01-08T12:20:56","modified_gmt":"2026-01-08T15:20:56","slug":"etanol-fecha-2025-com-aumento-de-979","status":"publish","type":"post","link":"https:\/\/diariotribuna.com.br\/?p=32369","title":{"rendered":"Etanol fecha 2025 com aumento de 9,79%\u00a0"},"content":{"rendered":"<p><em><span>Foto: Di\u00e1rio do Com\u00e9rcio \/ Arquivo \/ Charles Silva Duarte<\/span><\/em><\/p>\n<p><strong><span>COLUNA MG<\/span><\/strong><br \/><span>Principais destaques dos jornais e portais integrantes da rede Sindijori MG\u00a0<\/span><br \/><span><a href=\"http:\/\/www.sindijorimg.com.br\/\">www.sindijorimg.com.br<\/a><\/span><\/p>\n<p><strong><span>Etanol fecha 2025 com aumento de 9,79%\u00a0<\/span><\/strong><br \/><span>O mercado de combust\u00edveis em Minas Gerais encerrou 2025 marcado por altas significativas nos pre\u00e7os, com destaque para o etanol. Nos \u00faltimos 12 meses, o valor do biocombust\u00edvel disparou 9,79% nas bombas, saltando de R$ 4,19 para R$ 4,60. No mesmo per\u00edodo, gasolina comum (+2,14%) e aditivada (+1,90%) apresentaram leve varia\u00e7\u00e3o positiva, encerrando o ano na casa dos R$ 6,20 e R$ 6,42, respectivamente. O diesel S10 n\u00e3o variou (0,00%) e o diesel comum apresentou uma ligeira queda de 0,17% no \u00faltimo ano. (Di\u00e1rio do Com\u00e9rcio \u2013 Belo Horizonte)<\/span><br \/><span><a href=\"https:\/\/diariodocomercio.com.br\/economia\/etanol-alta-minas-gerais-combustivel\/\">https:\/\/diariodocomercio.com.br\/economia\/etanol-alta-minas-gerais-combustivel\/<\/a><\/span><\/p>\n<p><strong><span>Caet\u00e9 cria clube de benef\u00edcios<\/span><\/strong><br \/><span>O Prefeito de Caet\u00e9, atrav\u00e9s de decreto assinado na segunda-feira (5), vai passar a conceder vantagens aos agentes p\u00fablicos, ativos, inativos e pensionistas. O \u201cClube de Benef\u00edcios do Servidor\u201d \u00e9 um programa que visa oferecer vantagens exclusivas, descontos e condi\u00e7\u00f5es especiais na aquisi\u00e7\u00e3o de produtos e servi\u00e7os para agentes p\u00fablicos. O benef\u00edcio abrange os servidores da Prefeitura, da Funda\u00e7\u00e3o Casa de Cultura, da Funda\u00e7\u00e3o Educacional, do SAAE e Conselheiros Tutelares. (Jornal Opini\u00e3o \u2013 Caet\u00e9)<\/span><br \/><span><a href=\"https:\/\/www.opiniaocaete.com.br\/prefeitura-cria-clube-de-beneficios-para-os-servidores-publicos\/\">https:\/\/www.opiniaocaete.com.br\/prefeitura-cria-clube-de-beneficios-para-os-servidores-publicos\/<\/a><\/span><\/p>\n<p><strong><span>Senador irrita Santo Antonio do Monte<\/span><\/strong><br \/><span>Senador majorit\u00e1rio em Santo Ant\u00f4nio do Monte, Cleitinho Azevedo postou v\u00eddeo em suas redes sociais associando os foguetes de estampido do r\u00e9veillon \u00e0 morte de uma cadela chamada Nina. A cr\u00edtica aos fogos de artif\u00edcio irritou a popula\u00e7\u00e3o de Santo Ant\u00f4nio do Monte e ele est\u00e1 tentando justificar aos empres\u00e1rios do setor e principalmente a seu eleitorado que sua inten\u00e7\u00e3o n\u00e3o \u00e9 prejudicar ningu\u00e9m. (Gazeta Montense)<\/span><br \/><span><a href=\"http:\/\/www.gmontense.com.br\/\">www.gmontense.com.br<\/a><\/span><\/p>\n<p><strong><span>Feira do Santa Tereza em clima de Carnaval<\/span><\/strong><br \/><span>A Feira do Mercado de Origem do Santa Tereza d\u00e1 o tom da folia logo no in\u00edcio de 2026 e retorna \u00e0s atividades com um convite irresist\u00edvel ao p\u00fablico: m\u00fasica, cultura e sabores que unem Minas Gerais e Bahia, em um verdadeiro esquenta para o Carnaval de Belo Horizonte. Nos dias 10 e 11 de janeiro, o tradicional mercado reabre suas portas com o Festival Minas com Bahia, evento que marca oficialmente o in\u00edcio do pr\u00e9-carnaval da capital mineira dentro da feira. (MG Turismo \u2013 Belo Horizonte)<\/span><br \/><span><a href=\"https:\/\/mgturismo.com.br\/feira-do-mercado-de-origem-do-santa-tereza-abre-2026-em-clima-de-carnaval-com-o-festival-minas-com-bahia\/\">https:\/\/mgturismo.com.br\/feira-do-mercado-de-origem-do-santa-tereza-abre-2026-em-clima-de-carnaval-com-o-festival-minas-com-bahia\/<\/a><\/span><\/p>\n<p><strong><span>Tropeiro na lista dos melhores do mundo<\/span><\/strong><br \/><span>O feij\u00e3o tropeiro, um dos pratos mais tradicionais da culin\u00e1ria mineira, ganhou destaque internacional ao aparecer no TasteAtlas Awards 25\/26. A receita brasileira conquistou a 5\u00aa posi\u00e7\u00e3o no ranking mundial de melhores pratos de vegetais, com nota 4,29, ao lado de preparos cl\u00e1ssicos de pa\u00edses como It\u00e1lia, Portugal e \u00cdndia. S\u00edmbolo da gastronomia de Minas Gerais, o feij\u00e3o tropeiro tem origem no per\u00edodo colonial e est\u00e1 diretamente ligado \u00e0 hist\u00f3ria dos tropeiros, comerciantes que cruzavam longas dist\u00e2ncias a cavalo transportando mercadorias. (Correio do Cento Oeste \u2013 Arcos)<\/span><br \/><span><a href=\"https:\/\/www.jornalcco.com.br\/feijao-tropeiro-entra-na-lista-dos-melhores-pratos-do-mundo\">https:\/\/www.jornalcco.com.br\/feijao-tropeiro-entra-na-lista-dos-melhores-pratos-do-mundo<\/a><\/span><\/p>\n<p><strong><span>\u00a0<\/span><\/strong><br \/><strong><span>Multa paga com doa\u00e7\u00e3o de sangue<\/span><\/strong><br \/><span>Come\u00e7ou a tramitar, na C\u00e2mara Municipal de Juiz de Fora um Projeto de Lei que converte a penalidade de multas de tr\u00e2nsito em pagamento com a doa\u00e7\u00e3o de sangue nos hemocentros da cidade. Pela proposta, uma multa leve de tr\u00eas pontos ou uma multa m\u00e9dia de quatro pontos poder\u00e1 ser paga com duas doa\u00e7\u00f5es, no caso de homens, e uma doa\u00e7\u00e3o, no caso de mulheres; uma multa grave de cinco pontos poder\u00e1 ser paga com tr\u00eas doa\u00e7\u00f5es, no caso de homens, e duas doa\u00e7\u00f5es, no caso de mulheres. (Tribuna de Minas \u2013 Juiz de Fora)<\/span><br \/><span><a href=\"https:\/\/tribunademinas.com.br\/noticias\/politica\/08-01-2026\/multas-transito-sangue.html\">https:\/\/tribunademinas.com.br\/noticias\/politica\/08-01-2026\/multas-transito-sangue.html<\/a><\/span><\/p>\n<p><strong><span>Vestibular da Uemg \u00e9 o mais concorrido<\/span><\/strong><br \/><span>Em um cen\u00e1rio onde a disputa por vagas em cursos de Medicina nas universidades p\u00fablicas brasileiras atinge n\u00edveis recordes, o vestibular da Unidade de Passos da Universidade do Estado de Minas Gerais (UEMG) se destaca como o mais competitivo do pa\u00eds para o ano de 2026. De acordo com um levantamento divulgado pelo &#8220;Centro de Vestibulares&#8221;, uma plataforma especializada em an\u00e1lises de processos seletivos, o curso registrou impressionantes 379,63 candidatos por vaga \u2013 um \u00edndice que supera at\u00e9 mesmo institui\u00e7\u00f5es tradicionais como USP, Unicamp e Unesp. (Observo \u2013 Passos)<\/span><br \/><span><a href=\"https:\/\/www.observo.com.br\/vestibular-de-medicina-da-uemg-em-passos-e-o-mais-concorrido-do-brasil-em-2026\">https:\/\/www.observo.com.br\/vestibular-de-medicina-da-uemg-em-passos-e-o-mais-concorrido-do-brasil-em-2026<\/a><\/span><\/p>\n<p><span><\/span><\/p>\n<p>\u00a0<\/p>","protected":false},"excerpt":{"rendered":"<p>Foto: Di\u00e1rio do Com\u00e9rcio \/ Arquivo \/ Charles Silva Duarte COLUNA MGPrincipais destaques dos jornais e portais integrantes da rede Sindijori MG\u00a0www.sindijorimg.com.br Etanol fecha 2025 com aumento de 9,79%\u00a0O mercado de combust\u00edveis em Minas Gerais encerrou 2025 marcado por altas significativas nos pre\u00e7os, com destaque para o etanol. Nos \u00faltimos 12 meses, o valor do [&hellip;]<\/p>\n","protected":false},"author":0,"featured_media":32370,"comment_status":"open","ping_status":"open","sticky":false,"template":"","format":"standard","meta":{"rop_custom_images_group":[],"rop_custom_messages_group":[],"rop_publish_now":"initial","rop_publish_now_accounts":[],"rop_publish_now_history":[],"rop_publish_now_status":"pending","footnotes":""},"categories":[6745],"tags":[],"class_list":["post-32369","post","type-post","status-publish","format-standard","has-post-thumbnail","hentry","category-coluna-sindijori"],"_links":{"self":[{"href":"https:\/\/diariotribuna.com.br\/index.php?rest_route=\/wp\/v2\/posts\/32369"}],"collection":[{"href":"https:\/\/diariotribuna.com.br\/index.php?rest_route=\/wp\/v2\/posts"}],"about":[{"href":"https:\/\/diariotribuna.com.br\/index.php?rest_route=\/wp\/v2\/types\/post"}],"replies":[{"embeddable":true,"href":"https:\/\/diariotribuna.com.br\/index.php?rest_route=%2Fwp%2Fv2%2Fcomments&post=32369"}],"version-history":[{"count":0,"href":"https:\/\/diariotribuna.com.br\/index.php?rest_route=\/wp\/v2\/posts\/32369\/revisions"}],"wp:featuredmedia":[{"embeddable":true,"href":"https:\/\/diariotribuna.com.br\/index.php?rest_route=\/wp\/v2\/media\/32370"}],"wp:attachment":[{"href":"https:\/\/diariotribuna.com.br\/index.php?rest_route=%2Fwp%2Fv2%2Fmedia&parent=32369"}],"wp:term":[{"taxonomy":"category","embeddable":true,"href":"https:\/\/diariotribuna.com.br\/index.php?rest_route=%2Fwp%2Fv2%2Fcategories&post=32369"},{"taxonomy":"post_tag","embeddable":true,"href":"https:\/\/diariotribuna.com.br\/index.php?rest_route=%2Fwp%2Fv2%2Ftags&post=32369"}],"curies":[{"name":"wp","href":"https:\/\/api.w.org\/{rel}","templated":true}]}}