{"id":32378,"date":"2026-01-09T23:16:49","date_gmt":"2026-01-10T02:16:49","guid":{"rendered":"https:\/\/diariotribuna.com.br\/?p=32378"},"modified":"2026-01-09T23:21:13","modified_gmt":"2026-01-10T02:21:13","slug":"confira-dicas-do-sebrae-para-o-mei-comecar-2026-sem-surpresas","status":"publish","type":"post","link":"https:\/\/diariotribuna.com.br\/?p=32378","title":{"rendered":"Confira dicas do Sebrae para o MEI come\u00e7ar 2026 sem surpresas"},"content":{"rendered":"\n<p><mark style=\"background-color:rgba(0, 0, 0, 0)\" class=\"has-inline-color has-cyan-bluish-gray-color\">Novos valores da DAS, prazos para regularizar d\u00edvidas no Simples Nacional s\u00e3o algumas das informa\u00e7\u00f5es sobre as quais o microempreendedor individual deve estar atento na virada do ano<\/mark><\/p>\n\n\n<div class=\"wp-block-image\">\n<figure class=\"alignright size-full\"><img loading=\"lazy\" decoding=\"async\" width=\"540\" height=\"389\" src=\"https:\/\/diariotribuna.com.br\/wp-content\/uploads\/2026\/01\/image-3.png\" alt=\"\" class=\"wp-image-32379\" srcset=\"https:\/\/diariotribuna.com.br\/wp-content\/uploads\/2026\/01\/image-3.png 540w, https:\/\/diariotribuna.com.br\/wp-content\/uploads\/2026\/01\/image-3-300x216.png 300w\" sizes=\"(max-width: 540px) 100vw, 540px\" \/><\/figure><\/div>\n\n\n<p>Trabalhar um pouco mais ou tirar alguns dias de f\u00e9rias depois das<br>festas de final de ano? Independentemente dos planos para janeiro, o m\u00eas traz consigo datas importantes e mudan\u00e7as para os mais de 13 milh\u00f5es de microempreendedores individuais de todo o pa\u00eds. \u00c9 o momento para regularizar as d\u00edvidas, optar por permanecer no Simples Nacional para 2025 \u2013 no caso de ter ultrapassado R$ 81 mil em faturamento \u2013 e enviar Declara\u00e7\u00e3o Anual (DASN-SIMEI).<br>Mas, calma! N\u00e3o precisa ficar preocupado, porque o Sebrae reuniu quatro informa\u00e7\u00f5es fundamentais para que os donos desses pequenos neg\u00f3cios n\u00e3o percam os prazos neste come\u00e7o de ano.<br>1) Reajuste &#8211; Com o aumento do sal\u00e1rio- -m\u00ednimo para R$ 1.627, o valor da contribui\u00e7\u00e3o mensal do MEI, feito por meio do Documento de Arrecada\u00e7\u00e3o do Simples Nacional (DAS), varia entre R$ 82,35 e R$ 87,35, dependendo da atividade exercida pelo profissional. Para o MEI Caminhoneiro, a contribui\u00e7\u00e3o mensal ser\u00e1 entre R$ 196,24 e R$ 200,24. A guia de contribui\u00e7\u00e3o deve ser paga at\u00e9 o dia 20 de cada m\u00eas. O primeiro boleto a considerar essa mudan\u00e7a vence em fevereiro de 2025, pois o recolhimento \u00e9 sempre com rela\u00e7\u00e3o ao m\u00eas anterior. Pelas plataformas de atendimento do Sebrae (site, 0800, ou app), \u00e9 poss\u00edvel emitir o boleto gratuitamente. O empreendedor tamb\u00e9m pode buscar aux\u00edlio na Sala Mineira do Empreendedor.<br>2) Ades\u00e3o ao Simples Nacional &#8211; Vai at\u00e9 31 de janeiro o prazo para que os empreendedores fa\u00e7am ades\u00e3o ao Simples Nacional. A iniciativa \u00e9 voltada para aqueles pequenos neg\u00f3cios que foram exclu\u00eddos do regime de tributa\u00e7\u00e3o, inclusive quem est\u00e1 em d\u00e9bito com a Receita Federal.<br><br>Veja a mat\u00e9ria completa <a href=\"https:\/\/diariotribuna.com.br\/wp-content\/uploads\/2026\/01\/DIARIO-TRIBUNA-08-JAN-2026.pdf#page=2\">aqui<\/a>.<\/p>\n","protected":false},"excerpt":{"rendered":"<p>Novos valores da DAS, prazos para regularizar d\u00edvidas no Simples Nacional s\u00e3o algumas das informa\u00e7\u00f5es sobre as quais o microempreendedor individual deve estar atento na virada do ano Trabalhar um pouco mais ou tirar alguns dias de f\u00e9rias depois dasfestas de final de ano? Independentemente dos planos para janeiro, o m\u00eas traz consigo datas importantes [&hellip;]<\/p>\n","protected":false},"author":3,"featured_media":32379,"comment_status":"open","ping_status":"open","sticky":false,"template":"","format":"standard","meta":{"rop_custom_images_group":[],"rop_custom_messages_group":[],"rop_publish_now":"initial","rop_publish_now_accounts":[],"rop_publish_now_history":[],"rop_publish_now_status":"pending","footnotes":""},"categories":[25,19,23],"tags":[],"class_list":["post-32378","post","type-post","status-publish","format-standard","has-post-thumbnail","hentry","category-destaque","category-gerais","category-ultimaedicao"],"_links":{"self":[{"href":"https:\/\/diariotribuna.com.br\/index.php?rest_route=\/wp\/v2\/posts\/32378"}],"collection":[{"href":"https:\/\/diariotribuna.com.br\/index.php?rest_route=\/wp\/v2\/posts"}],"about":[{"href":"https:\/\/diariotribuna.com.br\/index.php?rest_route=\/wp\/v2\/types\/post"}],"author":[{"embeddable":true,"href":"https:\/\/diariotribuna.com.br\/index.php?rest_route=\/wp\/v2\/users\/3"}],"replies":[{"embeddable":true,"href":"https:\/\/diariotribuna.com.br\/index.php?rest_route=%2Fwp%2Fv2%2Fcomments&post=32378"}],"version-history":[{"count":2,"href":"https:\/\/diariotribuna.com.br\/index.php?rest_route=\/wp\/v2\/posts\/32378\/revisions"}],"predecessor-version":[{"id":32381,"href":"https:\/\/diariotribuna.com.br\/index.php?rest_route=\/wp\/v2\/posts\/32378\/revisions\/32381"}],"wp:featuredmedia":[{"embeddable":true,"href":"https:\/\/diariotribuna.com.br\/index.php?rest_route=\/wp\/v2\/media\/32379"}],"wp:attachment":[{"href":"https:\/\/diariotribuna.com.br\/index.php?rest_route=%2Fwp%2Fv2%2Fmedia&parent=32378"}],"wp:term":[{"taxonomy":"category","embeddable":true,"href":"https:\/\/diariotribuna.com.br\/index.php?rest_route=%2Fwp%2Fv2%2Fcategories&post=32378"},{"taxonomy":"post_tag","embeddable":true,"href":"https:\/\/diariotribuna.com.br\/index.php?rest_route=%2Fwp%2Fv2%2Ftags&post=32378"}],"curies":[{"name":"wp","href":"https:\/\/api.w.org\/{rel}","templated":true}]}}