{"id":32386,"date":"2026-01-09T23:38:19","date_gmt":"2026-01-10T02:38:19","guid":{"rendered":"https:\/\/diariotribuna.com.br\/?p=32386"},"modified":"2026-01-09T23:38:55","modified_gmt":"2026-01-10T02:38:55","slug":"feiras-livres-geram-renda-para-agricultores-de-quase700-municipios-mineiros","status":"publish","type":"post","link":"https:\/\/diariotribuna.com.br\/?p=32386","title":{"rendered":"Feiras livres geram renda para agricultores de quase700 munic\u00edpios mineiros"},"content":{"rendered":"\n<p class=\"has-text-align-center\"><mark style=\"background-color:rgba(0, 0, 0, 0)\" class=\"has-inline-color has-cyan-bluish-gray-color\">A\u00e7\u00e3o da Emater-MG, em parceria com prefeituras, beneficia 19 mil fam\u00edlias no campo<\/mark><\/p>\n\n\n<div class=\"wp-block-image\">\n<figure class=\"aligncenter size-full\"><img loading=\"lazy\" decoding=\"async\" width=\"694\" height=\"257\" src=\"https:\/\/diariotribuna.com.br\/wp-content\/uploads\/2026\/01\/image-5.png\" alt=\"\" class=\"wp-image-32387\" srcset=\"https:\/\/diariotribuna.com.br\/wp-content\/uploads\/2026\/01\/image-5.png 694w, https:\/\/diariotribuna.com.br\/wp-content\/uploads\/2026\/01\/image-5-300x111.png 300w\" sizes=\"(max-width: 694px) 100vw, 694px\" \/><\/figure><\/div>\n\n\n<p>As manh\u00e3s de s\u00e1bado em Formiga, no Centro-Oeste de Minas, t\u00eam um aroma especial. O cheiro das  hortali\u00e7as, doces, queijos e at\u00e9 das flores atrai fregueses que percorrem as barracas da feira livre da cidade, em busca de produtos frescos e de qualidade. \u201cA feira \u00e9 tudo para mim. Enquanto eu tiver vida, eu vendo na feira.<br>Eu falo que quem compra l\u00e1 n\u00e3o \u00e9 cliente, j\u00e1 \u00e9 fam\u00edlia\u201d, conta Jos\u00e9 Lopes, que h\u00e1 36 anos participa da feira e vende dezenas de produtos com a ajuda do filho.<br>Assim como o produtor rural de Formiga, milhares de fam\u00edlias encontram nas feiras livres uma fonte de renda e um espa\u00e7o de valoriza\u00e7\u00e3o do trabalho no campo. Em Minas Gerais, a Emater-MG apoia e  coordena feiras em quase 700 munic\u00edpios, em parceria com as prefeituras. S\u00e3o 18,9 mil fam\u00edlias de  agricultores envolvidos. Um levantamento feito pela empresa mostra que a renda m\u00e9dia mensal \u00e9 de R$ 1.158,21 por fam\u00edlia. \u00c9 preciso levar em conta que a periodicidade das feiras varia bastante entre os  munic\u00edpios.<br>\u201cO que vemos nas feiras \u00e9 um importante espa\u00e7o de socializa\u00e7\u00e3o, profissionaliza\u00e7\u00e3o e inclus\u00e3o  socioecon\u00f4mica do agricultor e de sua fam\u00edlia, com gera\u00e7\u00e3o de emprego e renda, inser\u00e7\u00e3o no mercado e dinamiza\u00e7\u00e3o do com\u00e9rcio local\u201d, destaca Raul Machado, coordenador t\u00e9cnico da Emater-MG.<br><br>Veja mat\u00e9ria completa <a href=\"https:\/\/diariotribuna.com.br\/wp-content\/uploads\/2026\/01\/DIARIO-TRIBUNA-08-JAN-2026.pdf#page=3\">aqui<\/a>.<\/p>\n","protected":false},"excerpt":{"rendered":"<p>A\u00e7\u00e3o da Emater-MG, em parceria com prefeituras, beneficia 19 mil fam\u00edlias no campo As manh\u00e3s de s\u00e1bado em Formiga, no Centro-Oeste de Minas, t\u00eam um aroma especial. O cheiro das hortali\u00e7as, doces, queijos e at\u00e9 das flores atrai fregueses que percorrem as barracas da feira livre da cidade, em busca de produtos frescos e de [&hellip;]<\/p>\n","protected":false},"author":3,"featured_media":32387,"comment_status":"open","ping_status":"open","sticky":false,"template":"","format":"standard","meta":{"rop_custom_images_group":[],"rop_custom_messages_group":[],"rop_publish_now":"initial","rop_publish_now_accounts":[],"rop_publish_now_history":[],"rop_publish_now_status":"pending","footnotes":""},"categories":[25,19,23],"tags":[],"class_list":["post-32386","post","type-post","status-publish","format-standard","has-post-thumbnail","hentry","category-destaque","category-gerais","category-ultimaedicao"],"_links":{"self":[{"href":"https:\/\/diariotribuna.com.br\/index.php?rest_route=\/wp\/v2\/posts\/32386"}],"collection":[{"href":"https:\/\/diariotribuna.com.br\/index.php?rest_route=\/wp\/v2\/posts"}],"about":[{"href":"https:\/\/diariotribuna.com.br\/index.php?rest_route=\/wp\/v2\/types\/post"}],"author":[{"embeddable":true,"href":"https:\/\/diariotribuna.com.br\/index.php?rest_route=\/wp\/v2\/users\/3"}],"replies":[{"embeddable":true,"href":"https:\/\/diariotribuna.com.br\/index.php?rest_route=%2Fwp%2Fv2%2Fcomments&post=32386"}],"version-history":[{"count":1,"href":"https:\/\/diariotribuna.com.br\/index.php?rest_route=\/wp\/v2\/posts\/32386\/revisions"}],"predecessor-version":[{"id":32388,"href":"https:\/\/diariotribuna.com.br\/index.php?rest_route=\/wp\/v2\/posts\/32386\/revisions\/32388"}],"wp:featuredmedia":[{"embeddable":true,"href":"https:\/\/diariotribuna.com.br\/index.php?rest_route=\/wp\/v2\/media\/32387"}],"wp:attachment":[{"href":"https:\/\/diariotribuna.com.br\/index.php?rest_route=%2Fwp%2Fv2%2Fmedia&parent=32386"}],"wp:term":[{"taxonomy":"category","embeddable":true,"href":"https:\/\/diariotribuna.com.br\/index.php?rest_route=%2Fwp%2Fv2%2Fcategories&post=32386"},{"taxonomy":"post_tag","embeddable":true,"href":"https:\/\/diariotribuna.com.br\/index.php?rest_route=%2Fwp%2Fv2%2Ftags&post=32386"}],"curies":[{"name":"wp","href":"https:\/\/api.w.org\/{rel}","templated":true}]}}