{"id":32476,"date":"2026-01-20T20:13:33","date_gmt":"2026-01-20T23:13:33","guid":{"rendered":"https:\/\/diariotribuna.com.br\/?p=32476"},"modified":"2026-01-21T06:20:47","modified_gmt":"2026-01-21T09:20:47","slug":"sebrae-minas-seleciona-bolsistas-para-o-programa-ali-produtividade-com-vagas-em-todo-o-estado-2","status":"publish","type":"post","link":"https:\/\/diariotribuna.com.br\/?p=32476","title":{"rendered":"Sebrae Minas seleciona bolsistas para o programa ALI Produtividade, com vagas em todo o estado"},"content":{"rendered":"\n<p><mark style=\"background-color:rgba(0, 0, 0, 0)\" class=\"has-inline-color has-cyan-bluish-gray-color\">S\u00e3o 17 vagas imediatas e 170 para cadastro de reserva, com oportunidades em 85 cidades de Minas Gerais, entre elas o Vale do Jequitinhonha. Inscri\u00e7\u00f5es v\u00e3o at\u00e9 06 de fevereiro<\/mark><\/p>\n\n\n<div class=\"wp-block-image\">\n<figure class=\"alignright size-full\"><img loading=\"lazy\" decoding=\"async\" width=\"454\" height=\"310\" src=\"https:\/\/diariotribuna.com.br\/wp-content\/uploads\/2026\/01\/image-14.png\" alt=\"\" class=\"wp-image-32472\" srcset=\"https:\/\/diariotribuna.com.br\/wp-content\/uploads\/2026\/01\/image-14.png 454w, https:\/\/diariotribuna.com.br\/wp-content\/uploads\/2026\/01\/image-14-300x205.png 300w, https:\/\/diariotribuna.com.br\/wp-content\/uploads\/2026\/01\/image-14-218x150.png 218w\" sizes=\"(max-width: 454px) 100vw, 454px\" \/><\/figure><\/div>\n\n\n<p>O Sebrae Minas est\u00e1 com edital aberto para a sele\u00e7\u00e3o de bolsistas do Programa ALI Produtividade, destinado a profissionais de n\u00edvel superior em cursos reconhecidos<br>pelo Minist\u00e9rio da Educa\u00e7\u00e3o e Cultura (MEC). Ser\u00e3o ofertadas 17 vagas imediatas e 170 de cadastro de reserva, com oportunidades em<br>85 cidades do estado, para atuarem junto aos pequenos neg\u00f3cios por 12 meses, podendo chegar a 18 meses. Os interessados podem se inscrever at\u00e9 06 de fevereiro, pelo site drive.vbox.com.br\/shares\/folder\/QzcXCZIDmKY\/<br>Os selecionados come\u00e7ar\u00e3o as atividades em 01 de julho deste ano. O objetivo do programa ALI produtividade \u00e9 estimular a inova\u00e7\u00e3o nos pequenos neg\u00f3cios, por meio do acompanhamento e orienta\u00e7\u00e3o sobre a\u00e7\u00f5es que impactam diretamente na redu\u00e7\u00e3o de custos, aumento da produtividade e na melhoria de produtos, servi\u00e7os ou processos. \u201cOs agentes ALI devem prospectar e acompanhar as empresas por um ciclo de seis meses, e s\u00e3o respons\u00e1veis por realizar diagn\u00f3sticos e devolutivas, propor ferramentas de inova\u00e7\u00e3o, mensurar indicadores e elaborar relat\u00f3rios t\u00e9cnicos de pesquisa, estimulando a cultura da inova\u00e7\u00e3o nos pequenos neg\u00f3cios\u201d, destaca a analista do Sebrae Minas, Thais Silva.<br>A etapa de sele\u00e7\u00e3o inclui an\u00e1lise curricular e documental, prova de conhecimentos, din\u00e2mica de grupo e entrevista on-line individual para os candidatos \u00e0s vagas imediatas e reserva. Os bolsistas devem ter forma\u00e7\u00e3o superior, em n\u00edvel de gradua\u00e7\u00e3o, em qualquer \u00e1rea de conhecimento, em curso reconhecido pelo MEC, e devem residir no munic\u00edpio da vaga selecionada na inscri\u00e7\u00e3o, ou num raio de at\u00e9 30km da respectiva cidade. Eles ir\u00e3o atuar em empresas distantes at\u00e9 100 quil\u00f4metros da cidade em que estiverem alocados.<\/p>\n\n\n\n<p>Para acessar o <a href=\"http:\/\/drive.vbox.com.br\/shares\/folder\/QzcXCZIDmKY\/\" data-type=\"link\" data-id=\"drive.vbox.com.br\/shares\/folder\/QzcXCZIDmKY\/\">edital completo<\/a>. ALI Produtividade &#8211; Em 2025, mais de 6 mil pequenos neg\u00f3cios foram acompanhados pelo Programa ALI Produtividade, em Minas Gerais. No \u00faltimo resultado apurado por meio da iniciativa, as empresas atendidas relataram aumento de 11,8% no faturamento e 31% na produtividade. <br>SERVI\u00c7O &#8211; Edital Programa ALI Produtividade: <br>Agentes Locais de Inova\u00e7\u00e3o \u2013 17 vagas imediatas e 170 de cadastro de reserva.<br>Inscri\u00e7\u00f5es: at\u00e9 06 de fevereiro. Bolsas: R$5 mil por at\u00e9 18 meses (sem v\u00ednculo<br>empregat\u00edcio). <a href=\"http:\/\/drive.vbox.com.br\/shares\/folder\/QzcXCZIDmKY\/\" data-type=\"link\" data-id=\"drive.vbox.com.br\/shares\/folder\/QzcXCZIDmKY\/\">Edital completo:<\/a> <\/p>\n","protected":false},"excerpt":{"rendered":"<p>S\u00e3o 17 vagas imediatas e 170 para cadastro de reserva, com oportunidades em 85 cidades de Minas Gerais, entre elas o Vale do Jequitinhonha. Inscri\u00e7\u00f5es v\u00e3o at\u00e9 06 de fevereiro O Sebrae Minas est\u00e1 com edital aberto para a sele\u00e7\u00e3o de bolsistas do Programa ALI Produtividade, destinado a profissionais de n\u00edvel superior em cursos reconhecidospelo [&hellip;]<\/p>\n","protected":false},"author":3,"featured_media":32472,"comment_status":"open","ping_status":"open","sticky":false,"template":"","format":"standard","meta":{"rop_custom_images_group":[],"rop_custom_messages_group":[],"rop_publish_now":"initial","rop_publish_now_accounts":[],"rop_publish_now_history":[],"rop_publish_now_status":"pending","footnotes":""},"categories":[25,19,23],"tags":[],"class_list":["post-32476","post","type-post","status-publish","format-standard","has-post-thumbnail","hentry","category-destaque","category-gerais","category-ultimaedicao"],"_links":{"self":[{"href":"https:\/\/diariotribuna.com.br\/index.php?rest_route=\/wp\/v2\/posts\/32476"}],"collection":[{"href":"https:\/\/diariotribuna.com.br\/index.php?rest_route=\/wp\/v2\/posts"}],"about":[{"href":"https:\/\/diariotribuna.com.br\/index.php?rest_route=\/wp\/v2\/types\/post"}],"author":[{"embeddable":true,"href":"https:\/\/diariotribuna.com.br\/index.php?rest_route=\/wp\/v2\/users\/3"}],"replies":[{"embeddable":true,"href":"https:\/\/diariotribuna.com.br\/index.php?rest_route=%2Fwp%2Fv2%2Fcomments&post=32476"}],"version-history":[{"count":1,"href":"https:\/\/diariotribuna.com.br\/index.php?rest_route=\/wp\/v2\/posts\/32476\/revisions"}],"predecessor-version":[{"id":32477,"href":"https:\/\/diariotribuna.com.br\/index.php?rest_route=\/wp\/v2\/posts\/32476\/revisions\/32477"}],"wp:featuredmedia":[{"embeddable":true,"href":"https:\/\/diariotribuna.com.br\/index.php?rest_route=\/wp\/v2\/media\/32472"}],"wp:attachment":[{"href":"https:\/\/diariotribuna.com.br\/index.php?rest_route=%2Fwp%2Fv2%2Fmedia&parent=32476"}],"wp:term":[{"taxonomy":"category","embeddable":true,"href":"https:\/\/diariotribuna.com.br\/index.php?rest_route=%2Fwp%2Fv2%2Fcategories&post=32476"},{"taxonomy":"post_tag","embeddable":true,"href":"https:\/\/diariotribuna.com.br\/index.php?rest_route=%2Fwp%2Fv2%2Ftags&post=32476"}],"curies":[{"name":"wp","href":"https:\/\/api.w.org\/{rel}","templated":true}]}}