{"id":32478,"date":"2026-01-20T23:29:21","date_gmt":"2026-01-21T02:29:21","guid":{"rendered":"https:\/\/diariotribuna.com.br\/?p=32478"},"modified":"2026-01-21T06:30:09","modified_gmt":"2026-01-21T09:30:09","slug":"pm-realiza-prisao-de-autor-de-ameaca-e-dano-a-violencia-domestica-contra-a-mulher","status":"publish","type":"post","link":"https:\/\/diariotribuna.com.br\/?p=32478","title":{"rendered":"PM realiza pris\u00e3o de autor de amea\u00e7a e dano \u00e0 viol\u00eancia dom\u00e9stica contra a mulher"},"content":{"rendered":"<div class=\"wp-block-image\">\n<figure class=\"alignright size-full\"><img loading=\"lazy\" decoding=\"async\" width=\"346\" height=\"299\" src=\"https:\/\/diariotribuna.com.br\/wp-content\/uploads\/2026\/01\/image-15.png\" alt=\"\" class=\"wp-image-32479\" srcset=\"https:\/\/diariotribuna.com.br\/wp-content\/uploads\/2026\/01\/image-15.png 346w, https:\/\/diariotribuna.com.br\/wp-content\/uploads\/2026\/01\/image-15-300x259.png 300w\" sizes=\"(max-width: 346px) 100vw, 346px\" \/><\/figure><\/div>\n\n\n<p>Na quinta-feira (15\/1\/26), durante patrulhamento preventivo, uma equipe policial em Divisa Alegre foi acionada para atendimento de ocorr\u00eancia de amea\u00e7a e dano (autor quebrou a porta do quarto com um chute), no<br>contexto de viol\u00eancia dom\u00e9stica contra a mulher.<br>Ao chegar ao local dos fatos, o autor evadiu de bicicleta, sendo alcan\u00e7ado pela pol\u00edcia.<br>Devido ao estado de embriaguez e de agressividade por sua parte, foi necess\u00e1rio uso de t\u00e9cnicas de conten\u00e7\u00e3o. Foi<br>dada voz de pris\u00e3o ao autor pelos crimes de amea\u00e7a e dano, tendo seus direitos preservados.<\/p>\n\n\n\n<p>Por fim, o homem de 32 anos de idade foi encaminhado ao servi\u00e7o m\u00e9dico, levado a sede de Pol\u00edcia Militar para registro de ocorr\u00eancia e, posteriormente, encaminhado a delegacia de Pol\u00edcia Civil para encerramento da ocorr\u00eancia. <br><\/p>\n\n\n\n<p>15\u00aa RPM &#8211; 70\u00b0 BPM &#8211; O AGUERRIDO<\/p>\n\n\n\n<p>Pol\u00edcia Militar de Minas Gerais, 250 anos: A for\u00e7a do povo mineiro.<br>Presen\u00e7a que protege.<\/p>\n\n\n\n<p>DIVISA ALEGRE\/MG<\/p>\n","protected":false},"excerpt":{"rendered":"<p>Na quinta-feira (15\/1\/26), durante patrulhamento preventivo, uma equipe policial em Divisa Alegre foi acionada para atendimento de ocorr\u00eancia de amea\u00e7a e dano (autor quebrou a porta do quarto com um chute), nocontexto de viol\u00eancia dom\u00e9stica contra a mulher.Ao chegar ao local dos fatos, o autor evadiu de bicicleta, sendo alcan\u00e7ado pela pol\u00edcia.Devido ao estado de [&hellip;]<\/p>\n","protected":false},"author":3,"featured_media":32479,"comment_status":"open","ping_status":"open","sticky":false,"template":"","format":"standard","meta":{"rop_custom_images_group":[],"rop_custom_messages_group":[],"rop_publish_now":"initial","rop_publish_now_accounts":[],"rop_publish_now_history":[],"rop_publish_now_status":"pending","footnotes":""},"categories":[25,20,23],"tags":[],"class_list":["post-32478","post","type-post","status-publish","format-standard","has-post-thumbnail","hentry","category-destaque","category-policia","category-ultimaedicao"],"_links":{"self":[{"href":"https:\/\/diariotribuna.com.br\/index.php?rest_route=\/wp\/v2\/posts\/32478"}],"collection":[{"href":"https:\/\/diariotribuna.com.br\/index.php?rest_route=\/wp\/v2\/posts"}],"about":[{"href":"https:\/\/diariotribuna.com.br\/index.php?rest_route=\/wp\/v2\/types\/post"}],"author":[{"embeddable":true,"href":"https:\/\/diariotribuna.com.br\/index.php?rest_route=\/wp\/v2\/users\/3"}],"replies":[{"embeddable":true,"href":"https:\/\/diariotribuna.com.br\/index.php?rest_route=%2Fwp%2Fv2%2Fcomments&post=32478"}],"version-history":[{"count":1,"href":"https:\/\/diariotribuna.com.br\/index.php?rest_route=\/wp\/v2\/posts\/32478\/revisions"}],"predecessor-version":[{"id":32480,"href":"https:\/\/diariotribuna.com.br\/index.php?rest_route=\/wp\/v2\/posts\/32478\/revisions\/32480"}],"wp:featuredmedia":[{"embeddable":true,"href":"https:\/\/diariotribuna.com.br\/index.php?rest_route=\/wp\/v2\/media\/32479"}],"wp:attachment":[{"href":"https:\/\/diariotribuna.com.br\/index.php?rest_route=%2Fwp%2Fv2%2Fmedia&parent=32478"}],"wp:term":[{"taxonomy":"category","embeddable":true,"href":"https:\/\/diariotribuna.com.br\/index.php?rest_route=%2Fwp%2Fv2%2Fcategories&post=32478"},{"taxonomy":"post_tag","embeddable":true,"href":"https:\/\/diariotribuna.com.br\/index.php?rest_route=%2Fwp%2Fv2%2Ftags&post=32478"}],"curies":[{"name":"wp","href":"https:\/\/api.w.org\/{rel}","templated":true}]}}