{"id":32481,"date":"2026-01-21T10:31:02","date_gmt":"2026-01-21T13:31:02","guid":{"rendered":"https:\/\/diariotribuna.com.br\/?p=32481"},"modified":"2026-01-21T10:31:02","modified_gmt":"2026-01-21T13:31:02","slug":"faemg-mantem-mobilizacao-frente-a-crise-do-leite","status":"publish","type":"post","link":"https:\/\/diariotribuna.com.br\/?p=32481","title":{"rendered":"Faemg mant\u00e9m mobiliza\u00e7\u00e3o frente \u00e0 crise do leite\u00a0"},"content":{"rendered":"<p class=\"MsoNormal\"><span>FAEMG SENAR | Divulga\u00e7\u00e3o<\/span><\/p>\n<p><span><\/span><span><\/span><span><\/span><span><\/span><span><\/span><span><\/span><span><\/span><span><\/span><span><\/span><span><\/span><span><\/span><span><\/span><\/p>\n<p><span>A crise no setor leiteiro, agravada ao longo de 2025 e com reflexos que se estenderam para 2026, levou o Sistema Faemg Senar a intensificar a\u00e7\u00f5es institucionais, pol\u00edticas e t\u00e9cnicas em defesa dos produtores rurais de Minas Gerais. Diante da queda no pre\u00e7o pago ao produtor e do aumento expressivo das importa\u00e7\u00f5es de leite em p\u00f3, a entidade manteve atua\u00e7\u00e3o constante junto ao Governo Federal, ao Congresso Nacional e a organiza\u00e7\u00f5es representativas do setor agropecu\u00e1rio.<\/span><\/p>\n<p><span>Entre as iniciativas, o Sistema Faemg Senar promoveu, no fim de novembro de 2025, uma live especial para discutir a crise do leite, reunindo produtores, lideran\u00e7as e autoridades. O encontro apresentou dados que evidenciaram o desequil\u00edbrio do mercado: enquanto a produ\u00e7\u00e3o nacional cresceu cerca de 10%, o consumo interno avan\u00e7ou apenas 2%, ao mesmo tempo em que as importa\u00e7\u00f5es registraram alta de 7%.<\/span><\/p>\n<p><span>Como desdobramento da mobiliza\u00e7\u00e3o, o Sistema Faemg Senar organizou uma caravana com aproximadamente 60 produtores para participar, no dia 3 de dezembro, de uma audi\u00eancia p\u00fablica em Bras\u00edlia, requerida pela deputada federal Ana Paula Le\u00e3o. A iniciativa teve como objetivo pressionar o Governo Federal diante do agravamento da concorr\u00eancia com o leite em p\u00f3 importado, principalmente da Argentina e do Uruguai.<\/span><\/p>\n<p><span>| Para o presidente do Sistema Faemg Senar, Ant\u00f4nio de Salvo, a mobiliza\u00e7\u00e3o precisava ser estrat\u00e9gica. Ele destacou que n\u00e3o adianta adotar a\u00e7\u00f5es impulsivas, sendo necess\u00e1rio atuar com intelig\u00eancia, uni\u00e3o e presen\u00e7a pol\u00edtica para que o governo compreenda a gravidade da situa\u00e7\u00e3o e os preju\u00edzos causados aos produtores de leite, refor\u00e7ando que a articula\u00e7\u00e3o institucional \u00e9 fundamental para transformar o cen\u00e1rio com apoio pol\u00edtico e base t\u00e9cnica.<\/span><\/p>\n<p><span>A audi\u00eancia e as a\u00e7\u00f5es de articula\u00e7\u00e3o contaram com a participa\u00e7\u00e3o do secret\u00e1rio de Estado de Agricultura, Pecu\u00e1ria e Abastecimento de Minas Gerais, Thales Fernandes; do presidente da Comiss\u00e3o T\u00e9cnica de Pecu\u00e1ria de Leite da Faemg, J\u00f4nadan Ma; e do assessor t\u00e9cnico da Confedera\u00e7\u00e3o da Agricultura e Pecu\u00e1ria do Brasil (CNA), Guilherme Dias. Os representantes refor\u00e7aram a import\u00e2ncia da uni\u00e3o entre produtores, entidades e governos estaduais, al\u00e9m do papel do processo antidumping como instrumento legal para reequilibrar o mercado.<\/span><\/p>\n<p><strong><span>Investiga\u00e7\u00e3o antidumping e articula\u00e7\u00e3o pol\u00edtica<\/span><\/strong><\/p>\n<p><span>A atua\u00e7\u00e3o do Sistema Faemg Senar esteve diretamente ligada ao acompanhamento do processo antidumping conduzido pelo Minist\u00e9rio do Desenvolvimento, Ind\u00fastria, Com\u00e9rcio e Servi\u00e7os (MDIC). Ap\u00f3s a abertura da investiga\u00e7\u00e3o, em dezembro de 2024, o setor enfrentou novo rev\u00e9s em agosto de 2025, quando uma mudan\u00e7a na metodologia de an\u00e1lise passou a comparar apenas o leite em p\u00f3 importado com o nacional. Essa altera\u00e7\u00e3o resultou em um aumento de 28% nas importa\u00e7\u00f5es entre agosto e setembro e em nova queda nos pre\u00e7os pagos ao produtor.<\/span><\/p>\n<p><span>Diante desse cen\u00e1rio, a Faemg, ao lado da CNA e da Frente Parlamentar da Agropecu\u00e1ria (FPA), participou de reuni\u00f5es com autoridades federais e contribuiu com a apresenta\u00e7\u00e3o de novas provas t\u00e9cnicas. Ao longo de 2025, foram realizadas tr\u00eas audi\u00eancias p\u00fablicas, fortalecendo a press\u00e3o institucional por medidas emergenciais.<\/span><\/p>\n<p><span>O esfor\u00e7o resultou em um avan\u00e7o importante no in\u00edcio de dezembro, ap\u00f3s reuni\u00e3o no MDIC, em Bras\u00edlia, com a presen\u00e7a do ministro Geraldo Alckmin e de representantes do setor. Segundo J\u00f4nadan Ma, houve a revers\u00e3o do entendimento t\u00e9cnico que poderia interromper a investiga\u00e7\u00e3o antidumping contra as importa\u00e7\u00f5es de leite em p\u00f3 da Argentina e do Uruguai. Com isso, o processo seguiu em andamento, abrindo a possibilidade de ado\u00e7\u00e3o de tarifas provis\u00f3rias enquanto a apura\u00e7\u00e3o continuava.<\/span><\/p>\n<p><strong><span>Hist\u00f3rico de mobiliza\u00e7\u00e3o do setor<\/span><\/strong><\/p>\n<p><span>A mobiliza\u00e7\u00e3o liderada pelo Sistema Faemg Senar em 2025 deu continuidade a um hist\u00f3rico de a\u00e7\u00f5es em defesa da pecu\u00e1ria leiteira. Em mar\u00e7o de 2024, o movimento Minas Grita pelo Leite reuniu mais de 7 mil produtores rurais no Expominas, em Belo Horizonte, al\u00e9m de sindicatos, cooperativas e autoridades pol\u00edticas. Na ocasi\u00e3o, foi assinado um manifesto com reivindica\u00e7\u00f5es como a suspens\u00e3o de importa\u00e7\u00f5es subsidiadas, renegocia\u00e7\u00e3o de d\u00edvidas, inclus\u00e3o permanente do leite em programas sociais e amplia\u00e7\u00e3o da fiscaliza\u00e7\u00e3o.<\/span><\/p>\n<p><span>O Sistema Faemg Senar segue refor\u00e7ando o di\u00e1logo institucional, a mobiliza\u00e7\u00e3o dos produtores e o acompanhamento t\u00e9cnico das pol\u00edticas p\u00fablicas. As a\u00e7\u00f5es realizadas ao longo de 2025 demonstram a atua\u00e7\u00e3o constante da entidade diante dos movimentos do mercado e o empenho em buscar solu\u00e7\u00f5es legais e estruturais para proteger a renda dos produtores de leite e a sustentabilidade da atividade em Minas Gerais.<\/span><\/p>\n<p>\u00a0<\/p>","protected":false},"excerpt":{"rendered":"<p>FAEMG SENAR | Divulga\u00e7\u00e3o A crise no setor leiteiro, agravada ao longo de 2025 e com reflexos que se estenderam para 2026, levou o Sistema Faemg Senar a intensificar a\u00e7\u00f5es institucionais, pol\u00edticas e t\u00e9cnicas em defesa dos produtores rurais de Minas Gerais. Diante da queda no pre\u00e7o pago ao produtor e do aumento expressivo das [&hellip;]<\/p>\n","protected":false},"author":0,"featured_media":32482,"comment_status":"open","ping_status":"open","sticky":false,"template":"","format":"standard","meta":{"rop_custom_images_group":[],"rop_custom_messages_group":[],"rop_publish_now":"initial","rop_publish_now_accounts":[],"rop_publish_now_history":[],"rop_publish_now_status":"pending","footnotes":""},"categories":[6745],"tags":[],"class_list":["post-32481","post","type-post","status-publish","format-standard","has-post-thumbnail","hentry","category-coluna-sindijori"],"_links":{"self":[{"href":"https:\/\/diariotribuna.com.br\/index.php?rest_route=\/wp\/v2\/posts\/32481"}],"collection":[{"href":"https:\/\/diariotribuna.com.br\/index.php?rest_route=\/wp\/v2\/posts"}],"about":[{"href":"https:\/\/diariotribuna.com.br\/index.php?rest_route=\/wp\/v2\/types\/post"}],"replies":[{"embeddable":true,"href":"https:\/\/diariotribuna.com.br\/index.php?rest_route=%2Fwp%2Fv2%2Fcomments&post=32481"}],"version-history":[{"count":0,"href":"https:\/\/diariotribuna.com.br\/index.php?rest_route=\/wp\/v2\/posts\/32481\/revisions"}],"wp:featuredmedia":[{"embeddable":true,"href":"https:\/\/diariotribuna.com.br\/index.php?rest_route=\/wp\/v2\/media\/32482"}],"wp:attachment":[{"href":"https:\/\/diariotribuna.com.br\/index.php?rest_route=%2Fwp%2Fv2%2Fmedia&parent=32481"}],"wp:term":[{"taxonomy":"category","embeddable":true,"href":"https:\/\/diariotribuna.com.br\/index.php?rest_route=%2Fwp%2Fv2%2Fcategories&post=32481"},{"taxonomy":"post_tag","embeddable":true,"href":"https:\/\/diariotribuna.com.br\/index.php?rest_route=%2Fwp%2Fv2%2Ftags&post=32481"}],"curies":[{"name":"wp","href":"https:\/\/api.w.org\/{rel}","templated":true}]}}