{"id":32483,"date":"2026-01-21T11:53:07","date_gmt":"2026-01-21T14:53:07","guid":{"rendered":"https:\/\/diariotribuna.com.br\/?p=32483"},"modified":"2026-01-21T11:53:07","modified_gmt":"2026-01-21T14:53:07","slug":"arrecadacao-em-minas-avanca-72","status":"publish","type":"post","link":"https:\/\/diariotribuna.com.br\/?p=32483","title":{"rendered":"Arrecada\u00e7\u00e3o em Minas avan\u00e7a 7,2%\u00a0"},"content":{"rendered":"<p><em><span>Foto: Reprodu\u00e7\u00e3o Adobe Stock \/ Pedro Truffi Viotti de Almeida \/ DC<\/span><\/em><\/p>\n<p><strong><span>COLUNA MG<\/span><\/strong><br \/><span>Principais destaques dos jornais e portais integrantes da rede Sindijori MG\u00a0<\/span><br \/><span><a href=\"http:\/\/www.sindijorimg.com.br\/\">www.sindijorimg.com.br<\/a><\/span><\/p>\n<p><strong><span>\u00a0<\/span><\/strong><\/p>\n<p><strong><span>Arrecada\u00e7\u00e3o em Minas avan\u00e7a 7,2%\u00a0<\/span><\/strong><br \/><span>O governo de Minas Gerais acumulou R$ 113,2 bilh\u00f5es em arrecada\u00e7\u00f5es gerais em 2025, registrando alta de 7,2% frente aos R$ 105,5 bilh\u00f5es registrados em 2024. A amplia\u00e7\u00e3o foi impulsionada principalmente pelos setores de combust\u00edvel e energia, al\u00e9m do forte impacto da cadeia produtiva do agroneg\u00f3cio. Os dados foram coletados pela Secretaria de Estado de Fazenda (SEF) e analisados por tributaristas. Principal fonte de receita, o Imposto sobre Circula\u00e7\u00e3o de Mercadorias e Presta\u00e7\u00e3o de Servi\u00e7os (ICMS) apresentou um aumento de 7,19% no \u00faltimo ano, saltando de R$ 79,7 bilh\u00f5es para R$ 85,51 bilh\u00f5es. (Di\u00e1rio do Com\u00e9rcio)<\/span><br \/><span><a href=\"https:\/\/diariodocomercio.com.br\/economia\/arrecadacao-minas-gerais-avanca-totaliza-r-1132-bilhoes-2025\/\">https:\/\/diariodocomercio.com.br\/economia\/arrecadacao-minas-gerais-avanca-totaliza-r-1132-bilhoes-2025\/<\/a><\/span><\/p>\n<p><strong><span>Eduardo Cunha ser\u00e1 candidato em Minas<\/span><\/strong><br \/><span>Eduardo Cunha, ex-presidente da C\u00e2mara dos Deputados e figura central no processo que levou ao impeachment da ent\u00e3o presidente Dilma Rousseff em 2016, afirmou sua candidatura a deputado federal por Minas Gerais. Analistas apontam que a mudan\u00e7a de domic\u00edlio eleitoral do Rio de Janeiro para Minas Gerais n\u00e3o \u00e9 aleat\u00f3ria. Nos \u00faltimos anos, Cunha investiu na montagem de uma rede de r\u00e1dios evang\u00e9licas no estado mineiro, buscando consolidar uma base de apoio no eleitorado religioso. (O Debate \u2013 Varginha)<\/span><br \/><span><a href=\"https:\/\/www.odebatenoticias.com.br\/post\/eduardo-cunha-figura-central-da-crise-pol%C3%ADtica-de-2016-anuncia-candidatura-a-deputado-federal-por\">https:\/\/www.odebatenoticias.com.br\/post\/eduardo-cunha-figura-central-da-crise-pol%C3%ADtica-de-2016-anuncia-candidatura-a-deputado-federal-por<\/a><\/span><\/p>\n<p><strong><span>Tom Maior leva Uberaba para desfile<\/span><\/strong><br \/><span>Faltando tr\u00eas semanas para o Carnaval 2026, a Tom Maior intensifica os preparativos para o desfile no Grupo Especial de S\u00e3o Paulo. A escola levar\u00e1 para o Samb\u00f3dromo do Anhembi o enredo \u201cChico Xavier. Nas entrelinhas da alma, as ra\u00edzes do c\u00e9u em Uberaba\u201d, exaltando a trajet\u00f3ria do m\u00e9dium e a cidade mineira que marcou sua hist\u00f3ria. Atualmente, a Vermelho e Amarelo j\u00e1 est\u00e1 com 100% das alegorias prontas e trabalha nos \u00faltimos detalhes das fantasias que vestir\u00e3o os cerca de 1.500 componentes. (Jornal de Uberaba)<\/span><br \/><span><a href=\"https:\/\/www.jornaldeuberaba.com.br\/noticia\/138268\/uberaba-acompanha-reta-final-da-tom-maior-para-o-carnaval-2026\">https:\/\/www.jornaldeuberaba.com.br\/noticia\/138268\/uberaba-acompanha-reta-final-da-tom-maior-para-o-carnaval-2026<\/a><\/span><\/p>\n<p><strong><span>Caminhada chega domingo em Bras\u00edlia<\/span><\/strong><br \/><span>O deputado federal Nikolas Ferreira e seu colega parlamentar Gustavo Gayer iniciaram na tarde de segunda-feira, 19, uma marcha a p\u00e9 at\u00e9 Bras\u00edlia, cujo objetivo \u00e9 de mobilizar a opini\u00e3o p\u00fablico sobre as injusti\u00e7as praticadas por ministro do STF, membros da PGR e do governo federal. A previs\u00e3o \u00e9 que a caminhada termine na Capital Federal, seguida de uma manifesta\u00e7\u00e3o, fora da \u00e1rea de seguran\u00e7a da penitenci\u00e1ria da Papuda, onde os presos pol\u00edticos est\u00e3o encarcerados. Trata-se de uma manifesta\u00e7\u00e3o de protesto, batizada de \u201cCaminhada pela Justi\u00e7a e Liberdade\u201d contra pris\u00f5es injustas relacionadas aos eventos de 8 de janeiro de 2023. (Minas Conex\u00e3o)<\/span><br \/><span><a href=\"https:\/\/minasconexao.com.br\/caminhada-iniciada-ontem-em-paracatu-mg-chega-domingo-em-brasilia-e-pede-anistia-para-presos-politicos\/\">https:\/\/minasconexao.com.br\/caminhada-iniciada-ontem-em-paracatu-mg-chega-domingo-em-brasilia-e-pede-anistia-para-presos-politicos\/<\/a><\/span><\/p>\n<p><strong><span>Fluxo de aeroporto mineiro acima da m\u00e9dia<\/span><\/strong><br \/><span>Turismo, neg\u00f3cios e destinos naturais impulsionaram o fluxo no BH Airport, principal aeroporto de Minas Gerais, que alcan\u00e7ou um novo marco hist\u00f3rico ao ultrapassar a marca de 13,3 milh\u00f5es de passageiros em 2025. O resultado reflete a amplia\u00e7\u00e3o da conectividade a\u00e9rea do Estado e consolida o terminal de Confins como um dos principais hubs do Pa\u00eds. Ao longo do ano passado, 13.321.159 passageiros embarcaram ou desembarcaram pelo BH Airport, que estabeleceu um novo recorde de movimenta\u00e7\u00e3o. O volume representa um crescimento de 7,8% em rela\u00e7\u00e3o a 2024. (Cidade Conecta \u2013 Nova Lima)<\/span><br \/><span><a href=\"https:\/\/www.cidadeconecta.com\/noticias\/principal-aeroporto-de-minas-cresce-acima-da-media-nacional-em-2025\/\">https:\/\/www.cidadeconecta.com\/noticias\/principal-aeroporto-de-minas-cresce-acima-da-media-nacional-em-2025\/<\/a><\/span><\/p>\n<p><strong><span>Capital nacional do pijama \u00e9 de Minas<\/span><\/strong><br \/><span>O munic\u00edpio de Borda da Mata \u00e9 conhecido pelo t\u00edtulo de Capital Nacional do Pijama. A cidade \u00e9 um importante polo de confec\u00e7\u00e3o de pijamas h\u00e1 d\u00e9cadas e sua produ\u00e7\u00e3o \u00e9 visitada por pessoas de todo o Brasil e, al\u00e9m disso, tamb\u00e9m trata-se de um importante centro de distribui\u00e7\u00e3o e com\u00e9rcio, conectando a produ\u00e7\u00e3o local a lojas e consumidores em todo o pa\u00eds. Tendo a malharia como fonte vital de empregos e desenvolvimento econ\u00f4mico para a cidade e suas redondezas, Borda da Mata integra o Circuito Tur\u00edstico das Malhas do Sul de Minas. (Estrada Nacional)<\/span><br \/><span><a href=\"https:\/\/www.estradanacional.info\/post\/sul-de-minas-tem-capital-nacional-do-pijama\">https:\/\/www.estradanacional.info\/post\/sul-de-minas-tem-capital-nacional-do-pijama<\/a><\/span><\/p>\n<p><span><\/span><\/p>\n<p>\u00a0<\/p>","protected":false},"excerpt":{"rendered":"<p>Foto: Reprodu\u00e7\u00e3o Adobe Stock \/ Pedro Truffi Viotti de Almeida \/ DC COLUNA MGPrincipais destaques dos jornais e portais integrantes da rede Sindijori MG\u00a0www.sindijorimg.com.br \u00a0 Arrecada\u00e7\u00e3o em Minas avan\u00e7a 7,2%\u00a0O governo de Minas Gerais acumulou R$ 113,2 bilh\u00f5es em arrecada\u00e7\u00f5es gerais em 2025, registrando alta de 7,2% frente aos R$ 105,5 bilh\u00f5es registrados em 2024. [&hellip;]<\/p>\n","protected":false},"author":0,"featured_media":32484,"comment_status":"open","ping_status":"open","sticky":false,"template":"","format":"standard","meta":{"rop_custom_images_group":[],"rop_custom_messages_group":[],"rop_publish_now":"initial","rop_publish_now_accounts":[],"rop_publish_now_history":[],"rop_publish_now_status":"pending","footnotes":""},"categories":[6745],"tags":[],"class_list":["post-32483","post","type-post","status-publish","format-standard","has-post-thumbnail","hentry","category-coluna-sindijori"],"_links":{"self":[{"href":"https:\/\/diariotribuna.com.br\/index.php?rest_route=\/wp\/v2\/posts\/32483"}],"collection":[{"href":"https:\/\/diariotribuna.com.br\/index.php?rest_route=\/wp\/v2\/posts"}],"about":[{"href":"https:\/\/diariotribuna.com.br\/index.php?rest_route=\/wp\/v2\/types\/post"}],"replies":[{"embeddable":true,"href":"https:\/\/diariotribuna.com.br\/index.php?rest_route=%2Fwp%2Fv2%2Fcomments&post=32483"}],"version-history":[{"count":0,"href":"https:\/\/diariotribuna.com.br\/index.php?rest_route=\/wp\/v2\/posts\/32483\/revisions"}],"wp:featuredmedia":[{"embeddable":true,"href":"https:\/\/diariotribuna.com.br\/index.php?rest_route=\/wp\/v2\/media\/32484"}],"wp:attachment":[{"href":"https:\/\/diariotribuna.com.br\/index.php?rest_route=%2Fwp%2Fv2%2Fmedia&parent=32483"}],"wp:term":[{"taxonomy":"category","embeddable":true,"href":"https:\/\/diariotribuna.com.br\/index.php?rest_route=%2Fwp%2Fv2%2Fcategories&post=32483"},{"taxonomy":"post_tag","embeddable":true,"href":"https:\/\/diariotribuna.com.br\/index.php?rest_route=%2Fwp%2Fv2%2Ftags&post=32483"}],"curies":[{"name":"wp","href":"https:\/\/api.w.org\/{rel}","templated":true}]}}