{"id":32490,"date":"2026-01-22T12:05:45","date_gmt":"2026-01-22T15:05:45","guid":{"rendered":"https:\/\/diariotribuna.com.br\/?p=32490"},"modified":"2026-01-22T12:05:45","modified_gmt":"2026-01-22T15:05:45","slug":"saude-em-ipatinga-perto-do-colapso","status":"publish","type":"post","link":"https:\/\/diariotribuna.com.br\/?p=32490","title":{"rendered":"Sa\u00fade em Ipatinga perto do colapso\u00a0"},"content":{"rendered":"<p><em><span>Foto: Jornal Classivale<\/span><\/em><\/p>\n<p><strong><span>COLUNA MG<\/span><\/strong><br \/><span>Principais destaques dos jornais e portais integrantes da rede Sindijori MG\u00a0<\/span><br \/><span><a href=\"http:\/\/www.sindijorimg.com.br\/\">www.sindijorimg.com.br<\/a><\/span><\/p>\n<p><strong><span>\u00a0<\/span><\/strong><\/p>\n<p><strong><span>Sa\u00fade em Ipatinga perto do colapso<\/span><\/strong><br \/><span>A Unidade de Pronto Atendimento (UPA) de Ipatinga opera atualmente com mais de 200% da capacidade, com 44 pacientes internados, segundo dados oficiais da Secretaria Municipal de Sa\u00fade. O cen\u00e1rio exp\u00f5e uma realidade que j\u00e1 se arrasta h\u00e1 meses: superlota\u00e7\u00e3o constante, demora no atendimento e press\u00e3o sobre profissionais e usu\u00e1rios do sistema. O Hospital Municipal Eliane Martins tamb\u00e9m enfrenta alta demanda, operando com 105% de ocupa\u00e7\u00e3o, o que demonstra que o problema n\u00e3o est\u00e1 restrito \u00e0 UPA, mas afeta toda a rede p\u00fablica de sa\u00fade do munic\u00edpio. (Jornal Classivale)<\/span><br \/><span><a href=\"https:\/\/jornalclassivale.com.br\/noticia\/5212\/upa-de-ipatinga-opera-com-mais-de-200-da-capacidade-e-evidencia-colapso-na-saude-publica\">https:\/\/jornalclassivale.com.br\/noticia\/5212\/upa-de-ipatinga-opera-com-mais-de-200-da-capacidade-e-evidencia-colapso-na-saude-publica<\/a><\/span><\/p>\n<p><strong><span>Caet\u00e9 debate parque de exposi\u00e7\u00f5es<\/span><\/strong><br \/><span>Acontece na pr\u00f3xima quarta-feira, 28, a partir das 9 horas da manh\u00e3, no pr\u00e9dio do Centro de Artes e Esportes Unificados (CEU) no Bairro Bonsucesso, a Audi\u00eancia P\u00fablica convocada pela Prefeitura para fins de discuss\u00e3o do projeto que cria o Parque de Exposi\u00e7\u00f5es da cidade. O empreendimento ser\u00e1 erguido em terreno cedido pela Associa\u00e7\u00e3o Clube do Cavalo de Caet\u00e9, que tem sede pr\u00f3pria na Avenida Jo\u00e3o Pinheiro, no Centro Hist\u00f3rico da cidade. (Jornal Opini\u00e3o)<\/span><br \/><span><a href=\"https:\/\/www.opiniaocaete.com.br\/audiencia-publica-sobre-construcao-de-parque-de-exposicoes-em-caete-acontece-na-proxima-semana\/\">https:\/\/www.opiniaocaete.com.br\/audiencia-publica-sobre-construcao-de-parque-de-exposicoes-em-caete-acontece-na-proxima-semana\/<\/a><\/span><\/p>\n<p><strong><span>Cristo de Po\u00e7os \u00e9 patrim\u00f4nio<\/span><\/strong><br \/><span>Foi publicada no Di\u00e1rio Oficial do Estado da \u00faltima ter\u00e7a-feira (20), a Lei N\u00ba 25.743, que reconhece como de relevante interesse cultural do Estado a est\u00e1tua do Cristo Redentor localizada na Serra de S\u00e3o Domingos, no munic\u00edpio de Po\u00e7os de Caldas. A est\u00e1tua \u00e9 um dos principais pontos tur\u00edsticos e um dos mais reconhecidos cart\u00f5es-postais da cidade. O projeto tem por objetivo valorizar bens, express\u00f5es e manifesta\u00e7\u00f5es culturais dos diferentes grupos formadores da sociedade mineira, conforme previsto na Lei que instituiu o t\u00edtulo de relevante interesse cultural do Estado, a ser conferido pelo Poder Legislativo, por meio de lei espec\u00edfica. (Jornal Mantiqueira)<\/span><br \/><span><a href=\"https:\/\/www.jornalmantiqueira.com.br\/2026\/01\/21\/cristo-redentor-de-pocos-e-reconhecido-como-patrimonio-de-interesse-cultural-do-estado\/\">https:\/\/www.jornalmantiqueira.com.br\/2026\/01\/21\/cristo-redentor-de-pocos-e-reconhecido-como-patrimonio-de-interesse-cultural-do-estado\/<\/a><\/span><\/p>\n<p><span><\/span><\/p>\n<p><strong><span>JF tem vencedor no Oscar da Voz<\/span><\/strong><br \/><span>Juiz de Fora e a cidade de Pira\u00faba, na Zona da Mata, foram representadas com vit\u00f3rias no Society of Voice Arts and Sciences (SOVAS) Awards 2025, considerado o \u201cOscar da Voz\u201d, no \u00faltimo domingo (18), em Los Angeles. A dubladora Andressa Mello e o locutor Fabiano Vieira foram premiados na 12\u00aa edi\u00e7\u00e3o da cerim\u00f4nia, que re\u00fane profissionais da \u00e1rea da voz de todo o mundo em mais de 100 categorias, entre elas anima\u00e7\u00e3o cinematogr\u00e1fica, dublagem, publicidade, audiolivros e audiodescri\u00e7\u00e3o. (Tribuna de Minas)<\/span><br \/><span><a href=\"https:\/\/tribunademinas.com.br\/noticias\/cultura\/21-01-2026\/oscar-da-voz-jf.html\">https:\/\/tribunademinas.com.br\/noticias\/cultura\/21-01-2026\/oscar-da-voz-jf.html<\/a><\/span><\/p>\n<p><strong><span>Norte se destaca na Rede Sebrae<\/span><\/strong><br \/><span>A atua\u00e7\u00e3o da\u2019\u2019 Rede Aqui Tem Sebrae\u2019\u2019 no Norte de Minas foi reconhecida em \u00e2mbito estadual ap\u00f3s o desempenho de seus pontos de atendimento render quase quarenta certifica\u00e7\u00f5es concedidas pelo Sebrae Minas. Ao todo, a regional recebeu 39 selos, dos quais 24 correspondem ao n\u00edvel m\u00e1ximo de reconhecimento, a categoria Ouro. A certifica\u00e7\u00e3o integra o Selo Sebrae de Refer\u00eancia em Atendimento, entregue durante cerim\u00f4nia realizada em Belo Horizonte, na \u00faltima quarta-feira (10\/12). O evento reuniu aproximadamente mil participantes e contemplou 252 parceiros da Rede em todo o territ\u00f3rio mineiro. (Novo Jornal de Not\u00edcias)<\/span><br \/><span><a href=\"https:\/\/novojornaldenoticias.com\/noticias\/norte-de-minas-se-destaca-na-rede-sebrae\/\">https:\/\/novojornaldenoticias.com\/noticias\/norte-de-minas-se-destaca-na-rede-sebrae\/<\/a><\/span><\/p>\n<p><strong><span>Transa\u00e7\u00f5es imobili\u00e1rias digitalizadas<\/span><\/strong><br \/><span>A Secretaria Municipal de Fazenda de Divin\u00f3polis (Semfaz), informa que desdeo dia 12\/01 todas as transmiss\u00f5es de im\u00f3veis no munic\u00edpio dever\u00e3o ser realizadas exclusivamente em formato eletr\u00f4nico. A mudan\u00e7a marca o in\u00edcio da digitaliza\u00e7\u00e3o integral dos processos administrativos relacionados \u00e0 transfer\u00eancia de bens im\u00f3veis urbanos e rurais no munic\u00edpio, conforme estabelece a Portaria Semfaz-Sec n\u00ba 01, de 8 de janeiro de 2026. (Portal G37)<\/span><br \/><span><a href=\"https:\/\/g37.com.br\/divinopolis\/transmissoes-de-imoveis-em-divinopolis-passa-a-ser-100-online\/\">https:\/\/g37.com.br\/divinopolis\/transmissoes-de-imoveis-em-divinopolis-passa-a-ser-100-online\/<\/a><\/span><\/p>\n<p><strong><span>Calend\u00e1rio tem calend\u00e1rio de eventos<\/span><\/strong><br \/><span>Shows, festivais, competi\u00e7\u00f5es esportivas e encontros culturais marcam o calend\u00e1rio de eventos 2026 em Arax\u00e1, consolidando o munic\u00edpio como um dos principais polos de Minas Gerais. Ao longo do ano, a cidade ser\u00e1 palco de atra\u00e7\u00f5es que movimentam a economia local, fortalecem a rede hoteleira e ampliam as op\u00e7\u00f5es de lazer para moradores e visitantes. Segundo a secret\u00e1ria de Turismo, Alda Sandra, cada evento gera oportunidades para o com\u00e9rcio, bares, restaurantes e empreendedores locais. (Clarim Net)<\/span><br \/><span><a href=\"https:\/\/clarim.net.br\/calendario-de-eventos-2026-promete-impulsionar-o-turismo-e-a-economia-de-araxa\/\">https:\/\/clarim.net.br\/calendario-de-eventos-2026-promete-impulsionar-o-turismo-e-a-economia-de-araxa\/<\/a><\/span><\/p>\n<p><span><\/span><\/p>\n<p>\u00a0<\/p>","protected":false},"excerpt":{"rendered":"<p>Foto: Jornal Classivale COLUNA MGPrincipais destaques dos jornais e portais integrantes da rede Sindijori MG\u00a0www.sindijorimg.com.br \u00a0 Sa\u00fade em Ipatinga perto do colapsoA Unidade de Pronto Atendimento (UPA) de Ipatinga opera atualmente com mais de 200% da capacidade, com 44 pacientes internados, segundo dados oficiais da Secretaria Municipal de Sa\u00fade. O cen\u00e1rio exp\u00f5e uma realidade que [&hellip;]<\/p>\n","protected":false},"author":0,"featured_media":32491,"comment_status":"open","ping_status":"open","sticky":false,"template":"","format":"standard","meta":{"rop_custom_images_group":[],"rop_custom_messages_group":[],"rop_publish_now":"initial","rop_publish_now_accounts":[],"rop_publish_now_history":[],"rop_publish_now_status":"pending","footnotes":""},"categories":[6745],"tags":[],"class_list":["post-32490","post","type-post","status-publish","format-standard","has-post-thumbnail","hentry","category-coluna-sindijori"],"_links":{"self":[{"href":"https:\/\/diariotribuna.com.br\/index.php?rest_route=\/wp\/v2\/posts\/32490"}],"collection":[{"href":"https:\/\/diariotribuna.com.br\/index.php?rest_route=\/wp\/v2\/posts"}],"about":[{"href":"https:\/\/diariotribuna.com.br\/index.php?rest_route=\/wp\/v2\/types\/post"}],"replies":[{"embeddable":true,"href":"https:\/\/diariotribuna.com.br\/index.php?rest_route=%2Fwp%2Fv2%2Fcomments&post=32490"}],"version-history":[{"count":0,"href":"https:\/\/diariotribuna.com.br\/index.php?rest_route=\/wp\/v2\/posts\/32490\/revisions"}],"wp:featuredmedia":[{"embeddable":true,"href":"https:\/\/diariotribuna.com.br\/index.php?rest_route=\/wp\/v2\/media\/32491"}],"wp:attachment":[{"href":"https:\/\/diariotribuna.com.br\/index.php?rest_route=%2Fwp%2Fv2%2Fmedia&parent=32490"}],"wp:term":[{"taxonomy":"category","embeddable":true,"href":"https:\/\/diariotribuna.com.br\/index.php?rest_route=%2Fwp%2Fv2%2Fcategories&post=32490"},{"taxonomy":"post_tag","embeddable":true,"href":"https:\/\/diariotribuna.com.br\/index.php?rest_route=%2Fwp%2Fv2%2Ftags&post=32490"}],"curies":[{"name":"wp","href":"https:\/\/api.w.org\/{rel}","templated":true}]}}