{"id":32492,"date":"2026-01-22T23:43:43","date_gmt":"2026-01-23T02:43:43","guid":{"rendered":"https:\/\/diariotribuna.com.br\/?p=32492"},"modified":"2026-01-22T23:43:43","modified_gmt":"2026-01-23T02:43:43","slug":"sucessao-em-mg-tem-embate-entre-vice-governador-e-presidente-da-amm","status":"publish","type":"post","link":"https:\/\/diariotribuna.com.br\/?p=32492","title":{"rendered":"Sucess\u00e3o em MG tem embate entre vice governador e presidente da AMM\u00a0"},"content":{"rendered":"<p class=\"MsoNormal\"><span>AMM | Divulga\u00e7\u00e3o<\/span><span><\/span><\/p>\n<p><span><\/span><span><\/span><span><\/span><span><\/span><span><\/span><span><\/span><\/p>\n<p>O cen\u00e1rio da sucess\u00e3o ao Governo de Minas Gerais ganhou novos contornos ap\u00f3s um embate p\u00fablico entre o vice-governador <strong>Mateus Sim\u00f5es<\/strong> e o presidente da <strong>Associa\u00e7\u00e3o Mineira de Munic\u00edpios<\/strong> e prefeito de Patos de Minas,<strong> Lu\u00eds Eduardo Falc\u00e3o<\/strong>. Ambos s\u00e3o citados nos bastidores como poss\u00edveis nomes na disputa pela sucess\u00e3o do governador <strong>Romeu Zema.<\/strong><\/p>\n<p>O embate teve in\u00edcio ap\u00f3s cr\u00edticas envolvendo a colabora\u00e7\u00e3o das prefeituras no custeio de servi\u00e7os que s\u00e3o de responsabilidade do Estado, especialmente na \u00e1rea da seguran\u00e7a p\u00fablica. Em publica\u00e7\u00e3o nas redes sociais, o vice-governador ironizou a atua\u00e7\u00e3o do munic\u00edpio de Patos de Minas nesse apoio.<\/p>\n<p>| O vice-governador afirmou que, ap\u00f3s reclama\u00e7\u00f5es do prefeito, determinou o cancelamento de todo o apoio que a prefeitura oferecia \u00e0 Pol\u00edcia Militar no munic\u00edpio, alegando que, ap\u00f3s verifica\u00e7\u00e3o, essa colabora\u00e7\u00e3o se limitava \u00e0 cess\u00e3o de dois estagi\u00e1rios.<\/p>\n<p>A declara\u00e7\u00e3o provocou rea\u00e7\u00e3o imediata de Falc\u00e3o, que contestou a vers\u00e3o apresentada e ampliou o tom do debate, trazendo a discuss\u00e3o para a realidade enfrentada pelos munic\u00edpios do interior.<\/p>\n<p>| O prefeito lamentou a postura do vice-governador e afirmou que ela demonstra desconhecimento sobre o cotidiano das cidades fora da capital. Segundo ele, os munic\u00edpios convivem diariamente com os desafios enfrentados pela pol\u00edcia estadual, como baixo efetivo e falta de equipamentos adequados. Em Patos de Minas, a prefeitura mantinha 13 servidores cedidos \u00e0 Pol\u00edcia Civil, al\u00e9m do pagamento de aluguel e da disponibiliza\u00e7\u00e3o de estrutura f\u00edsica. Para Falc\u00e3o, minimizar esse apoio significa desconsiderar e ridicularizar o interior de Minas, que concentra cerca de 80% da popula\u00e7\u00e3o e tem papel central na din\u00e2mica econ\u00f4mica do estado.<\/p>\n<p>O epis\u00f3dio evidencia o acirramento do debate pol\u00edtico em torno da sucess\u00e3o estadual e refor\u00e7a o protagonismo do municipalismo no discurso de poss\u00edveis pr\u00e9-candidatos. A troca de cr\u00edticas p\u00fablicas tamb\u00e9m exp\u00f5e tens\u00f5es hist\u00f3ricas entre Estado e munic\u00edpios quanto \u00e0 divis\u00e3o de responsabilidades e recursos, tema recorrente na agenda pol\u00edtica mineira.<\/p>\n<p>\u00a0<\/p>","protected":false},"excerpt":{"rendered":"<p>AMM | Divulga\u00e7\u00e3o O cen\u00e1rio da sucess\u00e3o ao Governo de Minas Gerais ganhou novos contornos ap\u00f3s um embate p\u00fablico entre o vice-governador Mateus Sim\u00f5es e o presidente da Associa\u00e7\u00e3o Mineira de Munic\u00edpios e prefeito de Patos de Minas, Lu\u00eds Eduardo Falc\u00e3o. Ambos s\u00e3o citados nos bastidores como poss\u00edveis nomes na disputa pela sucess\u00e3o do governador [&hellip;]<\/p>\n","protected":false},"author":0,"featured_media":32493,"comment_status":"open","ping_status":"open","sticky":false,"template":"","format":"standard","meta":{"rop_custom_images_group":[],"rop_custom_messages_group":[],"rop_publish_now":"initial","rop_publish_now_accounts":[],"rop_publish_now_history":[],"rop_publish_now_status":"pending","footnotes":""},"categories":[6745],"tags":[],"class_list":["post-32492","post","type-post","status-publish","format-standard","has-post-thumbnail","hentry","category-coluna-sindijori"],"_links":{"self":[{"href":"https:\/\/diariotribuna.com.br\/index.php?rest_route=\/wp\/v2\/posts\/32492"}],"collection":[{"href":"https:\/\/diariotribuna.com.br\/index.php?rest_route=\/wp\/v2\/posts"}],"about":[{"href":"https:\/\/diariotribuna.com.br\/index.php?rest_route=\/wp\/v2\/types\/post"}],"replies":[{"embeddable":true,"href":"https:\/\/diariotribuna.com.br\/index.php?rest_route=%2Fwp%2Fv2%2Fcomments&post=32492"}],"version-history":[{"count":0,"href":"https:\/\/diariotribuna.com.br\/index.php?rest_route=\/wp\/v2\/posts\/32492\/revisions"}],"wp:featuredmedia":[{"embeddable":true,"href":"https:\/\/diariotribuna.com.br\/index.php?rest_route=\/wp\/v2\/media\/32493"}],"wp:attachment":[{"href":"https:\/\/diariotribuna.com.br\/index.php?rest_route=%2Fwp%2Fv2%2Fmedia&parent=32492"}],"wp:term":[{"taxonomy":"category","embeddable":true,"href":"https:\/\/diariotribuna.com.br\/index.php?rest_route=%2Fwp%2Fv2%2Fcategories&post=32492"},{"taxonomy":"post_tag","embeddable":true,"href":"https:\/\/diariotribuna.com.br\/index.php?rest_route=%2Fwp%2Fv2%2Ftags&post=32492"}],"curies":[{"name":"wp","href":"https:\/\/api.w.org\/{rel}","templated":true}]}}