{"id":32620,"date":"2026-02-04T20:21:14","date_gmt":"2026-02-04T23:21:14","guid":{"rendered":"https:\/\/diariotribuna.com.br\/?p=32620"},"modified":"2026-02-04T20:21:14","modified_gmt":"2026-02-04T23:21:14","slug":"produtor-nao-ha-lei-que-obrigue-o-uso-de-capacete-no-lugar-do-chapeu","status":"publish","type":"post","link":"https:\/\/diariotribuna.com.br\/?p=32620","title":{"rendered":"Produtor: n\u00e3o h\u00e1 lei que obrigue o uso de capacete no lugar do chap\u00e9u\u00a0"},"content":{"rendered":"<p><em>NR-31 n\u00e3o pro\u00edbe o uso do chap\u00e9u tradicional no campo<\/em><\/p>\n<p class=\"MsoNormal\"><span><span>FAEMG SENAR | Divulga\u00e7\u00e3o<\/span><\/span><\/p>\n<p><span><\/span><span><\/span><span><\/span><span><\/span><span><\/span><span><\/span><span><\/span><span><\/span><span><\/span><span><\/span><span><\/span><span><\/span><span><span><\/span><\/span><\/p>\n<p><span>Nos \u00faltimos dias, publica\u00e7\u00f5es em redes sociais e portais do agroneg\u00f3cio disseminaram a falsa informa\u00e7\u00e3o de que seria obrigat\u00f3ria a substitui\u00e7\u00e3o do chap\u00e9u pelo capacete no trabalho rural, sob pena de multa. O boato gerou apreens\u00e3o entre os produtores, especialmente por afetar um elemento tradicionalmente ligado \u00e0 identidade e ao modo de vida no campo.<\/span><\/p>\n<p><span>\u00c9 importante esclarecer que <strong>n\u00e3o houve qualquer altera\u00e7\u00e3o normativa recente<\/strong> sobre o tema. N\u00e3o existe nova lei que pro\u00edba o uso do chap\u00e9u ou determine a utiliza\u00e7\u00e3o generalizada de capacetes. O regramento vigente permanece inalterado: o capacete \u00e9 exigido apenas em situa\u00e7\u00f5es espec\u00edficas, conforme os riscos de cada atividade previamente identificados no <strong>Programa de Gerenciamento de Riscos no Trabalho Rural (PGRTR)<\/strong> e n\u00e3o de forma autom\u00e1tica ou sem an\u00e1lise t\u00e9cnica.<\/span><\/p>\n<p><span>A <strong>NR-31<\/strong> estabelece que os Equipamentos de Prote\u00e7\u00e3o Individual (EPIs) devem ser definidos a partir dos riscos reais da fun\u00e7\u00e3o. Cabe ao empregador fornecer a prote\u00e7\u00e3o adequada, inclusive para a cabe\u00e7a, apenas quando tecnicamente justificada nos termos da <strong>NR-06.<\/strong><\/span><\/p>\n<p><span>O <strong>PGRTR<\/strong> \u00e9 o instrumento respons\u00e1vel por consolidar essa avalia\u00e7\u00e3o. Na pr\u00e1tica, \u00e9 necess\u00e1rio analisar cada atividade para identificar perigos espec\u00edficos como impactos de objetos, choques el\u00e9tricos ou exposi\u00e7\u00e3o a agentes t\u00e9rmicos e adotar as prote\u00e7\u00f5es compat\u00edveis. Portanto, a norma n\u00e3o pro\u00edbe o chap\u00e9u tradicional, nem imp\u00f5e o capacete para toda atividade rural; a exig\u00eancia \u00e9 <strong>t\u00e9cnica e baseada no risco<\/strong>, caso a caso.<\/span><\/p>\n<p><span>O <strong>Sistema Faemg Senar<\/strong> segue acompanhando o tema e reafirma seu compromisso de orientar os produtores de forma segura e juridicamente respons\u00e1vel, atuando no esclarecimento de informa\u00e7\u00f5es distorcidas ou sensacionalistas que geram inseguran\u00e7a no setor.<\/span><\/p>\n<p><a href=\"https:\/\/www.sistemafaemg.org.br\/Content\/uploads\/noticias\/GFlc1770120051181.pdf\"><strong><span>Confira a Nota T\u00e9cnica elaborada pela CNA.<\/span><\/strong><\/a><\/p>\n<p>\u00a0<\/p>","protected":false},"excerpt":{"rendered":"<p>NR-31 n\u00e3o pro\u00edbe o uso do chap\u00e9u tradicional no campo FAEMG SENAR | Divulga\u00e7\u00e3o Nos \u00faltimos dias, publica\u00e7\u00f5es em redes sociais e portais do agroneg\u00f3cio disseminaram a falsa informa\u00e7\u00e3o de que seria obrigat\u00f3ria a substitui\u00e7\u00e3o do chap\u00e9u pelo capacete no trabalho rural, sob pena de multa. O boato gerou apreens\u00e3o entre os produtores, especialmente por [&hellip;]<\/p>\n","protected":false},"author":0,"featured_media":32621,"comment_status":"open","ping_status":"open","sticky":false,"template":"","format":"standard","meta":{"rop_custom_images_group":[],"rop_custom_messages_group":[],"rop_publish_now":"initial","rop_publish_now_accounts":[],"rop_publish_now_history":[],"rop_publish_now_status":"pending","footnotes":""},"categories":[6745],"tags":[],"class_list":["post-32620","post","type-post","status-publish","format-standard","has-post-thumbnail","hentry","category-coluna-sindijori"],"_links":{"self":[{"href":"https:\/\/diariotribuna.com.br\/index.php?rest_route=\/wp\/v2\/posts\/32620"}],"collection":[{"href":"https:\/\/diariotribuna.com.br\/index.php?rest_route=\/wp\/v2\/posts"}],"about":[{"href":"https:\/\/diariotribuna.com.br\/index.php?rest_route=\/wp\/v2\/types\/post"}],"replies":[{"embeddable":true,"href":"https:\/\/diariotribuna.com.br\/index.php?rest_route=%2Fwp%2Fv2%2Fcomments&post=32620"}],"version-history":[{"count":0,"href":"https:\/\/diariotribuna.com.br\/index.php?rest_route=\/wp\/v2\/posts\/32620\/revisions"}],"wp:featuredmedia":[{"embeddable":true,"href":"https:\/\/diariotribuna.com.br\/index.php?rest_route=\/wp\/v2\/media\/32621"}],"wp:attachment":[{"href":"https:\/\/diariotribuna.com.br\/index.php?rest_route=%2Fwp%2Fv2%2Fmedia&parent=32620"}],"wp:term":[{"taxonomy":"category","embeddable":true,"href":"https:\/\/diariotribuna.com.br\/index.php?rest_route=%2Fwp%2Fv2%2Fcategories&post=32620"},{"taxonomy":"post_tag","embeddable":true,"href":"https:\/\/diariotribuna.com.br\/index.php?rest_route=%2Fwp%2Fv2%2Ftags&post=32620"}],"curies":[{"name":"wp","href":"https:\/\/api.w.org\/{rel}","templated":true}]}}