{"id":32630,"date":"2026-02-06T18:06:58","date_gmt":"2026-02-06T21:06:58","guid":{"rendered":"https:\/\/diariotribuna.com.br\/?p=32630"},"modified":"2026-02-06T18:06:58","modified_gmt":"2026-02-06T21:06:58","slug":"prefeituras-mineiras-terao-r-500-milhoes-no-edital-bdmg-municipios-2026-para-financiar-infraestrutura-e-sustentabilidade","status":"publish","type":"post","link":"https:\/\/diariotribuna.com.br\/?p=32630","title":{"rendered":"Prefeituras mineiras ter\u00e3o R$ 500 milh\u00f5es no Edital BDMG Munic\u00edpios 2026 para financiar infraestrutura e sustentabilidade\u00a0"},"content":{"rendered":"<p><span><strong>Maior volume da hist\u00f3ria do programa amplia projetos financi\u00e1veis e permite ades\u00e3o antes da defini\u00e7\u00e3o do investimento<\/strong><\/span><\/p>\n<p><span>As prefeituras de Minas Gerais ter\u00e3o acesso a <strong>R$ 500 milh\u00f5es em cr\u00e9dito<\/strong> por meio do Edital BDMG Munic\u00edpios 2026, lan\u00e7ado nesta semana pelo <strong>Banco de Desenvolvimento de Minas Gerais<\/strong>. O volume \u00e9 o maior j\u00e1 disponibilizado na hist\u00f3ria do programa e representa um aumento de <strong>25% em rela\u00e7\u00e3o \u00e0 edi\u00e7\u00e3o de 2025<\/strong>. Os gestores municipais t\u00eam at\u00e9 <strong>20 de mar\u00e7o<\/strong> para aderir ao edital.<\/span><\/p>\n<p><span><strong>Amplia\u00e7\u00e3o de projetos e mais autonomia aos munic\u00edpios<\/strong><\/span><\/p>\n<p><span>Entre as principais novidades do Edital 2026 est\u00e1 a amplia\u00e7\u00e3o do leque de projetos financi\u00e1veis nas \u00e1reas de <strong>infraestrutura<\/strong> e <strong>sustentabilidade<\/strong>. Pela primeira vez, os prefeitos poder\u00e3o <strong>aderir ao edital antes mesmo de definir o projeto espec\u00edfico<\/strong>, o que oferece mais flexibilidade para planejar investimentos de acordo com as prioridades locais.<\/span><\/p>\n<p><strong><span>Condi\u00e7\u00f5es facilitadas de financiamento<\/span><\/strong><\/p>\n<p><span>Os financiamentos contam com p<strong>razos de at\u00e9 dez anos para pagamento<\/strong>, incluindo <strong>18 meses de car\u00eancia<\/strong>. A taxa de juros \u00e9<strong> unificada e acess\u00edvel para todos os itens financi\u00e1veis<\/strong>, a partir de <strong>0,47% ao m\u00eas, acrescida da Selic<\/strong>, o que garante previsibilidade e melhores condi\u00e7\u00f5es para o planejamento financeiro das administra\u00e7\u00f5es municipais.<\/span><\/p>\n<p><strong><span>Contrata\u00e7\u00e3o digital e acesso simplificado<\/span><\/strong><\/p>\n<p><span>A contrata\u00e7\u00e3o do cr\u00e9dito poder\u00e1 ser feita de forma <strong>100% digital<\/strong>, diretamente pelo site do BDMG, o que agiliza os processos e reduz a burocracia para os munic\u00edpios. Todas as informa\u00e7\u00f5es detalhadas sobre o Edital BDMG Munic\u00edpios 2026 est\u00e3o dispon\u00edveis em <strong><a href=\"https:\/\/www.bdmg.mg.gov.br\/\">bdmg.mg.gov.br.<\/a><\/strong><\/span><\/p>\n<p><span>Com o novo edital, o BDMG refor\u00e7a seu papel estrat\u00e9gico no apoio ao desenvolvimento dos munic\u00edpios mineiros, estimulando investimentos estruturantes, melhoria dos servi\u00e7os p\u00fablicos e a\u00e7\u00f5es voltadas \u00e0 sustentabilidade e \u00e0 moderniza\u00e7\u00e3o da gest\u00e3o local.<\/span><\/p>\n<p>\u00a0<\/p>","protected":false},"excerpt":{"rendered":"<p>Maior volume da hist\u00f3ria do programa amplia projetos financi\u00e1veis e permite ades\u00e3o antes da defini\u00e7\u00e3o do investimento As prefeituras de Minas Gerais ter\u00e3o acesso a R$ 500 milh\u00f5es em cr\u00e9dito por meio do Edital BDMG Munic\u00edpios 2026, lan\u00e7ado nesta semana pelo Banco de Desenvolvimento de Minas Gerais. O volume \u00e9 o maior j\u00e1 disponibilizado na [&hellip;]<\/p>\n","protected":false},"author":0,"featured_media":32631,"comment_status":"open","ping_status":"open","sticky":false,"template":"","format":"standard","meta":{"rop_custom_images_group":[],"rop_custom_messages_group":[],"rop_publish_now":"initial","rop_publish_now_accounts":[],"rop_publish_now_history":[],"rop_publish_now_status":"pending","footnotes":""},"categories":[6745],"tags":[],"class_list":["post-32630","post","type-post","status-publish","format-standard","has-post-thumbnail","hentry","category-coluna-sindijori"],"_links":{"self":[{"href":"https:\/\/diariotribuna.com.br\/index.php?rest_route=\/wp\/v2\/posts\/32630"}],"collection":[{"href":"https:\/\/diariotribuna.com.br\/index.php?rest_route=\/wp\/v2\/posts"}],"about":[{"href":"https:\/\/diariotribuna.com.br\/index.php?rest_route=\/wp\/v2\/types\/post"}],"replies":[{"embeddable":true,"href":"https:\/\/diariotribuna.com.br\/index.php?rest_route=%2Fwp%2Fv2%2Fcomments&post=32630"}],"version-history":[{"count":0,"href":"https:\/\/diariotribuna.com.br\/index.php?rest_route=\/wp\/v2\/posts\/32630\/revisions"}],"wp:featuredmedia":[{"embeddable":true,"href":"https:\/\/diariotribuna.com.br\/index.php?rest_route=\/wp\/v2\/media\/32631"}],"wp:attachment":[{"href":"https:\/\/diariotribuna.com.br\/index.php?rest_route=%2Fwp%2Fv2%2Fmedia&parent=32630"}],"wp:term":[{"taxonomy":"category","embeddable":true,"href":"https:\/\/diariotribuna.com.br\/index.php?rest_route=%2Fwp%2Fv2%2Fcategories&post=32630"},{"taxonomy":"post_tag","embeddable":true,"href":"https:\/\/diariotribuna.com.br\/index.php?rest_route=%2Fwp%2Fv2%2Ftags&post=32630"}],"curies":[{"name":"wp","href":"https:\/\/api.w.org\/{rel}","templated":true}]}}