{"id":32876,"date":"2026-03-10T15:57:20","date_gmt":"2026-03-10T18:57:20","guid":{"rendered":"https:\/\/diariotribuna.com.br\/?p=32876"},"modified":"2026-03-10T15:58:11","modified_gmt":"2026-03-10T18:58:11","slug":"autores-de-roubo-sao-presos-material-recuperado-emotos-clonadas-sao-apreendidas-em-padre-paraiso","status":"publish","type":"post","link":"https:\/\/diariotribuna.com.br\/?p=32876","title":{"rendered":"Autores de roubo s\u00e3o presos, material recuperado emotos clonadas s\u00e3o apreendidas em Padre Para\u00edso"},"content":{"rendered":"<div class=\"wp-block-image\">\n<figure class=\"alignright size-full\"><img loading=\"lazy\" decoding=\"async\" width=\"451\" height=\"416\" src=\"https:\/\/diariotribuna.com.br\/wp-content\/uploads\/2026\/03\/image-6.png\" alt=\"\" class=\"wp-image-32877\" srcset=\"https:\/\/diariotribuna.com.br\/wp-content\/uploads\/2026\/03\/image-6.png 451w, https:\/\/diariotribuna.com.br\/wp-content\/uploads\/2026\/03\/image-6-300x277.png 300w\" sizes=\"(max-width: 451px) 100vw, 451px\" \/><\/figure><\/div>\n\n\n<p>A Pol\u00edcia Militar de Minas Gerais realizou,<br>no s\u00e1bado (07\/03), a pris\u00e3o de tr\u00eas indiv\u00edduos envolvidos em um roubo ocorrido na comunidade de Abelha Brava, zona rural de Padre Para\u00edso.<br>A v\u00edtima, uma idosa de 70 anos, foi rendida pelos criminosos e teve diversos bens subtra\u00eddos durante a a\u00e7\u00e3o criminosa.<br>Ap\u00f3s dilig\u00eancias e levantamentos realizados<br>pelos militares, foi poss\u00edvel localizar e prender<br>3 autores envolvidos no crime. Durante a opera\u00e7\u00e3o, os policiais tamb\u00e9m conseguiram recuperar os materiais roubados, sendo uma motosserra, um botij\u00e3o de g\u00e1s e uma caixa de som, que pertenciam \u00e0 v\u00edtima. Na a\u00e7\u00e3o, foram ainda apreendidos 1 arma de fogo e 1 simulacro, al\u00e9m da apreens\u00e3o de 3 tr\u00eas motocicletas, sendo duas clonadas e uma utilizada diretamente na pr\u00e1tica do roubo.<br>Os autores presos, juntamente com todo o material apreendido, foram encaminhados \u00e0 Delegacia de Pol\u00edcia Civil, para as provid\u00eancias cab\u00edveis.<br>A Pol\u00edcia Militar refor\u00e7a seu compromisso com a seguran\u00e7a da popula\u00e7\u00e3o, especialmente nas  comu-nidades rurais, e destaca a import\u00e2ncia da colabora\u00e7\u00e3o da sociedade por meio de den\u00fancias que auxi <br>liem no combate \u00e0 criminalidade. <\/p>\n\n\n\n<p>15\u00aa RPM &#8211; 70\u00ba BPM &#8211;  O AGUERRIDO &#8211; 3\u00b0PEL\/80\u00aaCIA\/ &#8211; PADRE PARA\u00cdSO\/MG<\/p>\n\n\n\n<p>Pol\u00edcia Militar de Minas Gerais, 250 anos.<\/p>\n\n\n\n<p> Afor\u00e7a do povo mineiro.<br>Presen\u00e7a que protege.<\/p>\n","protected":false},"excerpt":{"rendered":"<p>A Pol\u00edcia Militar de Minas Gerais realizou,no s\u00e1bado (07\/03), a pris\u00e3o de tr\u00eas indiv\u00edduos envolvidos em um roubo ocorrido na comunidade de Abelha Brava, zona rural de Padre Para\u00edso.A v\u00edtima, uma idosa de 70 anos, foi rendida pelos criminosos e teve diversos bens subtra\u00eddos durante a a\u00e7\u00e3o criminosa.Ap\u00f3s dilig\u00eancias e levantamentos realizadospelos militares, foi poss\u00edvel [&hellip;]<\/p>\n","protected":false},"author":3,"featured_media":32877,"comment_status":"open","ping_status":"open","sticky":false,"template":"","format":"standard","meta":{"rop_custom_images_group":[],"rop_custom_messages_group":[],"rop_publish_now":"initial","rop_publish_now_accounts":[],"rop_publish_now_history":[],"rop_publish_now_status":"pending","footnotes":""},"categories":[25,20,18,23],"tags":[],"class_list":["post-32876","post","type-post","status-publish","format-standard","has-post-thumbnail","hentry","category-destaque","category-policia","category-regiao","category-ultimaedicao"],"_links":{"self":[{"href":"https:\/\/diariotribuna.com.br\/index.php?rest_route=\/wp\/v2\/posts\/32876"}],"collection":[{"href":"https:\/\/diariotribuna.com.br\/index.php?rest_route=\/wp\/v2\/posts"}],"about":[{"href":"https:\/\/diariotribuna.com.br\/index.php?rest_route=\/wp\/v2\/types\/post"}],"author":[{"embeddable":true,"href":"https:\/\/diariotribuna.com.br\/index.php?rest_route=\/wp\/v2\/users\/3"}],"replies":[{"embeddable":true,"href":"https:\/\/diariotribuna.com.br\/index.php?rest_route=%2Fwp%2Fv2%2Fcomments&post=32876"}],"version-history":[{"count":1,"href":"https:\/\/diariotribuna.com.br\/index.php?rest_route=\/wp\/v2\/posts\/32876\/revisions"}],"predecessor-version":[{"id":32878,"href":"https:\/\/diariotribuna.com.br\/index.php?rest_route=\/wp\/v2\/posts\/32876\/revisions\/32878"}],"wp:featuredmedia":[{"embeddable":true,"href":"https:\/\/diariotribuna.com.br\/index.php?rest_route=\/wp\/v2\/media\/32877"}],"wp:attachment":[{"href":"https:\/\/diariotribuna.com.br\/index.php?rest_route=%2Fwp%2Fv2%2Fmedia&parent=32876"}],"wp:term":[{"taxonomy":"category","embeddable":true,"href":"https:\/\/diariotribuna.com.br\/index.php?rest_route=%2Fwp%2Fv2%2Fcategories&post=32876"},{"taxonomy":"post_tag","embeddable":true,"href":"https:\/\/diariotribuna.com.br\/index.php?rest_route=%2Fwp%2Fv2%2Ftags&post=32876"}],"curies":[{"name":"wp","href":"https:\/\/api.w.org\/{rel}","templated":true}]}}