{"id":32879,"date":"2026-03-10T17:21:37","date_gmt":"2026-03-10T20:21:37","guid":{"rendered":"https:\/\/diariotribuna.com.br\/?p=32879"},"modified":"2026-03-10T17:22:12","modified_gmt":"2026-03-10T20:22:12","slug":"motociclista-de-31-anos-morre-em-apos-acidente-no-bairro-matinha-teofilo-otoni","status":"publish","type":"post","link":"https:\/\/diariotribuna.com.br\/?p=32879","title":{"rendered":"Motociclista de 31 anos morre em ap\u00f3s acidente no bairro Matinha, Te\u00f3filo Otoni"},"content":{"rendered":"<div class=\"wp-block-image\">\n<figure class=\"alignright size-full\"><img loading=\"lazy\" decoding=\"async\" width=\"468\" height=\"395\" src=\"https:\/\/diariotribuna.com.br\/wp-content\/uploads\/2026\/03\/image-7.png\" alt=\"\" class=\"wp-image-32880\" srcset=\"https:\/\/diariotribuna.com.br\/wp-content\/uploads\/2026\/03\/image-7.png 468w, https:\/\/diariotribuna.com.br\/wp-content\/uploads\/2026\/03\/image-7-300x253.png 300w\" sizes=\"(max-width: 468px) 100vw, 468px\" \/><\/figure><\/div>\n\n\n<p>Um acidente envolvendo uma motocicleta terminou em morte no bairro Matinha, em Te\u00f3filo Otoni. A v\u00edtima foi identificada como Adriano Martins dos Santos, de 31 anos.<br>Segundo informa\u00e7\u00f5es, o motociclista seguia pela Rua Elv\u00e9cio Dantas quando, por motivos ainda n\u00e3o esclarecidos, perdeu o controle da moto. Durante a queda, o capacete acabou se soltando e Adriano colidiu contra um carro que estava estacionado na via.<br>Uma equipe do Servi\u00e7o de Atendimento M\u00f3vel de Urg\u00eancia (SAMU) foi acionada e prestou socorro \u00e0 v\u00edtima. Os socorristas chegaram a realizar procedimentos de reanima\u00e7\u00e3o e o homem foi encaminhado ao Hospital Santa Ros\u00e1lia, mas infelizmente n\u00e3o resistiu aos ferimentos.<br>Ap\u00f3s os tr\u00e2mites legais, o corpo foi levado para o Instituto M\u00e9dico Legal (IML) de Te\u00f3filo Otoni. Familiares e amigos lamentam a perda. Nossos sentimentos neste momento de dor.<\/p>\n","protected":false},"excerpt":{"rendered":"<p>Um acidente envolvendo uma motocicleta terminou em morte no bairro Matinha, em Te\u00f3filo Otoni. A v\u00edtima foi identificada como Adriano Martins dos Santos, de 31 anos.Segundo informa\u00e7\u00f5es, o motociclista seguia pela Rua Elv\u00e9cio Dantas quando, por motivos ainda n\u00e3o esclarecidos, perdeu o controle da moto. Durante a queda, o capacete acabou se soltando e Adriano [&hellip;]<\/p>\n","protected":false},"author":3,"featured_media":32880,"comment_status":"open","ping_status":"open","sticky":false,"template":"","format":"standard","meta":{"rop_custom_images_group":[],"rop_custom_messages_group":[],"rop_publish_now":"initial","rop_publish_now_accounts":[],"rop_publish_now_history":[],"rop_publish_now_status":"pending","footnotes":""},"categories":[25,17,23],"tags":[],"class_list":["post-32879","post","type-post","status-publish","format-standard","has-post-thumbnail","hentry","category-destaque","category-teofilootoni","category-ultimaedicao"],"_links":{"self":[{"href":"https:\/\/diariotribuna.com.br\/index.php?rest_route=\/wp\/v2\/posts\/32879"}],"collection":[{"href":"https:\/\/diariotribuna.com.br\/index.php?rest_route=\/wp\/v2\/posts"}],"about":[{"href":"https:\/\/diariotribuna.com.br\/index.php?rest_route=\/wp\/v2\/types\/post"}],"author":[{"embeddable":true,"href":"https:\/\/diariotribuna.com.br\/index.php?rest_route=\/wp\/v2\/users\/3"}],"replies":[{"embeddable":true,"href":"https:\/\/diariotribuna.com.br\/index.php?rest_route=%2Fwp%2Fv2%2Fcomments&post=32879"}],"version-history":[{"count":1,"href":"https:\/\/diariotribuna.com.br\/index.php?rest_route=\/wp\/v2\/posts\/32879\/revisions"}],"predecessor-version":[{"id":32881,"href":"https:\/\/diariotribuna.com.br\/index.php?rest_route=\/wp\/v2\/posts\/32879\/revisions\/32881"}],"wp:featuredmedia":[{"embeddable":true,"href":"https:\/\/diariotribuna.com.br\/index.php?rest_route=\/wp\/v2\/media\/32880"}],"wp:attachment":[{"href":"https:\/\/diariotribuna.com.br\/index.php?rest_route=%2Fwp%2Fv2%2Fmedia&parent=32879"}],"wp:term":[{"taxonomy":"category","embeddable":true,"href":"https:\/\/diariotribuna.com.br\/index.php?rest_route=%2Fwp%2Fv2%2Fcategories&post=32879"},{"taxonomy":"post_tag","embeddable":true,"href":"https:\/\/diariotribuna.com.br\/index.php?rest_route=%2Fwp%2Fv2%2Ftags&post=32879"}],"curies":[{"name":"wp","href":"https:\/\/api.w.org\/{rel}","templated":true}]}}