{"id":32882,"date":"2026-03-10T17:31:03","date_gmt":"2026-03-10T20:31:03","guid":{"rendered":"https:\/\/diariotribuna.com.br\/?p=32882"},"modified":"2026-03-11T17:10:58","modified_gmt":"2026-03-11T20:10:58","slug":"foragido-da-justica-e-preso-e-duas-armas-de-fogo-sao-apreendidas-pela-pm-de-meio-ambiente-em-aracai","status":"publish","type":"post","link":"https:\/\/diariotribuna.com.br\/?p=32882","title":{"rendered":"Foragido da Justi\u00e7a \u00e9 preso e duas armas de fogo s\u00e3o apreendidas pela PM de Meio Ambiente em Ara\u00e7uai"},"content":{"rendered":"<div class=\"wp-block-image\">\n<figure class=\"alignright size-full is-resized\"><img loading=\"lazy\" decoding=\"async\" width=\"453\" height=\"234\" src=\"https:\/\/diariotribuna.com.br\/wp-content\/uploads\/2026\/03\/armas.jpg\" alt=\"\" class=\"wp-image-32900\" style=\"width:499px;height:auto\" srcset=\"https:\/\/diariotribuna.com.br\/wp-content\/uploads\/2026\/03\/armas.jpg 453w, https:\/\/diariotribuna.com.br\/wp-content\/uploads\/2026\/03\/armas-300x155.jpg 300w\" sizes=\"(max-width: 453px) 100vw, 453px\" \/><\/figure><\/div>\n\n\n<p>A Pol\u00edcia Militar de Meio Ambiente voltou a demonstrar efici\u00eancia  operacional no Vale do Jequitinhonha<br>ao prender um foragido da Justi\u00e7a e retirar duas armas de fogo de circula\u00e7\u00e3o durante patrulhamento no munic\u00edpio de Ara\u00e7ua\u00ed (MG).<br>A a\u00e7\u00e3o ocorreu na Travessa C, \u00e1rea urbana da cidade, durante patrulhamento t\u00edpico realizado por equipes do 5\u00ba Pelot\u00e3o de Pol\u00edcia Militar de Meio Ambiente de Almenara, sob o comando do Tenente Heberth Dias, com apoio do 5\u00ba Grupamento de Ara\u00e7ua\u00ed. Durante abordagem a um indiv\u00edduo em atitude suspeita, os policiais constataram a exist\u00eancia de mandado de pris\u00e3o em aberto em seu desfavor.<br>Na sequ\u00eancia da interven\u00e7\u00e3o policial, foram localizadas duas armas de fogo em posse do autor. Diante da<br>situa\u00e7\u00e3o, foi dada voz de pris\u00e3o, assegurando-se todos os direitos constitucionais do detido, que foi conduzido \u00e0 Delegacia de Pol\u00edcia Civil da Comarca de Ara\u00e7ua\u00ed para as provid\u00eancias legais.<br>Resultados da ocorr\u00eancia:<br>1 foragido da Justi\u00e7a preso;<br>2 armas de fogo apreendidas.<\/p>\n\n\n\n<p>A ocorr\u00eancia refor\u00e7a o papel estrat\u00e9gico da Pol\u00edcia Militar de Meio Ambiente na seguran\u00e7a p\u00fablica regional, atuando n\u00e3o apenas na prote\u00e7\u00e3o dos recursos naturais, mas tamb\u00e9m no enfrentamento direto \u00e0 criminalidade. <\/p>\n\n\n\n<p>Sob a lideran\u00e7a do Tenente Heberth Dias, o policiamento ambiental tem ampliado sua presen\u00e7a e efetividade em todo o Vale do Jequitinhonha.<\/p>\n\n\n\n<p><\/p>\n","protected":false},"excerpt":{"rendered":"<p>A Pol\u00edcia Militar de Meio Ambiente voltou a demonstrar efici\u00eancia operacional no Vale do Jequitinhonhaao prender um foragido da Justi\u00e7a e retirar duas armas de fogo de circula\u00e7\u00e3o durante patrulhamento no munic\u00edpio de Ara\u00e7ua\u00ed (MG).A a\u00e7\u00e3o ocorreu na Travessa C, \u00e1rea urbana da cidade, durante patrulhamento t\u00edpico realizado por equipes do 5\u00ba Pelot\u00e3o de Pol\u00edcia [&hellip;]<\/p>\n","protected":false},"author":3,"featured_media":32900,"comment_status":"open","ping_status":"open","sticky":false,"template":"","format":"standard","meta":{"rop_custom_images_group":[],"rop_custom_messages_group":[],"rop_publish_now":"initial","rop_publish_now_accounts":[],"rop_publish_now_history":[],"rop_publish_now_status":"pending","footnotes":""},"categories":[25,20,18,23],"tags":[],"class_list":["post-32882","post","type-post","status-publish","format-standard","has-post-thumbnail","hentry","category-destaque","category-policia","category-regiao","category-ultimaedicao"],"_links":{"self":[{"href":"https:\/\/diariotribuna.com.br\/index.php?rest_route=\/wp\/v2\/posts\/32882"}],"collection":[{"href":"https:\/\/diariotribuna.com.br\/index.php?rest_route=\/wp\/v2\/posts"}],"about":[{"href":"https:\/\/diariotribuna.com.br\/index.php?rest_route=\/wp\/v2\/types\/post"}],"author":[{"embeddable":true,"href":"https:\/\/diariotribuna.com.br\/index.php?rest_route=\/wp\/v2\/users\/3"}],"replies":[{"embeddable":true,"href":"https:\/\/diariotribuna.com.br\/index.php?rest_route=%2Fwp%2Fv2%2Fcomments&post=32882"}],"version-history":[{"count":3,"href":"https:\/\/diariotribuna.com.br\/index.php?rest_route=\/wp\/v2\/posts\/32882\/revisions"}],"predecessor-version":[{"id":32925,"href":"https:\/\/diariotribuna.com.br\/index.php?rest_route=\/wp\/v2\/posts\/32882\/revisions\/32925"}],"wp:featuredmedia":[{"embeddable":true,"href":"https:\/\/diariotribuna.com.br\/index.php?rest_route=\/wp\/v2\/media\/32900"}],"wp:attachment":[{"href":"https:\/\/diariotribuna.com.br\/index.php?rest_route=%2Fwp%2Fv2%2Fmedia&parent=32882"}],"wp:term":[{"taxonomy":"category","embeddable":true,"href":"https:\/\/diariotribuna.com.br\/index.php?rest_route=%2Fwp%2Fv2%2Fcategories&post=32882"},{"taxonomy":"post_tag","embeddable":true,"href":"https:\/\/diariotribuna.com.br\/index.php?rest_route=%2Fwp%2Fv2%2Ftags&post=32882"}],"curies":[{"name":"wp","href":"https:\/\/api.w.org\/{rel}","templated":true}]}}