{"id":32903,"date":"2026-03-11T11:25:28","date_gmt":"2026-03-11T14:25:28","guid":{"rendered":"https:\/\/diariotribuna.com.br\/?p=32903"},"modified":"2026-03-11T11:25:28","modified_gmt":"2026-03-11T14:25:28","slug":"varginha-lidera-exportacoes-de-minas","status":"publish","type":"post","link":"https:\/\/diariotribuna.com.br\/?p=32903","title":{"rendered":"Varginha lidera exporta\u00e7\u00f5es de Minas\u00a0"},"content":{"rendered":"<p><em><span>Foto: Divulga\u00e7\u00e3o\/PSV<\/span><\/em><\/p>\n\n<p><strong><span>COLUNA MG<\/span><\/strong><br \/><span>Principais destaques dos jornais e portais integrantes da rede Sindijori MG\u00a0<\/span><br \/><span><a href=\"https:\/\/www.sindijorimg.com.br\/\">www.sindijorimg.com.br<\/a><\/span><\/p>\n<p><span>\u00a0<\/span><\/p>\n<p><strong><span>Varginha lidera exporta\u00e7\u00f5es de Minas<\/span><\/strong><br \/><span>No primeiro bimestre de 2026, o munic\u00edpio de Varginha destacou-se como o principal polo exportador de Minas Gerais, concentrando 8,7% das vendas internacionais do estado. Os dados, divulgados pelo Minist\u00e9rio do Desenvolvimento, Ind\u00fastria, Com\u00e9rcio e Servi\u00e7os, mostram que o desempenho do munic\u00edpio foi crucial para o resultado estadual, que atingiu US$ 6,6 bilh\u00f5es em exporta\u00e7\u00f5es. Esse volume representa um crescimento de 5,9% em rela\u00e7\u00e3o ao mesmo per\u00edodo de 2025. (O Debate)<\/span><br \/><span><a href=\"https:\/\/www.odebatenoticias.com.br\/post\/varginha-lidera-exporta%C3%A7%C3%B5es-de-minas-gerais-no-primeiro-bimestre-de-2026\">https:\/\/www.odebatenoticias.com.br\/post\/varginha-lidera-exporta%C3%A7%C3%B5es-de-minas-gerais-no-primeiro-bimestre-de-2026<\/a><\/span><\/p>\n<p><span><\/span><\/p>\n<p><strong><span>Vereador condenado por peculato<\/span><\/strong><br \/><span>A Justi\u00e7a condenou o atual presidente da C\u00e2mara Municipal de Carmo da Mata, na regi\u00e3o Centro-Oeste de Minas Gerais, e um ex-tesoureiro do munic\u00edpio pelo crime de peculato. A decis\u00e3o prev\u00ea pena de quatro anos de reclus\u00e3o, em regime semiaberto, al\u00e9m de 20 dias-multa. De acordo com den\u00fancia apresentada pelo Minist\u00e9rio P\u00fablico de Minas Gerais, os dois se uniram entre os anos de 2005 e 2012 com o objetivo de fraudar licita\u00e7\u00f5es e desviar recursos p\u00fablicos. (Portal G37)<\/span><br \/><span><a href=\"https:\/\/g37.com.br\/minas-gerais\/presidente-da-camara-de-carmo-da-mata-e-condenado-por-desviar-dinheiro-publico-e-ex-presidente-por-fraudar-licitacao\/\">https:\/\/g37.com.br\/minas-gerais\/presidente-da-camara-de-carmo-da-mata-e-condenado-por-desviar-dinheiro-publico-e-ex-presidente-por-fraudar-licitacao\/<\/a><\/span><\/p>\n<p><span><\/span><\/p>\n<p><strong><span>Trem Vit\u00f3ria Minas volta a circular<\/span><\/strong><br \/><span>As viagens do Trem de Passageiros da Estrada de Ferro Vit\u00f3ria a Minas ser\u00e3o retomadas nesta quarta-feira (11), ap\u00f3s dois dias de paralisa\u00e7\u00e3o provocada por um protesto que bloqueou a linha f\u00e9rrea na regi\u00e3o de Tumiritinga, no Vale do Rio Doce. Segundo a Vale, os trens voltar\u00e3o a circular nos dois sentidos. A circula\u00e7\u00e3o havia sido suspensa na segunda-feira (9) ap\u00f3s uma manifesta\u00e7\u00e3o que interditou a ferrovia, impedindo o tr\u00e1fego do trem de passageiros que liga Belo Horizonte a Vit\u00f3ria. (Jornal Classivale)<\/span><br \/><span><a href=\"https:\/\/jornalclassivale.com.br\/noticia\/5384\/trem-vitorianminas-volta-a-circular-nesta-quarta-11-apos-paralisacao\">https:\/\/jornalclassivale.com.br\/noticia\/5384\/trem-vitorianminas-volta-a-circular-nesta-quarta-11-apos-paralisacao<\/a><\/span><\/p>\n<p><strong><span><\/span><\/strong><\/p>\n<p><strong><span>Financiamento em Nova Ponte \u00e9 debatido<\/span><\/strong><br \/><span>A tramita\u00e7\u00e3o de um projeto que autoriza a Prefeitura de Nova Ponte a contratar um empr\u00e9stimo de at\u00e9 R$ 38 milh\u00f5es junto \u00e0 Caixa Econ\u00f4mica Federal tem gerado questionamentos dentro da C\u00e2mara Municipal. O Projeto de Lei, de autoria do Poder Executivo, prev\u00ea a contrata\u00e7\u00e3o da opera\u00e7\u00e3o de cr\u00e9dito no \u00e2mbito do programa Finisa \u2013 Financiamento \u00e0 Infraestrutura e Saneamento, destinado a investimentos em obras de infraestrutura urbana no munic\u00edpio. Entre as a\u00e7\u00f5es mencionadas na proposta est\u00e3o recapeamento asf\u00e1ltico, obras de infraestrutura para loteamentos de habita\u00e7\u00e3o popular, sinaliza\u00e7\u00e3o vi\u00e1ria e requalifica\u00e7\u00e3o de pra\u00e7as. (O Regionalz\u00e3o)<\/span><br \/><span><a href=\"https:\/\/regionalzao.com.br\/poder\/camara-de-nova-ponte-questiona-emprestimo-de-r-38-milhoes-solicitado-pela-prefeitura\/\">https:\/\/regionalzao.com.br\/poder\/camara-de-nova-ponte-questiona-emprestimo-de-r-38-milhoes-solicitado-pela-prefeitura\/<\/a><\/span><\/p>\n<p><span><\/span><\/p>\n<p><strong><span>Unifei ter\u00e1 inaugura\u00e7\u00e3o em Pouso Alegre<\/span><\/strong><br \/><span>Nesta quinta-feira (12\/3), Pouso Alegre celebrar\u00e1 um marco para a Educa\u00e7\u00e3o na cidade, com a inaugura\u00e7\u00e3o do novo campus da Universidade Federal de Itajub\u00e1 (Unifei). A cerim\u00f4nia ser\u00e1 \u00e0s 10h e contar\u00e1 com a presen\u00e7a do Ministro da Educa\u00e7\u00e3o, Camilo Sobreira de Santana, e demais autoridades. O campus inicia suas atividades com tr\u00eas cursos focados em profiss\u00f5es do futuro: Engenharia de Software, Ciberseguran\u00e7a e Intelig\u00eancia Artificial. As aulas tiveram in\u00edcio nesta segunda-feira (Terra do Mandu)<\/span><br \/><span><a href=\"https:\/\/terradomandu.com.br\/index.php\/2026\/03\/10\/ministro-da-educacao-camilo-santana-estara-em-pouso-alegre-para-inauguracao-da-unifei\/\">https:\/\/terradomandu.com.br\/index.php\/2026\/03\/10\/ministro-da-educacao-camilo-santana-estara-em-pouso-alegre-para-inauguracao-da-unifei\/<\/a><\/span><\/p>\n<p><span><\/span><\/p>\n<p><strong><span>Quase 2 mil moradias destru\u00eddas em JF<\/span><\/strong><br \/><span>Em v\u00eddeo publicado na \u00faltima ter\u00e7a-feira (10), a prefeita Margarida Salom\u00e3o afirmou que foram identificadas 1.993 moradias na cidade como \u201ctotalmente destru\u00eddas\u201d, em fun\u00e7\u00e3o das chuvas. Segundo a prefeita, as pessoas que moravam nesses locais v\u00e3o ser contempladas pelos programas de habita\u00e7\u00e3o do Governo Federal. Ainda segundo Margarida, o n\u00famero de moradias destru\u00eddas ainda vai aumentar, porque, al\u00e9m das oito casas que ser\u00e3o demolidas no Bairro Graminha, mais casas tamb\u00e9m ser\u00e3o demolidas no Bairro Esplanada, Zona Norte da cidade. (Tribuna de Minas)<\/span><br \/><span><a href=\"https:\/\/tribunademinas.com.br\/noticias\/cidade\/11-03-2026\/chuvas-em-juiz-de-fora-deixaram-1-993-moradias-totalmente-destruidas-diz-margarida.html\">https:\/\/tribunademinas.com.br\/noticias\/cidade\/11-03-2026\/chuvas-em-juiz-de-fora-deixaram-1-993-moradias-totalmente-destruidas-diz-margarida.html<\/a><\/span><\/p>\n<p><span><\/span><\/p>\n<p><strong><span>Delega\u00e7\u00e3o italiana visita Po\u00e7os<\/span><\/strong><br \/><span>Empres\u00e1rios, lideran\u00e7as e representantes do poder p\u00fablico participaram de um importante momento de integra\u00e7\u00e3o internacional durante um Caf\u00e9 Empresarial realizado na Associa\u00e7\u00e3o Comercial, Industrial e Agropecu\u00e1ria de Po\u00e7os de Caldas, que recebeu oficialmente a delega\u00e7\u00e3o da Regi\u00e3o da Lig\u00faria, na It\u00e1lia. O encontro refor\u00e7ou os la\u00e7os hist\u00f3ricos entre Brasil e It\u00e1lia e abriu espa\u00e7o para novas oportunidades de coopera\u00e7\u00e3o econ\u00f4mica, tur\u00edstica e cultural. (Jornal Mantiqueira)<\/span><br \/><span><a href=\"https:\/\/www.jornalmantiqueira.com.br\/2026\/03\/11\/delegacao-italiana-visita-pocos-de-caldas-e-abre-dialogo-para-parcerias-economicas\/\">https:\/\/www.jornalmantiqueira.com.br\/2026\/03\/11\/delegacao-italiana-visita-pocos-de-caldas-e-abre-dialogo-para-parcerias-economicas\/<\/a><\/span><\/p>\n<p><span><\/span><\/p>\n<p>\u00a0<\/p>","protected":false},"excerpt":{"rendered":"<p>Foto: Divulga\u00e7\u00e3o\/PSV COLUNA MGPrincipais destaques dos jornais e portais integrantes da rede Sindijori MG\u00a0www.sindijorimg.com.br \u00a0 Varginha lidera exporta\u00e7\u00f5es de MinasNo primeiro bimestre de 2026, o munic\u00edpio de Varginha destacou-se como o principal polo exportador de Minas Gerais, concentrando 8,7% das vendas internacionais do estado. Os dados, divulgados pelo Minist\u00e9rio do Desenvolvimento, Ind\u00fastria, Com\u00e9rcio e Servi\u00e7os, [&hellip;]<\/p>\n","protected":false},"author":0,"featured_media":32904,"comment_status":"open","ping_status":"open","sticky":false,"template":"","format":"standard","meta":{"rop_custom_images_group":[],"rop_custom_messages_group":[],"rop_publish_now":"initial","rop_publish_now_accounts":[],"rop_publish_now_history":[],"rop_publish_now_status":"pending","footnotes":""},"categories":[6745],"tags":[],"class_list":["post-32903","post","type-post","status-publish","format-standard","has-post-thumbnail","hentry","category-coluna-sindijori"],"_links":{"self":[{"href":"https:\/\/diariotribuna.com.br\/index.php?rest_route=\/wp\/v2\/posts\/32903"}],"collection":[{"href":"https:\/\/diariotribuna.com.br\/index.php?rest_route=\/wp\/v2\/posts"}],"about":[{"href":"https:\/\/diariotribuna.com.br\/index.php?rest_route=\/wp\/v2\/types\/post"}],"replies":[{"embeddable":true,"href":"https:\/\/diariotribuna.com.br\/index.php?rest_route=%2Fwp%2Fv2%2Fcomments&post=32903"}],"version-history":[{"count":0,"href":"https:\/\/diariotribuna.com.br\/index.php?rest_route=\/wp\/v2\/posts\/32903\/revisions"}],"wp:featuredmedia":[{"embeddable":true,"href":"https:\/\/diariotribuna.com.br\/index.php?rest_route=\/wp\/v2\/media\/32904"}],"wp:attachment":[{"href":"https:\/\/diariotribuna.com.br\/index.php?rest_route=%2Fwp%2Fv2%2Fmedia&parent=32903"}],"wp:term":[{"taxonomy":"category","embeddable":true,"href":"https:\/\/diariotribuna.com.br\/index.php?rest_route=%2Fwp%2Fv2%2Fcategories&post=32903"},{"taxonomy":"post_tag","embeddable":true,"href":"https:\/\/diariotribuna.com.br\/index.php?rest_route=%2Fwp%2Fv2%2Ftags&post=32903"}],"curies":[{"name":"wp","href":"https:\/\/api.w.org\/{rel}","templated":true}]}}