{"id":32905,"date":"2026-03-10T11:31:55","date_gmt":"2026-03-10T14:31:55","guid":{"rendered":"https:\/\/diariotribuna.com.br\/?p=32905"},"modified":"2026-03-10T11:31:55","modified_gmt":"2026-03-10T14:31:55","slug":"candidatura-de-simoes-nao-decola-em-minas","status":"publish","type":"post","link":"https:\/\/diariotribuna.com.br\/?p=32905","title":{"rendered":"Candidatura de Sim\u00f5es n\u00e3o decola em Minas\u00a0"},"content":{"rendered":"<p><em><span>Foto: Karoline Barreto \/ Imprensa MG\u00a0<\/span><\/em><\/p>\n\n<p><strong><span>COLUNA MG<\/span><\/strong><br \/><span>Principais destaques dos jornais e portais integrantes da rede Sindijori MG\u00a0<\/span><br \/><span><a href=\"https:\/\/www.sindijorimg.com.br\/\">www.sindijorimg.com.br<\/a><\/span><\/p>\n<p><strong><span>\u00a0<\/span><\/strong><\/p>\n<p><strong><span>Sim\u00f5es n\u00e3o decola em Minas<\/span><\/strong><br \/><span>O vice-governador de Minas Gerais, professor Mateus Sim\u00f5es, quase um ano ap\u00f3s se declarar pr\u00e9-candidato ao governo do Estado, ainda n\u00e3o conseguiu despertar o entusiasmo do eleitorado mineiro. Os \u00faltimos levantamentos realizados por institutos de pesquisa apontam estagna\u00e7\u00e3o do atual comandante do Estado, j\u00e1 que o governador Romeu Zema praticamente passou o bast\u00e3o para que Sim\u00f5es conduza diversas agendas do governo. O vice-governador tem representado Minas Gerais em eventos dentro e fora do estado com frequ\u00eancia. (Em Tempo)<\/span><br \/><span><a href=\"https:\/\/jornalemtempo.com\/simoes-nao-decola\">https:\/\/jornalemtempo.com\/simoes-nao-decola<\/a><\/span><\/p>\n<p><span><\/span><\/p>\n<p><strong><span>Bernardo Mucida se filia ao Avante<\/span><\/strong><br \/><span>O ex-deputado estadual Bernardo Mucida anunciou sua filia\u00e7\u00e3o ao Avante e passa a integrar o projeto de fortalecimento do partido em Minas Gerais. A movimenta\u00e7\u00e3o tamb\u00e9m abre caminho para uma poss\u00edvel candidatura pela legenda nas pr\u00f3ximas elei\u00e7\u00f5es. Natural de Itabira e com atua\u00e7\u00e3o pol\u00edtica na regi\u00e3o do M\u00e9dio Piracicaba, Mucida \u00e9 advogado e cientista pol\u00edtico. A chegada de Bernardo ao Avante ocorre em meio ao processo de fortalecimento da sigla no estado. O partido \u00e9 presidido em Minas Gerais por Igor Eto. (Gazeta de Varginha)<\/span><br \/><span><a href=\"https:\/\/www.gazetadevarginha.com.br\/post\/bernardo-mucida-se-filia-ao-avante-e-pode-disputar-elei%C3%A7%C3%B5es-pela-legenda-em-minas\">https:\/\/www.gazetadevarginha.com.br\/post\/bernardo-mucida-se-filia-ao-avante-e-pode-disputar-elei%C3%A7%C3%B5es-pela-legenda-em-minas<\/a><\/span><\/p>\n<p><span><\/span><\/p>\n<p><strong><span>Manifesta\u00e7\u00e3o interrompe ferrovia<\/span><\/strong><br \/><span>A circula\u00e7\u00e3o do Trem de Passageiros da Estrada de Ferro Vit\u00f3ria a Minas (EFVM) foi suspensa nesta segunda-feira (9\/3), nos dois sentidos, ap\u00f3s uma manifesta\u00e7\u00e3o que interditou a linha f\u00e9rrea na regi\u00e3o de Tumiritinga, no Vale do Rio Doce, em Minas Gerais. O protesto foi realizado por integrantes do Movimento dos Trabalhadores Rurais Sem Terra (MST). A empresa informou que a manifesta\u00e7\u00e3o n\u00e3o tem rela\u00e7\u00e3o com a opera\u00e7\u00e3o ferrovi\u00e1ria. Por causa da interdi\u00e7\u00e3o da linha, as viagens programadas para o dia foram canceladas. (Jornal Classivale)<\/span><br \/><span><a href=\"https:\/\/jornalclassivale.com.br\/noticia\/5378\/circulacao-do-trem-de-passageiros-da-estrada-de-ferro-vitoria-a-minas-e-suspensa-nos-dois-sentidos-devido-a-manifestacao\">https:\/\/jornalclassivale.com.br\/noticia\/5378\/circulacao-do-trem-de-passageiros-da-estrada-de-ferro-vitoria-a-minas-e-suspensa-nos-dois-sentidos-devido-a-manifestacao<\/a><\/span><\/p>\n<p><span><\/span><\/p>\n<p><strong><span>Macacos recebe 2\u00aa Mostra de Teatro\u00a0<\/span><\/strong><br \/><span>O distrito de S\u00e3o Sebasti\u00e3o das \u00c1guas Claras, mais conhecido como Macacos, em Nova Lima, na Regi\u00e3o Metropolitana de Belo Horizonte, recebe entre os dias 11 e 15 de mar\u00e7o a 2\u00aa Mostra Internacional de Teatro de Bonecos. Idealizado pelo marionetista argentino Catin Nardi, diretor do Teatro Navegante de Marionetes, o evento re\u00fane artistas do Brasil, da Argentina e de Portugal. A proposta \u00e9 ampliar o acesso ao teatro de anima\u00e7\u00e3o e apresentar diferentes linguagens dessa arte milenar para p\u00fablicos de todas as idades. (Balc\u00e3o News)<\/span><br \/><span><a href=\"https:\/\/balcaonews.com.br\/2026\/03\/07\/macacos-recebe-2a-mostra-internacional-de-teatro-de-bonecos-com-programacao-gratuita\/\">https:\/\/balcaonews.com.br\/2026\/03\/07\/macacos-recebe-2a-mostra-internacional-de-teatro-de-bonecos-com-programacao-gratuita\/<\/a><\/span><\/p>\n<p><span><\/span><\/p>\n<p><strong><span>Tim\u00f3teo faz caminhada ecol\u00f3gica<\/span><\/strong><br \/><span>No pr\u00f3ximo domingo (15), a cidade de Tim\u00f3teo realizar\u00e1 um evento que promete marcar o in\u00edcio do ano com prop\u00f3sito e uni\u00e3o: a 1\u00aa Caminhada Ecol\u00f3gica ao Pico do Ana Moura. A atividade, organizada pela ONG Engenho do Saber e com apoio da gest\u00e3o municipal, por meio da Subsecretaria de Meio Ambiente e a Ger\u00eancia de Turismo, al\u00e9m da Comiss\u00e3o de Direito Ambiental da OAB, Corpo de Bombeiros e Pol\u00edcia Militar, mais do que um passeio ecol\u00f3gico, a caminhada ter\u00e1 car\u00e1ter social. (Portal Carlos Souto)<\/span><br \/><span><a href=\"https:\/\/www.portalcarlossouto.com.br\/noticias\/esportes\/1a-caminhada-ecologica-ao-pico-do-ana-moura-une-solidariedade-e-valorizacao-ambiental-em-timoteo\/\">https:\/\/www.portalcarlossouto.com.br\/noticias\/esportes\/1a-caminhada-ecologica-ao-pico-do-ana-moura-une-solidariedade-e-valorizacao-ambiental-em-timoteo\/<\/a><\/span><\/p>\n<p><span><\/span><\/p>\n<p><strong><span>Aeroporto de Araguari passa por obras<\/span><\/strong><br \/><span>O projeto de revitaliza\u00e7\u00e3o do Aeroporto Municipal Santos Dumont (SNAG), em Araguari, avan\u00e7a para uma nova etapa. No dia 6 de mar\u00e7o, a Prefeitura publicou no Correio Oficial o resultado do processo licitat\u00f3rio que definiu a empresa respons\u00e1vel pelas obras de recupera\u00e7\u00e3o da infraestrutura do terminal. a licita\u00e7\u00e3o foi realizada no dia 20 de fevereiro, no formato eletr\u00f4nico e pelo crit\u00e9rio de menor pre\u00e7o, sob regime de empreitada por pre\u00e7o global. Ao todo, nove empresas participaram da disputa. As obras previstas incluem a recupera\u00e7\u00e3o da pista de pouso e decolagem (PPD), implanta\u00e7\u00e3o das \u00e1reas de seguran\u00e7a nas cabeceiras, constru\u00e7\u00e3o de pista de t\u00e1xi e p\u00e1tio de aeronaves, al\u00e9m de nova sinaliza\u00e7\u00e3o horizontal e adequa\u00e7\u00e3o da via de acesso aos hangares. (Gazeta do Tri\u00e2ngulo)<\/span><br \/><span><a href=\"https:\/\/gazetadotriangulo.com.br\/aeroporto-de-araguari-avanca-para-retomada-das-operacoes\/\">https:\/\/gazetadotriangulo.com.br\/aeroporto-de-araguari-avanca-para-retomada-das-operacoes\/<\/a><\/span><\/p>\n<p><span><\/span><\/p>\n<p>\u00a0<\/p>","protected":false},"excerpt":{"rendered":"<p>Foto: Karoline Barreto \/ Imprensa MG\u00a0 COLUNA MGPrincipais destaques dos jornais e portais integrantes da rede Sindijori MG\u00a0www.sindijorimg.com.br \u00a0 Sim\u00f5es n\u00e3o decola em MinasO vice-governador de Minas Gerais, professor Mateus Sim\u00f5es, quase um ano ap\u00f3s se declarar pr\u00e9-candidato ao governo do Estado, ainda n\u00e3o conseguiu despertar o entusiasmo do eleitorado mineiro. Os \u00faltimos levantamentos realizados [&hellip;]<\/p>\n","protected":false},"author":0,"featured_media":32906,"comment_status":"open","ping_status":"open","sticky":false,"template":"","format":"standard","meta":{"rop_custom_images_group":[],"rop_custom_messages_group":[],"rop_publish_now":"initial","rop_publish_now_accounts":[],"rop_publish_now_history":[],"rop_publish_now_status":"pending","footnotes":""},"categories":[6745],"tags":[],"class_list":["post-32905","post","type-post","status-publish","format-standard","has-post-thumbnail","hentry","category-coluna-sindijori"],"_links":{"self":[{"href":"https:\/\/diariotribuna.com.br\/index.php?rest_route=\/wp\/v2\/posts\/32905"}],"collection":[{"href":"https:\/\/diariotribuna.com.br\/index.php?rest_route=\/wp\/v2\/posts"}],"about":[{"href":"https:\/\/diariotribuna.com.br\/index.php?rest_route=\/wp\/v2\/types\/post"}],"replies":[{"embeddable":true,"href":"https:\/\/diariotribuna.com.br\/index.php?rest_route=%2Fwp%2Fv2%2Fcomments&post=32905"}],"version-history":[{"count":0,"href":"https:\/\/diariotribuna.com.br\/index.php?rest_route=\/wp\/v2\/posts\/32905\/revisions"}],"wp:featuredmedia":[{"embeddable":true,"href":"https:\/\/diariotribuna.com.br\/index.php?rest_route=\/wp\/v2\/media\/32906"}],"wp:attachment":[{"href":"https:\/\/diariotribuna.com.br\/index.php?rest_route=%2Fwp%2Fv2%2Fmedia&parent=32905"}],"wp:term":[{"taxonomy":"category","embeddable":true,"href":"https:\/\/diariotribuna.com.br\/index.php?rest_route=%2Fwp%2Fv2%2Fcategories&post=32905"},{"taxonomy":"post_tag","embeddable":true,"href":"https:\/\/diariotribuna.com.br\/index.php?rest_route=%2Fwp%2Fv2%2Ftags&post=32905"}],"curies":[{"name":"wp","href":"https:\/\/api.w.org\/{rel}","templated":true}]}}