{"id":32907,"date":"2026-03-09T11:42:55","date_gmt":"2026-03-09T14:42:55","guid":{"rendered":"https:\/\/diariotribuna.com.br\/?p=32907"},"modified":"2026-03-09T11:42:55","modified_gmt":"2026-03-09T14:42:55","slug":"megaobra-de-r-240-milhoes-em-uberaba","status":"publish","type":"post","link":"https:\/\/diariotribuna.com.br\/?p=32907","title":{"rendered":"Megaobra de R$ 240 milh\u00f5es em Uberaba\u00a0"},"content":{"rendered":"<p><span>Foto: Reprodu\u00e7\u00e3o JU<\/span><\/p>\n<p><strong><span>COLUNA MG<\/span><\/strong><br \/><span>Principais destaques dos jornais e portais integrantes da rede Sindijori MG\u00a0<\/span><br \/><span><a href=\"https:\/\/www.sindijorimg.com.br\/\">www.sindijorimg.com.br<\/a><\/span><\/p>\n<p><span>\u00a0<\/span><br \/><strong><span>Megaobra de R$ 240 milh\u00f5es em Uberaba<\/span><\/strong><br \/><span>Uberaba pode dar um passo decisivo para ampliar a seguran\u00e7a no abastecimento de \u00e1gua com a implanta\u00e7\u00e3o do Sistema de Abastecimento do Rio Grande, considerado um dos maiores projetos de infraestrutura h\u00eddrica j\u00e1 planejados para o munic\u00edpio. A iniciativa, coordenada pela Companhia Operacional de Desenvolvimento, Saneamento e A\u00e7\u00f5es Urbanas (Codau), prev\u00ea investimento estimado em R$ 240 milh\u00f5es e j\u00e1 desperta interesse de cerca de 20 empresas nacionais e internacionais, que avaliam participar da licita\u00e7\u00e3o para execu\u00e7\u00e3o da obra. (Jornal de Uberaba)<\/span><br \/><span><a href=\"https:\/\/www.jornaldeuberaba.com.br\/noticia\/143613\/megaobra-de-r-240-milhoes-vai-garantir-agua-para-uberaba\">https:\/\/www.jornaldeuberaba.com.br\/noticia\/143613\/megaobra-de-r-240-milhoes-vai-garantir-agua-para-uberaba<\/a><\/span><\/p>\n<p><strong><span><\/span><\/strong><\/p>\n<p><strong><span>Mineiros conquistam medalhas na Tail\u00e2ndia<\/span><\/strong><br \/><span>Estudantes da rede estadual de ensino de Minas Gerais tiveram desempenho de destaque na Olimp\u00edada Internacional de Matem\u00e1tica Sem Fronteiras (International Talent Mathematics Contest) 2026, realizada em Bangkok, na Tail\u00e2ndia. Ao todo, a delega\u00e7\u00e3o mineira conquistou 37 medalhas, entre ouro, prata e bronze, al\u00e9m de dez men\u00e7\u00f5es honrosas. Ao todo, R$ 1,7 milh\u00e3o foram disponibilizados para garantir a participa\u00e7\u00e3o dos estudantes mineiros na competi\u00e7\u00e3o, realizada em Bangkok, e encerrada nesta semana. (Jornal Classivale)<\/span><br \/><span><a href=\"https:\/\/jornalclassivale.com.br\/noticia\/5377\/estudantes-mineiros-conquistam-medalhas-de-ouro-em-olimpiada-internacional-de-matematica-na-tailandia\">https:\/\/jornalclassivale.com.br\/noticia\/5377\/estudantes-mineiros-conquistam-medalhas-de-ouro-em-olimpiada-internacional-de-matematica-na-tailandia<\/a><\/span><\/p>\n<p><strong><span><\/span><\/strong><\/p>\n<p><strong><span>\u00c1rea azul retomada em Juiz de Fora<\/span><\/strong><br \/><span>A assessoria da concession\u00e1ria da \u00c1rea Azul, Estapar, informou que, com a retomada gradual das atividades na cidade, o sistema de estacionamento rotativo ser\u00e1 novamente cobrado, operando normalmente a partir desta segunda-feira (9), ap\u00f3s orienta\u00e7\u00e3o da Prefeitura de Juiz de Fora. A cobran\u00e7a havia sido suspensa no dia 27 de fevereiro, em resposta ao estado de calamidade p\u00fablica em que se encontrava a regi\u00e3o. Ainda conforme a nota, a medida \u201cvisa garantir a sustentabilidade do sistema, restabelecer a rotatividade das vagas e contribuir para a organiza\u00e7\u00e3o do tr\u00e2nsito na cidade.\u201d (Tribuna de Minas)<\/span><br \/><span><a href=\"https:\/\/tribunademinas.com.br\/noticias\/cidade\/08-03-2026\/apos-10-dias-cobranca-na-area-azul-sera-retomada.html\">https:\/\/tribunademinas.com.br\/noticias\/cidade\/08-03-2026\/apos-10-dias-cobranca-na-area-azul-sera-retomada.html<\/a><\/span><\/p>\n<p><span><\/span><\/p>\n<p><strong><span>Muzambinho recebe rob\u00f4s da Coreia\u00a0<\/span><\/strong><br \/><span>O campus de Muzambinho do Instituto Federal de Educa\u00e7\u00e3o, Ci\u00eancia e Tecnologia do Sul de Minas Gerais realizou a cerim\u00f4nia simb\u00f3lica de entrega oficial dos rob\u00f4s educacionais do projeto \u201cRob\u00f4 Educacional Huenit para o Desenvolvimento de Futuros Talentos em Tecnologias Convergentes\u201d. No Brasil, tr\u00eas institui\u00e7\u00f5es foram selecionadas para receber os equipamentos, sendo que cada uma recebeu 22 rob\u00f4s. O investimento realizado pelas empresas envolvidas no projeto est\u00e1 avaliado em aproximadamente R$ 400 mil, refor\u00e7ando a import\u00e2ncia da iniciativa para o desenvolvimento tecnol\u00f3gico e educacional. (Muzambino.com)<\/span><br \/><span><a href=\"https:\/\/muzambinho.com.br\/2026\/03\/07\/campus-muzambinho-recebe-robos-educacionais-da-coreia-do-sul-em-projeto-internacional-de-inovacao\/\">https:\/\/muzambinho.com.br\/2026\/03\/07\/campus-muzambinho-recebe-robos-educacionais-da-coreia-do-sul-em-projeto-internacional-de-inovacao\/<\/a><\/span><\/p>\n<p><span><\/span><\/p>\n<p><strong><span>Nova Lima no Top 5 em excel\u00eancia<\/span><\/strong><br \/><span>O munic\u00edpio de Nova Lima alcan\u00e7ou a quinta posi\u00e7\u00e3o no ranking nacional do \u00cdndice de Ecossistemas de Impacto (Indei) 2026, estudo idealizado pelo Impact Hub Brasil para mapear a prosperidade sist\u00eamica nos territ\u00f3rios brasileiros. O resultado coloca a cidade no topo da lista em Minas Gerais. A posi\u00e7\u00e3o de destaque se sustenta pela presen\u00e7a de Nova Lima na elite do levantamento. O munic\u00edpio aparece no Top 10 nacional em dois dos principais pilares avaliados: o eixo econ\u00f4mico-empresarial e o sociocultural, indicadores que medem capacidade de inova\u00e7\u00e3o, densidade de talentos e dinamismo produtivo. (Cidade Conecta)<\/span><br \/><span><a href=\"https:\/\/www.cidadeconecta.com\/noticias\/atualidades\/nova-lima-entra-no-top-5-nacional-em-excelencia-economica-e-sociocultural\/\">https:\/\/www.cidadeconecta.com\/noticias\/atualidades\/nova-lima-entra-no-top-5-nacional-em-excelencia-economica-e-sociocultural\/<\/a><\/span><\/p>\n<p><span><\/span><\/p>\n<p><strong><span>Salinas ter\u00e1 Prepara Gastronomia<\/span><\/strong><br \/><span>O munic\u00edpio de Salinas se prepara para mais uma importante iniciativa voltada ao fortalecimento da gastronomia regional e do empreendedorismo local. Nesta segunda-feira (9), ser\u00e1 realizado o lan\u00e7amento oficial do 4\u00ba Festival Gastron\u00f4mico e Cultural de Salinas, ocasi\u00e3o em que tamb\u00e9m ser\u00e1 apresentada uma nova edi\u00e7\u00e3o do Programa Prepara Gastronomia, iniciativa desenvolvida pelo Servi\u00e7o Brasileiro de Apoio \u00e0s Micro e Pequenas Empresas em Minas Gerais. O encontro reunir\u00e1 donos de bares, restaurantes e empreendedores do setor de alimenta\u00e7\u00e3o fora do lar interessados em participar do festival, que neste ano acontecer\u00e1 nos dias 5 e 6 de junho. (Gazeta Norte Mineira)<\/span><br \/><span><a href=\"https:\/\/gazetanm.com.br\/salinas-tera-nova-edicao-do-programa-prepara-gastronomia-e-lanca-4o-festival-gastronomico-e-cultural\/\">https:\/\/gazetanm.com.br\/salinas-tera-nova-edicao-do-programa-prepara-gastronomia-e-lanca-4o-festival-gastronomico-e-cultural\/<\/a><\/span><\/p>\n<p><span><\/span><\/p>\n<p>\u00a0<\/p>","protected":false},"excerpt":{"rendered":"<p>Foto: Reprodu\u00e7\u00e3o JU COLUNA MGPrincipais destaques dos jornais e portais integrantes da rede Sindijori MG\u00a0www.sindijorimg.com.br \u00a0Megaobra de R$ 240 milh\u00f5es em UberabaUberaba pode dar um passo decisivo para ampliar a seguran\u00e7a no abastecimento de \u00e1gua com a implanta\u00e7\u00e3o do Sistema de Abastecimento do Rio Grande, considerado um dos maiores projetos de infraestrutura h\u00eddrica j\u00e1 planejados [&hellip;]<\/p>\n","protected":false},"author":0,"featured_media":32908,"comment_status":"open","ping_status":"open","sticky":false,"template":"","format":"standard","meta":{"rop_custom_images_group":[],"rop_custom_messages_group":[],"rop_publish_now":"initial","rop_publish_now_accounts":[],"rop_publish_now_history":[],"rop_publish_now_status":"pending","footnotes":""},"categories":[6745],"tags":[],"class_list":["post-32907","post","type-post","status-publish","format-standard","has-post-thumbnail","hentry","category-coluna-sindijori"],"_links":{"self":[{"href":"https:\/\/diariotribuna.com.br\/index.php?rest_route=\/wp\/v2\/posts\/32907"}],"collection":[{"href":"https:\/\/diariotribuna.com.br\/index.php?rest_route=\/wp\/v2\/posts"}],"about":[{"href":"https:\/\/diariotribuna.com.br\/index.php?rest_route=\/wp\/v2\/types\/post"}],"replies":[{"embeddable":true,"href":"https:\/\/diariotribuna.com.br\/index.php?rest_route=%2Fwp%2Fv2%2Fcomments&post=32907"}],"version-history":[{"count":0,"href":"https:\/\/diariotribuna.com.br\/index.php?rest_route=\/wp\/v2\/posts\/32907\/revisions"}],"wp:featuredmedia":[{"embeddable":true,"href":"https:\/\/diariotribuna.com.br\/index.php?rest_route=\/wp\/v2\/media\/32908"}],"wp:attachment":[{"href":"https:\/\/diariotribuna.com.br\/index.php?rest_route=%2Fwp%2Fv2%2Fmedia&parent=32907"}],"wp:term":[{"taxonomy":"category","embeddable":true,"href":"https:\/\/diariotribuna.com.br\/index.php?rest_route=%2Fwp%2Fv2%2Fcategories&post=32907"},{"taxonomy":"post_tag","embeddable":true,"href":"https:\/\/diariotribuna.com.br\/index.php?rest_route=%2Fwp%2Fv2%2Ftags&post=32907"}],"curies":[{"name":"wp","href":"https:\/\/api.w.org\/{rel}","templated":true}]}}