{"id":32909,"date":"2026-03-07T11:07:12","date_gmt":"2026-03-07T14:07:12","guid":{"rendered":"https:\/\/diariotribuna.com.br\/?p=32909"},"modified":"2026-03-07T11:07:12","modified_gmt":"2026-03-07T14:07:12","slug":"trecho-da-br-381-recebe-50-novos-radares","status":"publish","type":"post","link":"https:\/\/diariotribuna.com.br\/?p=32909","title":{"rendered":"Trecho da BR-381 recebe 50 novos radares\u00a0\u00a0"},"content":{"rendered":"<p><em><span>Foto: Divulga\u00e7\u00e3o Nova 381<\/span><\/em><\/p>\n<p><strong><span>COLUNA MG<\/span><\/strong><br \/><span>Principais destaques dos jornais e portais integrantes da rede Sindijori MG\u00a0<\/span><br \/><span><a href=\"https:\/\/www.sindijorimg.com.br\/\">www.sindijorimg.com.br<\/a><\/span><\/p>\n<p><strong><span>\u00a0<\/span><\/strong><\/p>\n<p><strong><span>Trecho da BR-381 recebe 50 novos radares\u00a0<\/span><\/strong><br \/><span>A concession\u00e1ria Nova 381 informou que os 50 radares instalados ao longo da BR-381, no trecho entre Governador Valadares e Caet\u00e9, j\u00e1 foram conclu\u00eddos e passam pela fase final de homologa\u00e7\u00e3o e aferi\u00e7\u00e3o. A expectativa \u00e9 que os equipamentos estejam liberados para iniciar a fiscaliza\u00e7\u00e3o a partir do dia 28 de mar\u00e7o. No entanto, a data para o in\u00edcio das autua\u00e7\u00f5es por excesso de velocidade ainda ser\u00e1 definida pela Pol\u00edcia Rodovi\u00e1ria Federal (PRF), respons\u00e1vel pela aplica\u00e7\u00e3o das multas na rodovia. Dos 50 radares instalados ao longo da BR-381, sete est\u00e3o em Governador Valadares. (Di\u00e1rio do Rio Doce)<\/span><br \/><span><a href=\"https:\/\/drd.com.br\/trecho-da-br-381-entre-governador-valadares-e-caete-recebe-50-novos-radares-de-velocidade\/\">https:\/\/drd.com.br\/trecho-da-br-381-entre-governador-valadares-e-caete-recebe-50-novos-radares-de-velocidade\/<\/a><\/span><\/p>\n<p><strong><span><\/span><\/strong><\/p>\n<p><strong><span>Arcos conquista habilita\u00e7\u00e3o de UTI\u00a0<\/span><\/strong><br \/><span>A Prefeitura de Arcos anuncia uma das maiores conquistas recentes para a sa\u00fade do munic\u00edpio: a aprova\u00e7\u00e3o da habilita\u00e7\u00e3o de leitos de UTI Adulto Tipo II.Al\u00e9m da habilita\u00e7\u00e3o, o Munic\u00edpio tamb\u00e9m assegura o custeio estadual dos leitos, garantindo recursos permanentes para a manuten\u00e7\u00e3o e funcionamento do servi\u00e7o. A conquista \u00e9 resultado de uma gest\u00e3o comprometida, que atua com planejamento, responsabilidade e forte articula\u00e7\u00e3o junto ao Governo de Minas Gerais e ao Governo Federal, assegurando avan\u00e7os concretos para a sa\u00fade p\u00fablica. (Correio do Centro Oeste)<\/span><br \/><span><a href=\"https:\/\/www.jornalcco.com.br\/prefeitura-de-arcos-conquista-habilitacao-de-uti-e-garante-recursos-para-a-saude\">https:\/\/www.jornalcco.com.br\/prefeitura-de-arcos-conquista-habilitacao-de-uti-e-garante-recursos-para-a-saude<\/a><\/span><\/p>\n<p><strong><span><\/span><\/strong><\/p>\n<p><strong><span>Cresce com\u00e9rcio ambulante de alimentos<\/span><\/strong><br \/><span>Apenas em 2025, mais de 56 mil brasileiros passaram a atuar como microempreendedores individuais (MEIs) no ramo de servi\u00e7os ambulantes de alimenta\u00e7\u00e3o, o que representa um avan\u00e7o de 45% em rela\u00e7\u00e3o a dois anos atr\u00e1s. Em 2023, o total de registros foi de 38,8 mil, subindo para 42,8 mil em 2024. As informa\u00e7\u00f5es s\u00e3o da base da plataforma DataSebrae. Minas Gerais concentra quase 10% desse total de novos microempreendedores individuais. No Estado, foram contabilizadas 4.508 formaliza\u00e7\u00f5es de MEIs na categoria de com\u00e9rcio ambulante de alimentos em 2025. (Edi\u00e7\u00e3o do Brasil)<\/span><br \/><span><a href=\"https:\/\/edicaodobrasil.com.br\/mg-tem-45-mil-novos-meis-na-categoria-comercio-ambulante-de-alimentos\/\">https:\/\/edicaodobrasil.com.br\/mg-tem-45-mil-novos-meis-na-categoria-comercio-ambulante-de-alimentos\/<\/a><\/span><\/p>\n<p><span><\/span><\/p>\n<p><strong><span>Cervejarias de Uberl\u00e2ndia s\u00e3o premiadas<\/span><\/strong><br \/><span>Uberl\u00e2ndia \u00e9 destaque estadual e nacional mais uma vez. Tr\u00eas cervejarias artesanais da cidade foram reconhecidas pela qualidade de suas produ\u00e7\u00f5es durante o Concurso Brasileiro de Cervejas. O concurso garantiu, ao todo, 15 medalhas para o munic\u00edpio. Sediado em Uberl\u00e2ndia pela primeira vez, o principal evento do segmento de cervejas artesanais do pa\u00eds premiou as melhores cervejas, cervejarias e cervejeiros do Brasil. A iniciativa, que contou com competidores de todo o pa\u00eds, premiou tr\u00eas cervejarias artesanais de Uberl\u00e2ndia. Subiram ao p\u00f3dio as cervejarias Captain Brew (6 ouros, 3 pratas e 3 bronzes), Uberbrau (1 ouro e 2 bronzes) e Trema (1 prata). (Di\u00e1rio de Uberl\u00e2ndia)<\/span><br \/><span><a href=\"https:\/\/diariodeuberlandia.com.br\/noticia\/40013\/cervejarias-de-uberlandia-sao-premiadas-em-concurso-nacional\">https:\/\/diariodeuberlandia.com.br\/noticia\/40013\/cervejarias-de-uberlandia-sao-premiadas-em-concurso-nacional<\/a><\/span><\/p>\n<p><span><\/span><\/p>\n<p><strong><span>Maria Fuma\u00e7a volta a funcionar<\/span><\/strong><br \/><span>A VLI, administradora da Maria Fuma\u00e7a, informa que as viagens da Maria Fuma\u00e7a que liga as cidades de S\u00e3o Jo\u00e3o del-Rei a Tiradentes e vice-versa, no Campo das Vertentes (Minas Gerais), foram retomadas na sexta-feira (6). Os passeios foram suspensos preventivamente devido \u00e0s fortes chuvas que atingiram a regi\u00e3o. Ao longo do trajeto de 12 km de extens\u00e3o, os passageiros apreciam uma regi\u00e3o de rica diversidade ecol\u00f3gica e paisagens que ainda preservam a arquitetura do s\u00e9culo XIX. A Maria Fuma\u00e7a de S\u00e3o Jo\u00e3o del-Rei \u00e9 uma das mais antigas em opera\u00e7\u00e3o no Brasil e foi inaugurada por Dom Pedro II em 28 de agosto de 1881. (MG Turismo)<\/span><br \/><span><a href=\"https:\/\/mgturismo.com.br\/maria-fumaca-de-sao-joao-del-rei-e-tiradentes-retoma-suas-viagens-a-partir-de-sexta-feira-6\/\">https:\/\/mgturismo.com.br\/maria-fumaca-de-sao-joao-del-rei-e-tiradentes-retoma-suas-viagens-a-partir-de-sexta-feira-6\/<\/a><\/span><\/p>\n<p><span><\/span><\/p>\n<p><strong><span>Procedimento in\u00e9dito em Te\u00f3filo Otoni<\/span><\/strong><br \/><span>O SUS de Te\u00f3filo Otoni realizou um procedimento m\u00e9dico in\u00e9dito na regi\u00e3o, dentro do projeto Mais M\u00e9dicos Especialistas, que faz parte do programa Agora Tem Especialistas, do governo federal. A iniciativa tem o intuito de reduzir o tempo de espera e promover atendimento especializado no SUS. O procedimento foi a coloca\u00e7\u00e3o de uma pr\u00f3tese no es\u00f4fago de um paciente com c\u00e2ncer. A principal fun\u00e7\u00e3o da pr\u00f3tese \u00e9 manter o es\u00f4fago aberto, permitindo que a pessoa volte a se alimentar e ingerir l\u00edquidos com menos dificuldade. (Di\u00e1rio Tribuna)<\/span><br \/><span><a href=\"https:\/\/diariotribuna.com.br\/?p=32868\">https:\/\/diariotribuna.com.br\/?p=32868<\/a><\/span><\/p>\n<p><span><\/span><\/p>\n<p>\u00a0<\/p>","protected":false},"excerpt":{"rendered":"<p>Foto: Divulga\u00e7\u00e3o Nova 381 COLUNA MGPrincipais destaques dos jornais e portais integrantes da rede Sindijori MG\u00a0www.sindijorimg.com.br \u00a0 Trecho da BR-381 recebe 50 novos radares\u00a0A concession\u00e1ria Nova 381 informou que os 50 radares instalados ao longo da BR-381, no trecho entre Governador Valadares e Caet\u00e9, j\u00e1 foram conclu\u00eddos e passam pela fase final de homologa\u00e7\u00e3o e [&hellip;]<\/p>\n","protected":false},"author":0,"featured_media":32910,"comment_status":"open","ping_status":"open","sticky":false,"template":"","format":"standard","meta":{"rop_custom_images_group":[],"rop_custom_messages_group":[],"rop_publish_now":"initial","rop_publish_now_accounts":[],"rop_publish_now_history":[],"rop_publish_now_status":"pending","footnotes":""},"categories":[6745],"tags":[],"class_list":["post-32909","post","type-post","status-publish","format-standard","has-post-thumbnail","hentry","category-coluna-sindijori"],"_links":{"self":[{"href":"https:\/\/diariotribuna.com.br\/index.php?rest_route=\/wp\/v2\/posts\/32909"}],"collection":[{"href":"https:\/\/diariotribuna.com.br\/index.php?rest_route=\/wp\/v2\/posts"}],"about":[{"href":"https:\/\/diariotribuna.com.br\/index.php?rest_route=\/wp\/v2\/types\/post"}],"replies":[{"embeddable":true,"href":"https:\/\/diariotribuna.com.br\/index.php?rest_route=%2Fwp%2Fv2%2Fcomments&post=32909"}],"version-history":[{"count":0,"href":"https:\/\/diariotribuna.com.br\/index.php?rest_route=\/wp\/v2\/posts\/32909\/revisions"}],"wp:featuredmedia":[{"embeddable":true,"href":"https:\/\/diariotribuna.com.br\/index.php?rest_route=\/wp\/v2\/media\/32910"}],"wp:attachment":[{"href":"https:\/\/diariotribuna.com.br\/index.php?rest_route=%2Fwp%2Fv2%2Fmedia&parent=32909"}],"wp:term":[{"taxonomy":"category","embeddable":true,"href":"https:\/\/diariotribuna.com.br\/index.php?rest_route=%2Fwp%2Fv2%2Fcategories&post=32909"},{"taxonomy":"post_tag","embeddable":true,"href":"https:\/\/diariotribuna.com.br\/index.php?rest_route=%2Fwp%2Fv2%2Ftags&post=32909"}],"curies":[{"name":"wp","href":"https:\/\/api.w.org\/{rel}","templated":true}]}}