{"id":32911,"date":"2026-03-06T11:54:56","date_gmt":"2026-03-06T14:54:56","guid":{"rendered":"https:\/\/diariotribuna.com.br\/?p=32911"},"modified":"2026-03-06T11:54:56","modified_gmt":"2026-03-06T14:54:56","slug":"supermercados-de-caete-tem-novo-horario-aos-domingos","status":"publish","type":"post","link":"https:\/\/diariotribuna.com.br\/?p=32911","title":{"rendered":"\u00a0 Supermercados de Caet\u00e9 t\u00eam novo hor\u00e1rio aos domingos\u00a0"},"content":{"rendered":"<p><span>Foto: Reprodu\u00e7\u00e3o JO<\/span><\/p>\n<p><strong><span>COLUNA MG<\/span><\/strong><br \/><span>Principais destaques dos jornais e portais integrantes da rede Sindijori MG\u00a0<\/span><br \/><span><a href=\"https:\/\/www.sindijorimg.com.br\/\">www.sindijorimg.com.br<\/a><\/span><\/p>\n<p><span>\u00a0<\/span><br \/><strong><span>Supermercados de Caet\u00e9 t\u00eam novo hor\u00e1rio<\/span><\/strong><br \/><span>Os supermercados de Caet\u00e9 ter\u00e3o altera\u00e7\u00e3o no hor\u00e1rio de funcionamento aos domingos e feriados a partir deste fim de semana. Com a mudan\u00e7a, os estabelecimentos poder\u00e3o abrir apenas at\u00e9 as 14 horas nesses dias. A medida faz parte de novas conven\u00e7\u00f5es coletivas de trabalho firmadas em Minas Gerais, que estabelecem regras espec\u00edficas para o funcionamento do setor. A norma tamb\u00e9m se aplica a supermercados instalados em shoppings e ter\u00e1 car\u00e1ter experimental at\u00e9 31 de outubro deste ano. (Jornal Opini\u00e3o)<\/span><br \/><span><a href=\"https:\/\/www.opiniaocaete.com.br\/supermercados-de-caete-passam-a-fechar-as-14h-aos-domingos-e-feriados\/\">https:\/\/www.opiniaocaete.com.br\/supermercados-de-caete-passam-a-fechar-as-14h-aos-domingos-e-feriados\/<\/a><\/span><\/p>\n<p><strong><span><\/span><\/strong><\/p>\n<p><strong><span>Hospital receber\u00e1 recursos em Ipatinga<\/span><\/strong><br \/><span>O Governo de Minas anunciou, nesta quinta-feira (5), novos investimentos destinados ao fortalecimento da assist\u00eancia hospitalar no munic\u00edpio. O Estado ir\u00e1 destinar cerca de R$ 9 milh\u00f5es para a implanta\u00e7\u00e3o do Hospital Municipal Unidade II. Somente a obra de constru\u00e7\u00e3o da nova unidade tem investimento estimado em aproximadamente R$ 11 milh\u00f5es. O projeto prev\u00ea a constru\u00e7\u00e3o de uma nova estrutura com aproximadamente 2.500 metros quadrados de \u00e1rea constru\u00edda e capacidade para 80 leitos, refor\u00e7ando a rede p\u00fablica hospitalar do munic\u00edpio. (Portal Silmara de Freitas)<\/span><br \/><span><a href=\"https:\/\/www.silmaradefreitas.com.br\/governo-de-minas-anuncia-investimento-de-r-9-milhoes-para-fortalecer-assistencia-hospitalar-em-ipatinga\/\">https:\/\/www.silmaradefreitas.com.br\/governo-de-minas-anuncia-investimento-de-r-9-milhoes-para-fortalecer-assistencia-hospitalar-em-ipatinga\/<\/a><\/span><\/p>\n<p><span><\/span><\/p>\n<p><strong><span>Descarte irregular gera multa<\/span><\/strong><br \/><span>A Prefeitura de Divin\u00f3polis sancionou nesta quinta-feira, 5 de mar\u00e7o de 2026, uma nova lei que aumenta de forma significativa o valor da multa aplicada a pessoas flagradas jogando lixo em vias p\u00fablicas do munic\u00edpio. A medida altera a legisla\u00e7\u00e3o municipal anterior e estabelece puni\u00e7\u00f5es mais rigorosas para quem realizar o descarte irregular de res\u00edduos em ruas, cal\u00e7adas, pra\u00e7as e demais espa\u00e7os p\u00fablicos da cidade. Com a nova regra, o valor da penalidade passa a ser equivalente a 10 Unidades Padr\u00e3o Fiscal do Munic\u00edpio de Divin\u00f3polis (UPFMD), o que atualmente corresponde a R$ 1.110,70. O valor da multa poder\u00e1 ser dobrado caso o infrator volte a cometer a mesma infra\u00e7\u00e3o. (Portal G37)<\/span><br \/><span><a href=\"https:\/\/g37.com.br\/divinopolis\/nova-lei-preve-multa-de-ate-r-11-mil-para-descarte-de-lixo-em-vias-publicas-em-divinopolis\/\">https:\/\/g37.com.br\/divinopolis\/nova-lei-preve-multa-de-ate-r-11-mil-para-descarte-de-lixo-em-vias-publicas-em-divinopolis\/<\/a><\/span><\/p>\n<p><span><\/span><\/p>\n<p><strong><span>Servidor aceita proposta em Po\u00e7os<\/span><\/strong><br \/><span>A proposta de reajuste apresentada pela Prefeitura de Po\u00e7os de Caldas foi aprovada pelos servidores p\u00fablicos municipais em assembleia realizada nesta quinta-feira (5), no Espa\u00e7o Cultural da Urca. A decis\u00e3o confirma a aceita\u00e7\u00e3o do Acordo Coletivo de Trabalho 2026\/2027, ap\u00f3s o processo de negocia\u00e7\u00e3o entre o Sindicato da categoria e a administra\u00e7\u00e3o municipal. O acordo prev\u00ea reajuste salarial de 4,5% para os servidores, sendo 4,26% referentes \u00e0 reposi\u00e7\u00e3o da infla\u00e7\u00e3o e 0,24% de ganho real. Tamb\u00e9m foi aprovado o aumento do vale-alimenta\u00e7\u00e3o, que passa de R$ 780 para R$ 850. (Jornal Mantiqueira)<\/span><br \/><span><a href=\"https:\/\/www.jornalmantiqueira.com.br\/2026\/03\/05\/proposta-da-prefeitura-de-reajuste-e-aceita-pelo-sindicato-dos-servidores\/\">https:\/\/www.jornalmantiqueira.com.br\/2026\/03\/05\/proposta-da-prefeitura-de-reajuste-e-aceita-pelo-sindicato-dos-servidores\/<\/a><\/span><\/p>\n<p><span><\/span><\/p>\n<p><strong><span>IF Sul de Minas abre 526 vagas<\/span><\/strong><br \/><span>O Instituto Federal do Sul de Minas abre inscri\u00e7\u00f5es para 526 vagas remanescentes do Vestibular 2026\/1\u00ba semestre. S\u00e3o cursos superiores e t\u00e9cnicos subsequentes, gratuitos e de ampla concorr\u00eancia, em campis de toda a regi\u00e3o. S\u00e3o 419 vagas em cursos superiores. O candidato pode escolher entre as op\u00e7\u00f5es nos campi Inconfidentes ou Pouso alegre, al\u00e9m de Carmo de Minas, Machado, Muzambinho, Passos, Po\u00e7os de Caldas e Tr\u00eas Cora\u00e7\u00f5es. A inscri\u00e7\u00e3o para os cursos superiores encerra em 10 de mar\u00e7o e para os t\u00e9cnicos subsequentes vai at\u00e9 18 de mar\u00e7o. (Terra do Mandu)<\/span><br \/><span><a href=\"https:\/\/terradomandu.com.br\/index.php\/2026\/03\/05\/ifsuldeminas-abre-mais-de-500-vagas-em-cursos-superiores-e-tecnicos\/\">https:\/\/terradomandu.com.br\/index.php\/2026\/03\/05\/ifsuldeminas-abre-mais-de-500-vagas-em-cursos-superiores-e-tecnicos\/<\/a><\/span><\/p>\n<p><strong><span><\/span><\/strong><\/p>\n<p><strong><span>Formiga ter\u00e1 vacina\u00e7\u00e3o domiciliar<\/span><\/strong><br \/><span>A C\u00e2mara de Formiga aprovou, em reuni\u00e3o realizada na \u00faltima segunda-feira, 2 de mar\u00e7o, o Projeto de Lei 217\/2026, que institui a vacina\u00e7\u00e3o domiciliar para grupos espec\u00edficos com necessidades especiais de sa\u00fade. De acordo com o Legislativo municipal, o objetivo central \u00e9 oferecer um servi\u00e7o de imuniza\u00e7\u00e3o acess\u00edvel e adaptado, garantindo que o processo seja digno e humanizado. A lei contempla pessoas residentes em Formiga diagnosticadas com: Transtorno do Espectro Autista (TEA), Esclerose Lateral Amiotr\u00f3fica (ELA) e Fibromialgia cr\u00f4nica. (O Pergaminho)<\/span><br \/><span><a href=\"https:\/\/www.opergaminho.com.br\/camara-aprova-vacinacao-domiciliar-para-pessoas-com-autismo-esclerose-e-fibromialgia\">https:\/\/www.opergaminho.com.br\/camara-aprova-vacinacao-domiciliar-para-pessoas-com-autismo-esclerose-e-fibromialgia<\/a><\/span><\/p>\n<p><strong><span><\/span><\/strong><\/p>\n<p><strong><span>Programa doa leite no Norte<\/span><\/strong><br \/><span>O Programa Leite para Primeira Inf\u00e2ncia (PLPI) j\u00e1 distribuiu mais de 1,2 milh\u00e3o de litros de leite para fam\u00edlias das regi\u00f5es Norte e Nordeste de Minas Gerais. A iniciativa do Governo de Minas j\u00e1 atende cerca de 20 mil fam\u00edlias, em 98 munic\u00edpios das duas regi\u00f5es e que, nessa ter\u00e7a-feira (3\/3), foi expandida para mais nove munic\u00edpios da Regi\u00e3o metropolitana de Belo Horizonte..O programa se consolidou como uma das mais importantes a\u00e7\u00f5es de seguran\u00e7a alimentar e nutricional do estado, destinado a m\u00e3es solo em situa\u00e7\u00e3o de vulnerabilidade econ\u00f4mica e social, com filhos entre 2 e 6 anos, que recebem 3 litros de leite por crian\u00e7a a cada semana. (Gazeta Norte Mineira)<\/span><br \/><span><a href=\"https:\/\/gazetanm.com.br\/programa-leite-para-primeira-infancia-ultrapassa-12-milhao-de-litros-distribuidos\/\">https:\/\/gazetanm.com.br\/programa-leite-para-primeira-infancia-ultrapassa-12-milhao-de-litros-distribuidos\/<\/a><\/span><\/p>\n<p><span><\/span><\/p>\n<p>\u00a0<\/p>","protected":false},"excerpt":{"rendered":"<p>Foto: Reprodu\u00e7\u00e3o JO COLUNA MGPrincipais destaques dos jornais e portais integrantes da rede Sindijori MG\u00a0www.sindijorimg.com.br \u00a0Supermercados de Caet\u00e9 t\u00eam novo hor\u00e1rioOs supermercados de Caet\u00e9 ter\u00e3o altera\u00e7\u00e3o no hor\u00e1rio de funcionamento aos domingos e feriados a partir deste fim de semana. Com a mudan\u00e7a, os estabelecimentos poder\u00e3o abrir apenas at\u00e9 as 14 horas nesses dias. A [&hellip;]<\/p>\n","protected":false},"author":0,"featured_media":32912,"comment_status":"open","ping_status":"open","sticky":false,"template":"","format":"standard","meta":{"rop_custom_images_group":[],"rop_custom_messages_group":[],"rop_publish_now":"initial","rop_publish_now_accounts":[],"rop_publish_now_history":[],"rop_publish_now_status":"pending","footnotes":""},"categories":[6745],"tags":[],"class_list":["post-32911","post","type-post","status-publish","format-standard","has-post-thumbnail","hentry","category-coluna-sindijori"],"_links":{"self":[{"href":"https:\/\/diariotribuna.com.br\/index.php?rest_route=\/wp\/v2\/posts\/32911"}],"collection":[{"href":"https:\/\/diariotribuna.com.br\/index.php?rest_route=\/wp\/v2\/posts"}],"about":[{"href":"https:\/\/diariotribuna.com.br\/index.php?rest_route=\/wp\/v2\/types\/post"}],"replies":[{"embeddable":true,"href":"https:\/\/diariotribuna.com.br\/index.php?rest_route=%2Fwp%2Fv2%2Fcomments&post=32911"}],"version-history":[{"count":0,"href":"https:\/\/diariotribuna.com.br\/index.php?rest_route=\/wp\/v2\/posts\/32911\/revisions"}],"wp:featuredmedia":[{"embeddable":true,"href":"https:\/\/diariotribuna.com.br\/index.php?rest_route=\/wp\/v2\/media\/32912"}],"wp:attachment":[{"href":"https:\/\/diariotribuna.com.br\/index.php?rest_route=%2Fwp%2Fv2%2Fmedia&parent=32911"}],"wp:term":[{"taxonomy":"category","embeddable":true,"href":"https:\/\/diariotribuna.com.br\/index.php?rest_route=%2Fwp%2Fv2%2Fcategories&post=32911"},{"taxonomy":"post_tag","embeddable":true,"href":"https:\/\/diariotribuna.com.br\/index.php?rest_route=%2Fwp%2Fv2%2Ftags&post=32911"}],"curies":[{"name":"wp","href":"https:\/\/api.w.org\/{rel}","templated":true}]}}